{"id":110117,"date":"2025-09-12T13:23:09","date_gmt":"2025-09-12T13:23:09","guid":{"rendered":"https:\/\/www.europesays.com\/es\/110117\/"},"modified":"2025-09-12T13:23:09","modified_gmt":"2025-09-12T13:23:09","slug":"el-circuito-de-la-vuelta-en-salamanca-visto-desde-la-bici-un-sube-baja-a-toda-velocidad-con-un-favorito-claro","status":"publish","type":"post","link":"https:\/\/www.europesays.com\/es\/110117\/","title":{"rendered":"El circuito de la Vuelta en Salamanca, visto desde la bici: un sube-baja a toda velocidad con un favorito claro"},"content":{"rendered":"<p><a class=\"v-mdl-ath__fig-a\" href=\"https:\/\/www.salamancahoy.es\/autor\/felix-oliva-5455.html\" title=\"F\u00e9lix Oliva\" rel=\"nofollow noopener\" target=\"_blank\"><br \/>\n<img decoding=\"async\" class=\"v-mdl-ath__img\" src=\"https:\/\/www.europesays.com\/es\/wp-content\/uploads\/2025\/07\/autor-5455-foto-2.jpeg\" alt=\"F\u00e9lix Oliva\"\/><br \/>\n<\/a><\/p>\n<p class=\"v-mdl-ath__p v-mdl-ath__p--6\">\nViernes, 12 de septiembre 2025, 11:17<\/p>\n<p class=\"v-p\">Una autopista r\u00e1pida de 8 kil\u00f3metros casi llana. As\u00ed podr\u00edamos definir la ruta por la que el pelot\u00f3n de la Vuelta ciclista a Espa\u00f1a va a atravesar Salamanca y que tendr\u00e1 su continuidad hasta Guijuelo en una etapa que muchos esperan de transici\u00f3n, en todos los sentidos.<\/p>\n<p class=\"v-p\">As\u00ed es como se denominan en el argot ciclista las etapas de las grandes vueltas entre grandes hitos, generalmente llanas y que est\u00e1n llamadas a resolverse al sprint. Pero esa transici\u00f3n se aplica tambi\u00e9n a la tensa situaci\u00f3n que vive la carrera.<\/p>\n<p><a href=\"http:\/\/www.salamancahoy.es\/salamanca\/ciudad\/salamanca-dia-vuelta-ciclista-espana-refuerzo-policial-20250911184736-nt.html#vtm_modulosEngag=mod-rel:salamanca:noticia:1:cmp:1-not\" class=\"v-a-link\" aria-label=\"Imagen\" rel=\"nofollow noopener\" target=\"_blank\"><\/p>\n<p><img decoding=\"async\" loading=\"lazy\" src=\"https:\/\/www.europesays.com\/es\/wp-content\/uploads\/2025\/09\/vuelta-kuID--366x256@SalamancaHoy.jpg\" class=\"v-a-img\" width=\"258\" height=\"180\" alt=\"\" data-voc-vtm-id=\"in-text-traffic\"\/><\/p>\n<p><\/a><\/p>\n<p class=\"v-p\">En lo meramente deportivo, los ciclistas har\u00e1n en el t\u00e9rmino municipal de la capital 8 kil\u00f3metros. Entrar\u00e1n procedentes de Fuentesa\u00faco por esa carretera y entrar\u00e1n a Salamanca <a href=\"https:\/\/www.salamancahoy.es\/salamanca\/ciudad\/recorrido-definitivo-vuelta-salamanca-baches-obra-complican-20250910182433-nt.html\" target=\"_blank\" data-voc-vtm-id=\"in-text-traffic\" title=\"por el campus de Ciudad Jard\u00edn\" data-mrf-link=\"www.salamancahoy.es\" rel=\"nofollow noopener\">por el campus de Ciudad Jard\u00edn<\/a>, tras no poder hacerlo como estaba previsto por el Helm\u00e1ntico; la avenida de Prado Panaderos est\u00e1 muy bacheada y no se ha arreglado.<\/p>\n<p class=\"v-p\">Desde ah\u00ed, el circuito en Salamanca est\u00e1 lleno de giros y rotondas, pero no va a impedir que el pelot\u00f3n transite a alta velocidad. Puede que llegue precedido por una fuga si los equipos con sprinters no logran controlar la carrera, especialmente Lidl Trek para su l\u00edder Pedersen.<\/p>\n<p class=\"v-p\">En cuanto a orograf\u00eda, el trazado por el interior de Salamanca es un tobog\u00e1n con m\u00e1s tramos de bajada que de subida. En la transmisi\u00f3n de TVE lo veremos casi todo el im\u00e1genes de helic\u00f3ptero, pero a pie de calle es un subebaja.<\/p>\n<p class=\"v-p\">La redacci\u00f3n de Salamancahoy ha querido hacerlo en bicicleta para mostrar c\u00f3mo es visto desde las calles que todos conocemos. Lo hemos hecho sin corte de tr\u00e1fico, respetando los sem\u00e1foros y sin poder ir en direcci\u00f3n contraria por Torres Villarroel. A nuestro ritmo, la bajada por Mirat es vertiginosa y lleva al peque\u00f1o repecho de Canalejas.<\/p>\n<p class=\"v-p\">Para los profesionales no tiene ninguna dificultad, pero all\u00ed est\u00e1 en sprint especial donde hay un favorito claro: Mads Pedersen. El l\u00edder de la clasificaci\u00f3n por puntos es el hombre al que todos miran hoy, tanto si hay una fuga, en la que podr\u00eda meterse y llegar por delante a Salamanca, o si llega el pelot\u00f3n compacto a Canalejas, donde disputar\u00eda el sprint; tambi\u00e9n es el favorito para un final masivo en Guijuelo.<\/p>\n<p class=\"v-p\">Tras pasar Canalejas, el pelot\u00f3n coger\u00e1 velocidad de nuevo entre la glorieta de Brujas y el puente Enrique Estevan, antes de buscar la salida que evite las obras del Zurgu\u00e9n, el \u00faltimo obst\u00e1culo antes de enfilar hacia Guijuelo en un terreno llano, pero plagados de repechos.<\/p>\n<p>Vigilancia por las protestas<\/p>\n<p class=\"v-p\">En cuanto a posibles altercados, el paso por Salamanca se espera tranquilo en este sentido. Hay convocadas algunas protestas, en principio pac\u00edficas, en el trayecto de salida de la capital. El dispositivo de seguridad formado por <a href=\"https:\/\/www.salamancahoy.es\/salamanca\/ciudad\/impresionante-operativo-paso-vuelta-salamanca-blindara-carrera-20250909143530-nt.html\" target=\"_blank\" data-voc-vtm-id=\"in-text-traffic\" title=\"m\u00e1s de 200 agentes\" data-mrf-link=\"www.salamancahoy.es\" rel=\"nofollow noopener\">m\u00e1s de 200 agentes<\/a> garantiza un paso pl\u00e1cido, con el que las autoridades cuentan tras no haber detectado convoctorias ni movimientos violentos.<\/p>\n<p class=\"v-p\">Nada que ver, aparentemente, con la tensi\u00f3n sostenida en la contrarreloj de Valladolid, que se resolvi\u00f3 en unas pocas detenciones, ni con lo que se espera para las etapas finales entre Segovia y Madrid.<\/p>\n<p>Comenta<\/p>\n<p>Reporta un error<\/p>\n","protected":false},"excerpt":{"rendered":"Viernes, 12 de septiembre 2025, 11:17 Una autopista r\u00e1pida de 8 kil\u00f3metros casi llana. As\u00ed podr\u00edamos definir la&hellip;\n","protected":false},"author":2,"featured_media":110118,"comment_status":"","ping_status":"","sticky":false,"template":"","format":"standard","meta":{"footnotes":""},"categories":[273],"tags":[2237,313,3201,7807,312,168,25,24,16900,3614,23,167,37700,7133,8922,1357],"class_list":{"0":"post-110117","1":"post","2":"type-post","3":"status-publish","4":"format-standard","5":"has-post-thumbnail","7":"category-ciclismo","8":"tag-bici","9":"tag-ciclismo","10":"tag-circuito","11":"tag-claro","12":"tag-cycling","13":"tag-deportes","14":"tag-es","15":"tag-espana","16":"tag-favorito","17":"tag-salamanca","18":"tag-spain","19":"tag-sports","20":"tag-subebaja","21":"tag-velocidad","22":"tag-visto","23":"tag-vuelta"},"share_on_mastodon":{"url":"","error":""},"_links":{"self":[{"href":"https:\/\/www.europesays.com\/es\/wp-json\/wp\/v2\/posts\/110117","targetHints":{"allow":["GET"]}}],"collection":[{"href":"https:\/\/www.europesays.com\/es\/wp-json\/wp\/v2\/posts"}],"about":[{"href":"https:\/\/www.europesays.com\/es\/wp-json\/wp\/v2\/types\/post"}],"author":[{"embeddable":true,"href":"https:\/\/www.europesays.com\/es\/wp-json\/wp\/v2\/users\/2"}],"replies":[{"embeddable":true,"href":"https:\/\/www.europesays.com\/es\/wp-json\/wp\/v2\/comments?post=110117"}],"version-history":[{"count":0,"href":"https:\/\/www.europesays.com\/es\/wp-json\/wp\/v2\/posts\/110117\/revisions"}],"wp:featuredmedia":[{"embeddable":true,"href":"https:\/\/www.europesays.com\/es\/wp-json\/wp\/v2\/media\/110118"}],"wp:attachment":[{"href":"https:\/\/www.europesays.com\/es\/wp-json\/wp\/v2\/media?parent=110117"}],"wp:term":[{"taxonomy":"category","embeddable":true,"href":"https:\/\/www.europesays.com\/es\/wp-json\/wp\/v2\/categories?post=110117"},{"taxonomy":"post_tag","embeddable":true,"href":"https:\/\/www.europesays.com\/es\/wp-json\/wp\/v2\/tags?post=110117"}],"curies":[{"name":"wp","href":"https:\/\/api.w.org\/{rel}","templated":true}]}}