{"id":110157,"date":"2025-09-12T13:46:26","date_gmt":"2025-09-12T13:46:26","guid":{"rendered":"https:\/\/www.europesays.com\/es\/110157\/"},"modified":"2025-09-12T13:46:26","modified_gmt":"2025-09-12T13:46:26","slug":"vingegaard-apunta-a-la-bola-del-mundo-antes-de-la-trampa-de-hoy-espera-un-final-durisimo","status":"publish","type":"post","link":"https:\/\/www.europesays.com\/es\/110157\/","title":{"rendered":"Vingegaard apunta a la Bola del Mundo antes de la &#8216;trampa&#8217; de hoy: \u00abEspera un final dur\u00edsimo\u00bb"},"content":{"rendered":"<p data-mrf-recirculation=\"Links P\u00e1rrafos\" class=\"ue-c-article__paragraph paragraph ue-c-article--first-letter-highlighted\">La Vuelta a Espa\u00f1a entra en sus dos \u00faltimos compases decisivos. <strong>Jonas Vingegaard,<\/strong> s\u00f3lido l\u00edder con el maillot rojo, sabe que el gran examen a\u00fan est\u00e1 por llegar. Tras ceder diez segundos frente a Joao Almeida en la contrarreloj de Valladolid, el dan\u00e9s no duda en se\u00f1alar el verdadero juez de la carrera: la Bola del Mundo. <strong>\u201cTodo se decidir\u00e1 all\u00ed. Estoy contento con la posici\u00f3n en la que llego, sigo l\u00edder y mi objetivo es defenderlo hasta Madrid\u201d, <\/strong>explic\u00f3 el doble campe\u00f3n del Tour, consciente de que la \u00faltima gran cima de la ronda espa\u00f1ola pondr\u00e1 a prueba no solo sus piernas, sino tambi\u00e9n su capacidad para resistir los ataques de rivales que apuran sus opciones.<\/p>\n<p data-mrf-recirculation=\"Links P\u00e1rrafos\" class=\"ue-c-article__paragraph paragraph\">El corredor del Visma Lease a Bike reconoci\u00f3 que le \u201cencantar\u00eda ganar en la Bola\u201d, aunque prioriza salvaguardar el maillot rojo. \u201cSer\u00e1 un final dur\u00edsimo y s\u00e9 que los dem\u00e1s lo intentar\u00e1n con todo\u201d, a\u00f1adi\u00f3 tras una crono que hab\u00eda preparado con mimo, hasta el punto de recorrer el trazado en tres ocasiones antes de la salida. Pese a admitir que en la \u00faltima semana no ha tenido las mejores sensaciones, conf\u00eda en responder con la autoridad que lo ha convertido en uno de los grandes dominadores del ciclismo actual.<\/p>\n<p data-mrf-recirculation=\"Links P\u00e1rrafos\" class=\"ue-c-article__paragraph paragraph\">Mientras la atenci\u00f3n apunta al coloso madrile\u00f1o, la Vuelta ofrece este viernes un respiro a los favoritos y un escenario ideal para los velocistas en Guijuelo, localidad conocida por su jam\u00f3n que acoger\u00e1 el pen\u00faltimo final al sprint. Los 161,9 kil\u00f3metros entre Rueda y la localidad salmantina discurren entre vi\u00f1edos y dehesas, con un perfil casi plano y apenas alg\u00fan repecho, incluido el de meta: cuatro kil\u00f3metros en ligera ascensi\u00f3n que exigir\u00e1n potencia y fondo a los hombres r\u00e1pidos.<\/p>\n<p data-mrf-recirculation=\"Links P\u00e1rrafos\" class=\"ue-c-article__paragraph paragraph\">Con nombres como <strong>Jasper Philipsen y Mads Pedersen <\/strong>a\u00fan en carrera, todo apunta a una llegada masiva. El belga, que ya se impuso en Novara y Zaragoza, ha aguantado hasta esta 19\u00aa etapa con el objetivo de volver a levantar los brazos antes del cierre en Madrid. El dan\u00e9s, por su parte, acaricia el maillot verde tras su regularidad en los sprints intermedios, aunque sin mostrar la misma contundencia en las volatas puras. Ambos saben que el terreno de Guijuelo ofrece una de las \u00faltimas oportunidades para agrandar su bot\u00edn.<\/p>\n<p data-mrf-recirculation=\"Links P\u00e1rrafos\" class=\"ue-c-article__paragraph paragraph\">No faltar\u00e1n alternativas. Movistar conf\u00eda en el venezolano Orluis Aular, siempre pegado a la rueda de Pedersen y con la ambici\u00f3n de estrenar el casillero del equipo en esta Vuelta. Tambi\u00e9n asoman candidatos como Ben Turner, ganador en Voiron, o Ethan Vernon, que roz\u00f3 el triunfo en varias llegadas.<\/p>\n<p data-mrf-recirculation=\"Links P\u00e1rrafos\" class=\"ue-c-article__paragraph paragraph\">Fernando Escart\u00edn, director t\u00e9cnico de la carrera, advierte de la doble lectura de la jornada: <strong>\u201cSer\u00e1 una etapa llana y dise\u00f1ada para los sprinters, pero si una fuga numerosa cobra ventaja puede complicarle la vida al pelot\u00f3n\u201d. <\/strong>La inc\u00f3gnita habitual de este tipo de etapas se mantiene: \u00bfllegar\u00e1 el convoy de fugados o impondr\u00e1n su ley los velocistas?<\/p>\n<p data-mrf-recirculation=\"Links P\u00e1rrafos\" class=\"ue-c-article__paragraph paragraph\">Lo que s\u00ed parece claro es que Guijuelo ser\u00e1 un par\u00e9ntesis de velocidad antes de la tormenta final. El s\u00e1bado, la Bola del Mundo dictar\u00e1 sentencia y decidir\u00e1 si Vingegaard a\u00f1ade a su palmar\u00e9s la Vuelta que tanto ans\u00eda o si Almeida \u2013u otro aspirante\u2013 logra cambiar la historia en el \u00faltimo golpe de monta\u00f1a.<\/p>\n","protected":false},"excerpt":{"rendered":"La Vuelta a Espa\u00f1a entra en sus dos \u00faltimos compases decisivos. Jonas Vingegaard, s\u00f3lido l\u00edder con el maillot&hellip;\n","protected":false},"author":2,"featured_media":110158,"comment_status":"","ping_status":"","sticky":false,"template":"","format":"standard","meta":{"footnotes":""},"categories":[273],"tags":[313,312,168,25,24,23,167],"class_list":{"0":"post-110157","1":"post","2":"type-post","3":"status-publish","4":"format-standard","5":"has-post-thumbnail","7":"category-ciclismo","8":"tag-ciclismo","9":"tag-cycling","10":"tag-deportes","11":"tag-es","12":"tag-espana","13":"tag-spain","14":"tag-sports"},"share_on_mastodon":{"url":"","error":""},"_links":{"self":[{"href":"https:\/\/www.europesays.com\/es\/wp-json\/wp\/v2\/posts\/110157","targetHints":{"allow":["GET"]}}],"collection":[{"href":"https:\/\/www.europesays.com\/es\/wp-json\/wp\/v2\/posts"}],"about":[{"href":"https:\/\/www.europesays.com\/es\/wp-json\/wp\/v2\/types\/post"}],"author":[{"embeddable":true,"href":"https:\/\/www.europesays.com\/es\/wp-json\/wp\/v2\/users\/2"}],"replies":[{"embeddable":true,"href":"https:\/\/www.europesays.com\/es\/wp-json\/wp\/v2\/comments?post=110157"}],"version-history":[{"count":0,"href":"https:\/\/www.europesays.com\/es\/wp-json\/wp\/v2\/posts\/110157\/revisions"}],"wp:featuredmedia":[{"embeddable":true,"href":"https:\/\/www.europesays.com\/es\/wp-json\/wp\/v2\/media\/110158"}],"wp:attachment":[{"href":"https:\/\/www.europesays.com\/es\/wp-json\/wp\/v2\/media?parent=110157"}],"wp:term":[{"taxonomy":"category","embeddable":true,"href":"https:\/\/www.europesays.com\/es\/wp-json\/wp\/v2\/categories?post=110157"},{"taxonomy":"post_tag","embeddable":true,"href":"https:\/\/www.europesays.com\/es\/wp-json\/wp\/v2\/tags?post=110157"}],"curies":[{"name":"wp","href":"https:\/\/api.w.org\/{rel}","templated":true}]}}