{"id":110199,"date":"2025-09-12T14:12:12","date_gmt":"2025-09-12T14:12:12","guid":{"rendered":"https:\/\/www.europesays.com\/es\/110199\/"},"modified":"2025-09-12T14:12:12","modified_gmt":"2025-09-12T14:12:12","slug":"chapela-inigo-cordoba-y-exposito-ausencias-del-burgos-cf-para-gijon","status":"publish","type":"post","link":"https:\/\/www.europesays.com\/es\/110199\/","title":{"rendered":"Chapela, \u00cd\u00f1igo C\u00f3rdoba y Exp\u00f3sito, ausencias del Burgos CF para Gij\u00f3n"},"content":{"rendered":"<p>Tres son las bajas confirmadas que tiene el Burgos CF de cara al choque del domingo contra el Sporting de Gij\u00f3n. A las ausencias de \u00cd\u00f1igo C\u00f3rdoba, que ya se perdi\u00f3 el encuentro ante Las Palmas, y de Marcelo Exp\u00f3sito, que se lesion\u00f3 el lunes, se ha unido la de Iv\u00e1n Chapela, que sufri\u00f3 un problema muscular en el recto anterior de su pierna derecha. Tampoco estar\u00e1 Arroyo, que ya ha firmado por el Rubin Kaz\u00e1n.<\/p>\n<p>Has sido una informaci\u00f3n que ha confirmado Luis Miguel Ramis antes de comenzar el entrenamiento de esta ma\u00f1ana. El entrenador blanquinegro est\u00e1 centrado en el choque del domingo ante el Sporting, \u00abun equipo compacto, con poca distancia entre l\u00edneas y que se desprotege poco\u00bb, ha comentado. Como en todos los encuentros, el t\u00e9cnico burgalesista ha se\u00f1alado que jugar\u00e1n en \u00abun escenario y un rival que nos va a apretar mucho y tenemos que dar respuesta\u00bb, ha respondido.<\/p>\n","protected":false},"excerpt":{"rendered":"Tres son las bajas confirmadas que tiene el Burgos CF de cara al choque del domingo contra el&hellip;\n","protected":false},"author":2,"featured_media":110200,"comment_status":"","ping_status":"","sticky":false,"template":"","format":"standard","meta":{"footnotes":""},"categories":[268],"tags":[10221,168,25,24,280,282,10223,6238,16524,281,23,4783,167],"class_list":{"0":"post-110199","1":"post","2":"type-post","3":"status-publish","4":"format-standard","5":"has-post-thumbnail","7":"category-futbol","8":"tag-burgos-cf","9":"tag-deportes","10":"tag-es","11":"tag-espana","12":"tag-football","13":"tag-futbol","14":"tag-inigo-cordoba","15":"tag-las-palmas","16":"tag-luis-miguel-ramis","17":"tag-soccer","18":"tag-spain","19":"tag-sporting-de-gijon","20":"tag-sports"},"share_on_mastodon":{"url":"","error":""},"_links":{"self":[{"href":"https:\/\/www.europesays.com\/es\/wp-json\/wp\/v2\/posts\/110199","targetHints":{"allow":["GET"]}}],"collection":[{"href":"https:\/\/www.europesays.com\/es\/wp-json\/wp\/v2\/posts"}],"about":[{"href":"https:\/\/www.europesays.com\/es\/wp-json\/wp\/v2\/types\/post"}],"author":[{"embeddable":true,"href":"https:\/\/www.europesays.com\/es\/wp-json\/wp\/v2\/users\/2"}],"replies":[{"embeddable":true,"href":"https:\/\/www.europesays.com\/es\/wp-json\/wp\/v2\/comments?post=110199"}],"version-history":[{"count":0,"href":"https:\/\/www.europesays.com\/es\/wp-json\/wp\/v2\/posts\/110199\/revisions"}],"wp:featuredmedia":[{"embeddable":true,"href":"https:\/\/www.europesays.com\/es\/wp-json\/wp\/v2\/media\/110200"}],"wp:attachment":[{"href":"https:\/\/www.europesays.com\/es\/wp-json\/wp\/v2\/media?parent=110199"}],"wp:term":[{"taxonomy":"category","embeddable":true,"href":"https:\/\/www.europesays.com\/es\/wp-json\/wp\/v2\/categories?post=110199"},{"taxonomy":"post_tag","embeddable":true,"href":"https:\/\/www.europesays.com\/es\/wp-json\/wp\/v2\/tags?post=110199"}],"curies":[{"name":"wp","href":"https:\/\/api.w.org\/{rel}","templated":true}]}}