{"id":110230,"date":"2025-09-12T14:28:11","date_gmt":"2025-09-12T14:28:11","guid":{"rendered":"https:\/\/www.europesays.com\/es\/110230\/"},"modified":"2025-09-12T14:28:11","modified_gmt":"2025-09-12T14:28:11","slug":"consulte-los-festejos-que-podra-ver-en-directo-por-television-este-fin-de-semana","status":"publish","type":"post","link":"https:\/\/www.europesays.com\/es\/110230\/","title":{"rendered":"Consulte los festejos que podr\u00e1 ver en directo por televisi\u00f3n este fin de semana"},"content":{"rendered":"<p>Este fin de semana, cuando se acerca el ecuador del mes de septiembre, se podr\u00e1n ver hasta tres festejos por televisi\u00f3n en directo. Desde <strong>Ubrique, Canal Sur<\/strong> retransmite el s\u00e1bado una corrida de <strong>Adolfo Mart\u00edn<\/strong>;<strong> Castilla La Mancha<\/strong> <strong>Media<\/strong> estar\u00e1 en <strong>Sonseca<\/strong> para dar una novillada picada y el domingo desde <strong>Albacete<\/strong> tambi\u00e9n ofrecer\u00e1 la corrida de rejones de la <strong>Feria de la Virgen de los Llanos<\/strong>, emisi\u00f3n en la que tambi\u00e9n estar\u00e1n presentes las c\u00e1maras de <strong>\u00c0 Punt<\/strong>. Estos son los festejos que se podr\u00e1n ver:<\/p>\n<p><strong>-S\u00e1bado 13 de septiembre de 2025. Ubrique (C\u00e1diz). CANAL SUR TV.<\/strong> (18:30 horas). Toros de Adolfo Mart\u00edn para V\u00edctor Janeiro, Octavio Chac\u00f3n y P\u00e9rez Mota. <strong><a href=\"https:\/\/www.canalsur.es\/tv_directo-1193.html\" target=\"_blank\" rel=\"noopener nofollow\">(Vea aqu\u00ed en directo el festejo).<\/a><\/strong><\/p>\n<p><strong>-S\u00e1bado 13 de septiembre de 2025. Sonseca (Guadalajara) CASTILLA LA MANCHA MEDIA<\/strong> (18:00 horas). Novillos Antonio L\u00f3pez Gibaja y Piedra Escrita para F\u00e9lix San Rom\u00e1n, V\u00edctor Barroso y Daniel Garc\u00eda. <strong><a href=\"https:\/\/www.cmmedia.es\/play\/en-directo\/tv\" target=\"_blank\" rel=\"noopener nofollow\">(Vea aqu\u00ed en directo el festejo).<\/a> <\/strong><\/p>\n<p><strong>-Domingo 14 de septiembre de 2025. Albacete. CASTILLA LA MANCHA MEDIA <\/strong>y<strong>\u00a0\u00c0 PUNT<\/strong>\u00a0(18:00 horas). Toros de Los Espartales para los rejoneadores Andy Cartagena, Diego Ventura y Lea Vicens. <strong><a href=\"https:\/\/www.cmmedia.es\/play\/en-directo\/tv\" target=\"_blank\" rel=\"noopener nofollow\">(Vea aqu\u00ed en directo el festejo).<\/a><\/strong><\/p>\n","protected":false},"excerpt":{"rendered":"Este fin de semana, cuando se acerca el ecuador del mes de septiembre, se podr\u00e1n ver hasta tres&hellip;\n","protected":false},"author":2,"featured_media":29645,"comment_status":"","ping_status":"","sticky":false,"template":"","format":"standard","meta":{"footnotes":""},"categories":[277],"tags":[45,4071,373,168,25,24,3869,23,167,807,374,913],"class_list":{"0":"post-110230","1":"post","2":"type-post","3":"status-publish","4":"format-standard","5":"has-post-thumbnail","7":"category-toreo","8":"tag-45","9":"tag-agenda","10":"tag-bullfighting","11":"tag-deportes","12":"tag-es","13":"tag-espana","14":"tag-festejos","15":"tag-spain","16":"tag-sports","17":"tag-television","18":"tag-toreo","19":"tag-toro"},"share_on_mastodon":{"url":"","error":""},"_links":{"self":[{"href":"https:\/\/www.europesays.com\/es\/wp-json\/wp\/v2\/posts\/110230","targetHints":{"allow":["GET"]}}],"collection":[{"href":"https:\/\/www.europesays.com\/es\/wp-json\/wp\/v2\/posts"}],"about":[{"href":"https:\/\/www.europesays.com\/es\/wp-json\/wp\/v2\/types\/post"}],"author":[{"embeddable":true,"href":"https:\/\/www.europesays.com\/es\/wp-json\/wp\/v2\/users\/2"}],"replies":[{"embeddable":true,"href":"https:\/\/www.europesays.com\/es\/wp-json\/wp\/v2\/comments?post=110230"}],"version-history":[{"count":0,"href":"https:\/\/www.europesays.com\/es\/wp-json\/wp\/v2\/posts\/110230\/revisions"}],"wp:featuredmedia":[{"embeddable":true,"href":"https:\/\/www.europesays.com\/es\/wp-json\/wp\/v2\/media\/29645"}],"wp:attachment":[{"href":"https:\/\/www.europesays.com\/es\/wp-json\/wp\/v2\/media?parent=110230"}],"wp:term":[{"taxonomy":"category","embeddable":true,"href":"https:\/\/www.europesays.com\/es\/wp-json\/wp\/v2\/categories?post=110230"},{"taxonomy":"post_tag","embeddable":true,"href":"https:\/\/www.europesays.com\/es\/wp-json\/wp\/v2\/tags?post=110230"}],"curies":[{"name":"wp","href":"https:\/\/api.w.org\/{rel}","templated":true}]}}