{"id":110242,"date":"2025-09-12T14:38:13","date_gmt":"2025-09-12T14:38:13","guid":{"rendered":"https:\/\/www.europesays.com\/es\/110242\/"},"modified":"2025-09-12T14:38:13","modified_gmt":"2025-09-12T14:38:13","slug":"el-audiolibro-cada-vez-mas-popular","status":"publish","type":"post","link":"https:\/\/www.europesays.com\/es\/110242\/","title":{"rendered":"El audiolibro, cada vez m\u00e1s popular"},"content":{"rendered":"<p>Si antes la lectura de un libro estaba asociada a la paz y tranquilidad de un rinc\u00f3n donde poder, en silencio, entregarse al placer de sumergirse en una historia, hoy d\u00eda han comenzado a cambiar los h\u00e1bitos y es ya frecuente que alguien escuche una buena novela de Amor Towles, Maggie O\u2019Farrell o Tolst\u00f3i, o cualquier best-seller de moda, mientras pasea por la playa, en el gimnasio, cocinando, dando una vuelta por el parque m\u00e1s cercano o, ya en la cama, antes de dormir.<br \/>\nEn los \u00faltimos a\u00f1os se han multiplicado las plataformas especializadas con todo tipo de servicios y prestaciones dedicadas al audiolibro: Storytel, Audible, Ivoox, Spotify, Literatura Sonora, Sonolibro, Podimo, Audioteka, Librivox, Nextory, Audiobooks, Everand, o la del Insti\u2026<\/p>\n","protected":false},"excerpt":{"rendered":"Si antes la lectura de un libro estaba asociada a la paz y tranquilidad de un rinc\u00f3n donde&hellip;\n","protected":false},"author":2,"featured_media":110243,"comment_status":"","ping_status":"","sticky":false,"template":"","format":"standard","meta":{"footnotes":""},"categories":[172],"tags":[224,146,147,25,24,225,23,17186],"class_list":{"0":"post-110242","1":"post","2":"type-post","3":"status-publish","4":"format-standard","5":"has-post-thumbnail","7":"category-libros","8":"tag-books","9":"tag-entertainment","10":"tag-entretenimiento","11":"tag-es","12":"tag-espana","13":"tag-libros","14":"tag-spain","15":"tag-suscriptores"},"share_on_mastodon":{"url":"","error":""},"_links":{"self":[{"href":"https:\/\/www.europesays.com\/es\/wp-json\/wp\/v2\/posts\/110242","targetHints":{"allow":["GET"]}}],"collection":[{"href":"https:\/\/www.europesays.com\/es\/wp-json\/wp\/v2\/posts"}],"about":[{"href":"https:\/\/www.europesays.com\/es\/wp-json\/wp\/v2\/types\/post"}],"author":[{"embeddable":true,"href":"https:\/\/www.europesays.com\/es\/wp-json\/wp\/v2\/users\/2"}],"replies":[{"embeddable":true,"href":"https:\/\/www.europesays.com\/es\/wp-json\/wp\/v2\/comments?post=110242"}],"version-history":[{"count":0,"href":"https:\/\/www.europesays.com\/es\/wp-json\/wp\/v2\/posts\/110242\/revisions"}],"wp:featuredmedia":[{"embeddable":true,"href":"https:\/\/www.europesays.com\/es\/wp-json\/wp\/v2\/media\/110243"}],"wp:attachment":[{"href":"https:\/\/www.europesays.com\/es\/wp-json\/wp\/v2\/media?parent=110242"}],"wp:term":[{"taxonomy":"category","embeddable":true,"href":"https:\/\/www.europesays.com\/es\/wp-json\/wp\/v2\/categories?post=110242"},{"taxonomy":"post_tag","embeddable":true,"href":"https:\/\/www.europesays.com\/es\/wp-json\/wp\/v2\/tags?post=110242"}],"curies":[{"name":"wp","href":"https:\/\/api.w.org\/{rel}","templated":true}]}}