{"id":110275,"date":"2025-09-12T15:00:34","date_gmt":"2025-09-12T15:00:34","guid":{"rendered":"https:\/\/www.europesays.com\/es\/110275\/"},"modified":"2025-09-12T15:00:34","modified_gmt":"2025-09-12T15:00:34","slug":"veinte-dias-con-pastores-trashumantes-la-experiencia-de-un-fotografo-de-burgos-se-convierte-en-exposicion","status":"publish","type":"post","link":"https:\/\/www.europesays.com\/es\/110275\/","title":{"rendered":"Veinte d\u00edas con pastores trashumantes, la experiencia de un fot\u00f3grafo de Burgos se convierte en exposici\u00f3n"},"content":{"rendered":"<p><img fetchpriority=\"high\" class=\"v-a-img\" src=\"https:\/\/www.europesays.com\/es\/wp-content\/uploads\/2025\/09\/contreras-explica-foto-kJv-REdYRWFmFXiZ3ocNA2FlkWI-1200x840@Burgosconecta.jpeg\" loading=\"eager\" decoding=\"async\" alt=\"Contreras explica su experiencia en la Universidad de Burgos\"  width=\"1200\" height=\"840\"\/><\/p>\n<p>Contreras explica su experiencia en la Universidad de Burgos          JCS        <\/p>\n<p>Jorge Contreras acaba de inaugurar la exposici\u00f3n sobre su fotolibro &#8216;Los Guardianes del Puerto de Pandetrave&#8217; en el Espacio Expositivo C\u00f3digo UBU, de la Biblioteca Federico Sanz<\/p>\n<p><a class=\"v-mdl-ath__fig-a\" href=\"https:\/\/www.burgosconecta.es\/autor\/julio-cesar-rico-5332.html\" title=\"Julio C\u00e9sar Rico\" rel=\"nofollow noopener\" target=\"_blank\"><br \/>\n<img decoding=\"async\" class=\"v-mdl-ath__img\" src=\"https:\/\/www.europesays.com\/es\/wp-content\/uploads\/2025\/08\/autor-5332-foto-4.jpeg\" alt=\"Julio C\u00e9sar Rico\"\/><br \/>\n<\/a><\/p>\n<p class=\"v-mdl-ath__p v-mdl-ath__p--6\">\nJueves, 11 de septiembre 2025, 07:40<\/p>\n<p class=\"v-p\">El fot\u00f3grafo burgal\u00e9s Jorge Contreras ha trasladado a la Universidad de <a href=\"https:\/\/www.burgosconecta.es\/\" title=\"www.burgosconecta.es\" data-voc-vtm-id=\"in-text-traffic\" data-mrf-link=\"www.burgosconecta.es\" rel=\"nofollow noopener\" target=\"_blank\">Burgos<\/a> su experiencia como fot\u00f3grafo en la monta\u00f1a, leonesa, en el puerto de Puerto de Pandetrave. Es la derivaci\u00f3n a las paredes del Expositivo C\u00f3digo UBU, de la Biblioteca Federico Sanz, de su fotolibro &#8216;Los Guardianes del Puerto de Pandetrave&#8217;. Lo que se va a poder contemplar en esta muestra es una cr\u00f3nica visual del esfuerzo de estas mujeres y hombres dedicados al noble oficio de la ganader\u00eda.<\/p>\n<p class=\"v-p\">En 2024, Jorge public\u00f3 <a href=\"https:\/\/www.burgosconecta.es\/castillayleon\/jorge-contreras-guardianes-puerto-pandetrave-quiere-dignificar-20241027132828-nt.html\" target=\"_self\" data-voc-vtm-id=\"in-text-traffic\" title=\"el fotolibro \u00abLos Guardianes del Puerto de Pandetrave\u00bb,\" data-mrf-link=\"www.burgosconecta.es\" rel=\"nofollow noopener\">el fotolibro \u00abLos Guardianes del Puerto de Pandetrave\u00bb,<\/a> que recoge una convivencia de 20 d\u00edas con pastores trashumantes en la monta\u00f1a leonesa. Un homenaje al oficio y <a href=\"https:\/\/www.burgosconecta.es\/burgos\/fotografo-burgos-retrato-trashumancia-presenta-libro-20250206121006-nt.html\" target=\"_self\" data-voc-vtm-id=\"in-text-traffic\" title=\"una defensa de su papel esencial en los ecosistemas y en la historia de nuestros pueblos.\" data-mrf-link=\"www.burgosconecta.es\" rel=\"nofollow noopener\">una defensa de su papel esencial en los ecosistemas y en la historia de nuestros pueblos.<\/a><\/p>\n<p>El d\u00eda a d\u00eda de los reba\u00f1os<\/p>\n<p class=\"v-p\">Contreras explica con sus im\u00e1genes el d\u00eda a d\u00eda de quienes hoy todav\u00eda siguen subiendo con sus reba\u00f1os a los puertos leoneses, en este caso, desde Extremadura. Es la trashumancia, un oficio milenario que resiste el olvido y sostiene los ecosistemas.<\/p>\n<p class=\"v-p\">Muestra en este recorrido fotogr\u00e1fico, \u00abuna jornada completa en el puerto, desde el Alba fr\u00eda, el movimiento del ganado, el calor implacable del mediod\u00eda, el descanso breve, la mirada atenta y el silencio del atardecer\u00bb, como \u00e9l mismo define. El autor asegura que estas im\u00e1genes \u00abson presente, en medio del abandono institucional y del desprecio, de una modernidad que todo lo arrasa\u00bb. <\/p>\n<p class=\"v-p\">En la actualidad, colabora como fot\u00f3grafo, vide\u00f3grafo y redactor en &#8216;Burgos Dijital&#8217; y tambi\u00e9n participa como colaborador en Radio Valdivielso, donde sigue profundizando en el mundo rural como espacio pol\u00edtico, cultural y vital. La exposici\u00f3n permanece abierta hasta el 10 de octubre.<\/p>\n<p>Comenta<\/p>\n<p>Reporta un error<\/p>\n","protected":false},"excerpt":{"rendered":"Contreras explica su experiencia en la Universidad de Burgos JCS Jorge Contreras acaba de inaugurar la exposici\u00f3n sobre&hellip;\n","protected":false},"author":2,"featured_media":110276,"comment_status":"","ping_status":"","sticky":false,"template":"","format":"standard","meta":{"footnotes":""},"categories":[173],"tags":[229,233,231,230,623,13651,232,234,146,147,25,24,8009,6638,2224,23,37730,13200,2845],"class_list":{"0":"post-110275","1":"post","2":"type-post","3":"status-publish","4":"format-standard","5":"has-post-thumbnail","7":"category-arte-y-diseno","8":"tag-arte","9":"tag-arte-y-diseno","10":"tag-arts","11":"tag-arts-and-design","12":"tag-burgos","13":"tag-contreras","14":"tag-design","15":"tag-diseno","16":"tag-entertainment","17":"tag-entretenimiento","18":"tag-es","19":"tag-espana","20":"tag-experiencia","21":"tag-fotografo","22":"tag-jorge","23":"tag-spain","24":"tag-trashumante","25":"tag-traslada","26":"tag-universidad"},"share_on_mastodon":{"url":"","error":""},"_links":{"self":[{"href":"https:\/\/www.europesays.com\/es\/wp-json\/wp\/v2\/posts\/110275","targetHints":{"allow":["GET"]}}],"collection":[{"href":"https:\/\/www.europesays.com\/es\/wp-json\/wp\/v2\/posts"}],"about":[{"href":"https:\/\/www.europesays.com\/es\/wp-json\/wp\/v2\/types\/post"}],"author":[{"embeddable":true,"href":"https:\/\/www.europesays.com\/es\/wp-json\/wp\/v2\/users\/2"}],"replies":[{"embeddable":true,"href":"https:\/\/www.europesays.com\/es\/wp-json\/wp\/v2\/comments?post=110275"}],"version-history":[{"count":0,"href":"https:\/\/www.europesays.com\/es\/wp-json\/wp\/v2\/posts\/110275\/revisions"}],"wp:featuredmedia":[{"embeddable":true,"href":"https:\/\/www.europesays.com\/es\/wp-json\/wp\/v2\/media\/110276"}],"wp:attachment":[{"href":"https:\/\/www.europesays.com\/es\/wp-json\/wp\/v2\/media?parent=110275"}],"wp:term":[{"taxonomy":"category","embeddable":true,"href":"https:\/\/www.europesays.com\/es\/wp-json\/wp\/v2\/categories?post=110275"},{"taxonomy":"post_tag","embeddable":true,"href":"https:\/\/www.europesays.com\/es\/wp-json\/wp\/v2\/tags?post=110275"}],"curies":[{"name":"wp","href":"https:\/\/api.w.org\/{rel}","templated":true}]}}