{"id":110318,"date":"2025-09-12T15:24:08","date_gmt":"2025-09-12T15:24:08","guid":{"rendered":"https:\/\/www.europesays.com\/es\/110318\/"},"modified":"2025-09-12T15:24:08","modified_gmt":"2025-09-12T15:24:08","slug":"marc-colell-recibe-el-premio-de-novela-cafe-gijon-2025-por-su-obra-las-crines","status":"publish","type":"post","link":"https:\/\/www.europesays.com\/es\/110318\/","title":{"rendered":"Marc Colell recibe el premio de Novela Caf\u00e9 Gij\u00f3n 2025 por su obra &#8216;Las crines&#8217;"},"content":{"rendered":"<p>12\/09\/2025<br \/>\n<br \/><strong><br \/>\nActualizado a las 16:56h.<br \/>\n<\/strong><\/p>\n<p class=\"voc-p\" style=\"\">El premio de Novela <a href=\"https:\/\/www.abc.es\/cultura\/cultural\/final-bosque-maria-fasce-sufrimiento-amor-20250204215726-nt.html\" target=\"_self\" data-voc-vtm-id=\"in-text-traffic\" title=\"Caf\u00e9 Gij\u00f3n\" data-mrf-link=\"www.abc.es\" rel=\"nofollow noopener\">Caf\u00e9 Gij\u00f3n<\/a> 2025 galardona al escritor <strong>Marc Colell<\/strong> (Barcelona, 1975) por una obra que, en palabras del jurado, \u00abconvierte la cr\u00f3nica de un desplazamiento real en un ejercicio de introspecci\u00f3n luminosa\u00bb. &#8216;<strong>Las crines<\/strong>&#8216;, a\u00fan sin publicar, llegar\u00e1 a las librer\u00edas en enero del 2026 de la mano de la editorial Siruela.<\/p>\n<p class=\"voc-p\" style=\"\">La obra narra <strong>el viaje de un hombre desde Espa\u00f1a hasta Argentina<\/strong>; una aventura por tierras argentinas descubriendo los secretos que le esperan en esta traves\u00eda, mientras se aprende a conocer su interior. <strong>Una llave, la casa de una amiga<\/strong>, una quinta en el pueblo y semanas para pasar all\u00ed el tiempo. Mediante cartas, el protagonista se comunicar\u00e1 con esa amiga que le prest\u00f3 su hogar; relatar\u00e1 sus experiencias y el poder de aquello que hay m\u00e1s all\u00e1.<\/p>\n<p class=\"voc-p\" style=\"\">El fallo detalla la importancia de este doble viaje donde \u00ablo externo y lo \u00edntimo, la tierra, <strong>la memoria y la observaci\u00f3n social se entrelazan<\/strong> para componer un relato de descubrimiento y de transformaci\u00f3n con una prosa que es a la vez po\u00e9tica y precisa\u00bb. Una obra inspirada por la literatura gauchesca y un homenaje a la naturaleza de ese pa\u00eds que le recibe.<\/p>\n<p class=\"voc-p\" style=\"\">Esta tierra americana es una compa\u00f1era m\u00e1s del hombre;  <strong>un joven le guiar\u00e1 por la pampa argentina<\/strong>. Adem\u00e1s conocer\u00e1 a un pastor enloquecido que habita una cueva, acompa\u00f1ado de su hija y sus animales. Una mezcla de personajes e historia que le sacar\u00e1n de su soledad para descubrir el mundo que le rodea.<\/p>\n<p class=\"voc-p\" style=\"\">El jurado, compuesto por Pilar Ad\u00f3n, Ricardo Men\u00e9ndez Salm\u00f3n, Gioconda Belli, Marcos Giralt Torrente y Mercedes Monmany, en calidad de presidenta, y Ricardo On\u00eds Romero, como secretario, ha acordado el premio por mayor\u00eda. Asegurando que \u00aben sus p\u00e1ginas resuena la voz de autores como <strong>Juan Jos\u00e9 Saer<\/strong> o Ricardo G\u00fciraldes\u00bb.<\/p>\n<p class=\"voc-p\" style=\"\"><strong>Un premio con m\u00e1s de 75 a\u00f1os de historia<\/strong> que naci\u00f3 de las tertulias del Caf\u00e9 Gij\u00f3n \u2013desde donde se ha anunciado el ganador de esta \u00faltima edici\u00f3n\u2013. Fundado por el actor y escritor Fernando Fern\u00e1n-G\u00f3mez como r\u00e9plica del prestigioso premio Nadal.<\/p>\n<p>Reportar un error<\/p>\n","protected":false},"excerpt":{"rendered":"12\/09\/2025 Actualizado a las 16:56h. El premio de Novela Caf\u00e9 Gij\u00f3n 2025 galardona al escritor Marc Colell (Barcelona,&hellip;\n","protected":false},"author":2,"featured_media":110319,"comment_status":"","ping_status":"","sticky":false,"template":"","format":"standard","meta":{"footnotes":""},"categories":[172],"tags":[45,224,6185,37683,37734,146,147,25,24,6023,225,6489,1645,4125,843,3684,23],"class_list":{"0":"post-110318","1":"post","2":"type-post","3":"status-publish","4":"format-standard","5":"has-post-thumbnail","7":"category-libros","8":"tag-45","9":"tag-books","10":"tag-cafe","11":"tag-colell","12":"tag-crines","13":"tag-entertainment","14":"tag-entretenimiento","15":"tag-es","16":"tag-espana","17":"tag-gijon","18":"tag-libros","19":"tag-marc","20":"tag-novela","21":"tag-obra","22":"tag-premio","23":"tag-recibe","24":"tag-spain"},"share_on_mastodon":{"url":"","error":""},"_links":{"self":[{"href":"https:\/\/www.europesays.com\/es\/wp-json\/wp\/v2\/posts\/110318","targetHints":{"allow":["GET"]}}],"collection":[{"href":"https:\/\/www.europesays.com\/es\/wp-json\/wp\/v2\/posts"}],"about":[{"href":"https:\/\/www.europesays.com\/es\/wp-json\/wp\/v2\/types\/post"}],"author":[{"embeddable":true,"href":"https:\/\/www.europesays.com\/es\/wp-json\/wp\/v2\/users\/2"}],"replies":[{"embeddable":true,"href":"https:\/\/www.europesays.com\/es\/wp-json\/wp\/v2\/comments?post=110318"}],"version-history":[{"count":0,"href":"https:\/\/www.europesays.com\/es\/wp-json\/wp\/v2\/posts\/110318\/revisions"}],"wp:featuredmedia":[{"embeddable":true,"href":"https:\/\/www.europesays.com\/es\/wp-json\/wp\/v2\/media\/110319"}],"wp:attachment":[{"href":"https:\/\/www.europesays.com\/es\/wp-json\/wp\/v2\/media?parent=110318"}],"wp:term":[{"taxonomy":"category","embeddable":true,"href":"https:\/\/www.europesays.com\/es\/wp-json\/wp\/v2\/categories?post=110318"},{"taxonomy":"post_tag","embeddable":true,"href":"https:\/\/www.europesays.com\/es\/wp-json\/wp\/v2\/tags?post=110318"}],"curies":[{"name":"wp","href":"https:\/\/api.w.org\/{rel}","templated":true}]}}