{"id":110411,"date":"2025-09-12T16:17:07","date_gmt":"2025-09-12T16:17:07","guid":{"rendered":"https:\/\/www.europesays.com\/es\/110411\/"},"modified":"2025-09-12T16:17:07","modified_gmt":"2025-09-12T16:17:07","slug":"paises-bajos-amenaza-con-boicotear-eurovision-si-participa-israel","status":"publish","type":"post","link":"https:\/\/www.europesays.com\/es\/110411\/","title":{"rendered":"Pa\u00edses Bajos amenaza con boicotear Eurovisi\u00f3n si participa Israel"},"content":{"rendered":"<p>LONDRES (AP) \u2014 Pa\u00edses Bajos se sum\u00f3 el viernes a una lista de pa\u00edses que presionan a los organizadores del Festival de la Canci\u00f3n de Eurovisi\u00f3n para que excluyan a Israel del concurso debido a su guerra en la Franja de Gaza.<\/p>\n<p>La emisora holandesa AVROTROS, una de las decenas de emisoras p\u00fablicas que financian y transmiten colectivamente el concurso, dijo que no participar\u00eda en la competencia del pr\u00f3ximo a\u00f1o en Viena si Israel participa \u201cdado el sufrimiento humano continuo y severo en Gaza\u201d.<\/p>\n<p>\u201cLa emisora tambi\u00e9n expresa profunda preocupaci\u00f3n por la grave erosi\u00f3n de la libertad de prensa: la exclusi\u00f3n deliberada de reportajes internacionales independientes y las numerosas bajas entre periodistas\u201d, dijo en un comunicado.<\/p>\n<p>La emisora irlandesa RTE emiti\u00f3 un comunicado similar el jueves, siguiendo un camino ya tomado por Eslovenia. Islandia dijo que podr\u00eda retirarse del concurso y el primer ministro espa\u00f1ol Pedro S\u00e1nchez ha pedido que Israel sea expulsado de la competencia.<\/p>\n<p>La Uni\u00f3n Europea de Radiodifusi\u00f3n, que organiza el concurso, dijo que estaba consultando a sus miembros sobre c\u00f3mo \u201cgestionar la participaci\u00f3n y las tensiones geopol\u00edticas\u201d en torno al concurso y les dar\u00eda hasta mediados de diciembre para decidir si quieren participar.<\/p>\n<p>\u201cEntendemos las preocupaciones y las opiniones profundamente arraigadas sobre el conflicto en curso en el Oriente Medio\u201d, dijo Martin Green, director de Eurovisi\u00f3n. \u201cDepende de cada miembro decidir si quieren participar en el concurso y respetar\u00edamos cualquier decisi\u00f3n que tomen las emisoras\u201d.<\/p>\n<p>La amenaza de boicot es parte de una campa\u00f1a de presi\u00f3n por parte de organizaciones art\u00edsticas y figuras para aislar a Israel y presionar por la paz.<\/p>\n<p>A principios de esta semana, estrellas de Hollywood, incluidas Emma Stone, Ayo Edebiri, Ava DuVernay, Olivia Colman, Yorgos Lanthimos, Riz Ahmed, Rob Delaney, Javier Bardem y Tilda Swinton, se unieron a otros 3.000 miembros de la industria para firmar un compromiso de boicotear las instituciones cinematogr\u00e1ficas israel\u00edes, incluidos festivales, emisoras y compa\u00f1\u00edas de producci\u00f3n, que est\u00e1n \u201cimplicadas en genocidio y apartheid contra el pueblo palestino\u201d, seg\u00fan el grupo Trabajadores del Cine por Palestina.<\/p>\n<p>Rusia fue excluida de Eurovisi\u00f3n despu\u00e9s de su invasi\u00f3n a gran escala de Ucrania en 2022, pero Israel ha continuado compitiendo los \u00faltimos dos a\u00f1os a pesar de las disputas sobre su participaci\u00f3n.<\/p>\n<p>Docenas de ex participantes, incluido el ganador de 2024 Nemo de Suiza, han pedido que Israel sea excluido por su conducta en la guerra contra Ham\u00e1s en Gaza. Se llevaron a cabo protestas propalestinas y proisrael\u00edes alrededor del concurso de este a\u00f1o en Basilea, Suiza, aunque en una escala mucho menor que el evento de 2024 en Suecia.<\/p>\n<p>Con la pol\u00edtica de la guerra proyectando una sombra sobre el concurso, el cantante israel\u00ed Yuval Raphael termin\u00f3 segundo este a\u00f1o detr\u00e1s de JJ de Austria en la exuberante celebraci\u00f3n de la m\u00fasica pop.<\/p>\n<p>La emisora holandesa dijo que continuar\u00e1 prepar\u00e1ndose para el concurso hasta que reciba una decisi\u00f3n de los organizadores sobre si incluir\u00e1n a Israel.<\/p>\n<p>La final de Eurovisi\u00f3n est\u00e1 programada para el 16 de mayo despu\u00e9s de las semifinales el 12 y 14 de mayo de 2026.<\/p>\n<p>___<\/p>\n<p>Esta historia fue traducida del ingl\u00e9s por un editor de AP con la ayuda de una herramienta de inteligencia artificial generativa.<\/p>\n","protected":false},"excerpt":{"rendered":"LONDRES (AP) \u2014 Pa\u00edses Bajos se sum\u00f3 el viernes a una lista de pa\u00edses que presionan a los&hellip;\n","protected":false},"author":2,"featured_media":110412,"comment_status":"","ping_status":"","sticky":false,"template":"","format":"standard","meta":{"footnotes":""},"categories":[91],"tags":[146,147,25,24,2793,30125,10,23],"class_list":{"0":"post-110411","1":"post","2":"type-post","3":"status-publish","4":"format-standard","5":"has-post-thumbnail","7":"category-entretenimiento","8":"tag-entertainment","9":"tag-entretenimiento","10":"tag-es","11":"tag-espana","12":"tag-espectaculos","13":"tag-eurocopa-2024","14":"tag-noticias","15":"tag-spain"},"share_on_mastodon":{"url":"","error":""},"_links":{"self":[{"href":"https:\/\/www.europesays.com\/es\/wp-json\/wp\/v2\/posts\/110411","targetHints":{"allow":["GET"]}}],"collection":[{"href":"https:\/\/www.europesays.com\/es\/wp-json\/wp\/v2\/posts"}],"about":[{"href":"https:\/\/www.europesays.com\/es\/wp-json\/wp\/v2\/types\/post"}],"author":[{"embeddable":true,"href":"https:\/\/www.europesays.com\/es\/wp-json\/wp\/v2\/users\/2"}],"replies":[{"embeddable":true,"href":"https:\/\/www.europesays.com\/es\/wp-json\/wp\/v2\/comments?post=110411"}],"version-history":[{"count":0,"href":"https:\/\/www.europesays.com\/es\/wp-json\/wp\/v2\/posts\/110411\/revisions"}],"wp:featuredmedia":[{"embeddable":true,"href":"https:\/\/www.europesays.com\/es\/wp-json\/wp\/v2\/media\/110412"}],"wp:attachment":[{"href":"https:\/\/www.europesays.com\/es\/wp-json\/wp\/v2\/media?parent=110411"}],"wp:term":[{"taxonomy":"category","embeddable":true,"href":"https:\/\/www.europesays.com\/es\/wp-json\/wp\/v2\/categories?post=110411"},{"taxonomy":"post_tag","embeddable":true,"href":"https:\/\/www.europesays.com\/es\/wp-json\/wp\/v2\/tags?post=110411"}],"curies":[{"name":"wp","href":"https:\/\/api.w.org\/{rel}","templated":true}]}}