{"id":110432,"date":"2025-09-12T16:31:11","date_gmt":"2025-09-12T16:31:11","guid":{"rendered":"https:\/\/www.europesays.com\/es\/110432\/"},"modified":"2025-09-12T16:31:11","modified_gmt":"2025-09-12T16:31:11","slug":"antonio-fernandez-monterrubio-cordoba-cf-estadio-ciudad-deportiva-barein","status":"publish","type":"post","link":"https:\/\/www.europesays.com\/es\/110432\/","title":{"rendered":"ANTONIO FERN\u00c1NDEZ MONTERRUBIO C\u00d3RDOBA CF ESTADIO CIUDAD DEPORTIVA BAR\u00c9IN"},"content":{"rendered":"<p class=\"ft-text\">El <a href=\"https:\/\/www.diariocordoba.com\/tags\/cordoba-cf\/\" class=\"ft-link ft-link--decoration\" rel=\"nofollow noopener\" target=\"_blank\">C\u00f3rdoba CF<\/a> vivi\u00f3 este viernes algo m\u00e1s que la puesta de largo de su \u00faltimo fichaje. La presentaci\u00f3n de <strong>Jan Salas<\/strong> sirvi\u00f3 tambi\u00e9n como escenario para abrir una ventana al presente y al futuro de la entidad, casi en todos los aspectos. <a href=\"https:\/\/www.diariocordoba.com\/tags\/antonio-fernandez-monterrubio\/\" class=\"ft-link ft-link--decoration\" rel=\"nofollow noopener\" target=\"_blank\">Antonio Fern\u00e1ndez Monterrubio<\/a>, CEO blanquiverde, tom\u00f3 la palabra para desgranar las conclusiones de su reciente viaje a Bar\u00e9in, donde se reuni\u00f3 con la propiedad para abordar algunos de los pilares que marcan el rumbo del club: <strong>la sostenibilidad econ\u00f3mica, la mejora de infraestructuras -con El Arc\u00e1ngel en el centro del debate- y el esperado proyecto de la nueva Ciudad Deportiva<\/strong>.<\/p>\n<p>La visi\u00f3n de la propiedad<\/p>\n<p class=\"ft-text\">Y es que el dirigente cordobesista quiso destacar la calma con la que el grupo inversor sigue la evoluci\u00f3n del club. \u00abAcabo de llegar de Bar\u00e9in. Es una visita habitual, de las que hago cada cierto tiempo para comentar la marcha del club, transmitir informaci\u00f3n&#8230; <strong>Son gente muy tranquila, no lo viven con esa pasi\u00f3n del d\u00eda a d\u00eda. Eso les hace tener la cabeza m\u00e1s fr\u00eda. Est\u00e1n muy contentos de c\u00f3mo va el equipo y, sobre todo, lo que se est\u00e1 creando<\/strong>\u00bb, se\u00f1al\u00f3. La identificaci\u00f3n de la afici\u00f3n con el proyecto es, en palabras del sevillano, uno de los puntos que m\u00e1s valoran desde el pa\u00eds del Golfo P\u00e9rsico. \u00ab<strong>Nuestro proyecto sigue creciendo y son ambiciosos, aprietan para que sigamos trabajando duro<\/strong>\u00bb.<\/p>\n<p class=\"ft-text\">Uno de los asuntos centrales fue, una vez m\u00e1s, la construcci\u00f3n de la nueva Ciudad Deportiva, un proyecto clave para consolidar la estructura de la entidad. \u00abEs un tema que est\u00e1 encima de la mesa. Tenemos reuniones pendientes con el alcalde para seguir avanzando, que no es f\u00e1cil. <strong>Va m\u00e1s lento de lo que a todos nos gustar\u00eda, pero hay voluntad por todas las partes. <\/strong>Espero que pronto tengamos cosas que comunicar y hechos concretos\u00bb, explic\u00f3 Monterrubio. El CEO reconoci\u00f3 que ya se ha descartado un suelo p\u00fablico concreto, aunque no la opci\u00f3n de contar con terrenos de car\u00e1cter p\u00fablico en general.<\/p>\n<p class=\"ft-text\">En paralelo, subray\u00f3 las carencias en infraestructuras que todav\u00eda sufre el C\u00f3rdoba CF. \u00abEstamos dando pasos importantes en el estadio, pero seguimos necesitando crecer. Analizamos un plazo de tiempo. La situaci\u00f3n deportiva nos tiene contentos, <strong>ahora es el c\u00e9sped el que tiene que hablar y decir hacia d\u00f3nde vamos<\/strong>\u00bb.<\/p>\n<p>Cantera y recursos<\/p>\n<p class=\"ft-text\">El consejero delegado tampoco olvid\u00f3 a la cantera, un debe hist\u00f3rico de la entidad en los \u00faltimos a\u00f1os. \u00abSeguimos trabajando, aumentando los recursos. Pensamos que vamos creciendo en cuanto a la selecci\u00f3n de talento, tanto de jugadores como entrenadores, que es la base para el crecimiento de la entidad\u00bb, apostill\u00f3.<\/p>\n<p data-close=\"closedContent\" class=\"closeContentEnd\">Suscr\u00edbete para seguir leyendo<\/p>\n","protected":false},"excerpt":{"rendered":"El C\u00f3rdoba CF vivi\u00f3 este viernes algo m\u00e1s que la puesta de largo de su \u00faltimo fichaje. La&hellip;\n","protected":false},"author":2,"featured_media":110433,"comment_status":"","ping_status":"","sticky":false,"template":"","format":"standard","meta":{"footnotes":""},"categories":[268],"tags":[37765,384,32712,13103,21496,2760,3332,168,25,24,37767,280,282,2848,37766,18432,7640,281,23,167],"class_list":{"0":"post-110432","1":"post","2":"type-post","3":"status-publish","4":"format-standard","5":"has-post-thumbnail","7":"category-futbol","8":"tag-antonio-fernandez-monterrubio","9":"tag-apunta","10":"tag-barein","11":"tag-cf","12":"tag-ciudad-deportiva","13":"tag-cordoba","14":"tag-cordoba-cf","15":"tag-deportes","16":"tag-es","17":"tag-espana","18":"tag-estadio-el-arcangel","19":"tag-football","20":"tag-futbol","21":"tag-futuro","22":"tag-infinity-cordoba-cf","23":"tag-monterrubio","24":"tag-segunda-division","25":"tag-soccer","26":"tag-spain","27":"tag-sports"},"share_on_mastodon":{"url":"","error":""},"_links":{"self":[{"href":"https:\/\/www.europesays.com\/es\/wp-json\/wp\/v2\/posts\/110432","targetHints":{"allow":["GET"]}}],"collection":[{"href":"https:\/\/www.europesays.com\/es\/wp-json\/wp\/v2\/posts"}],"about":[{"href":"https:\/\/www.europesays.com\/es\/wp-json\/wp\/v2\/types\/post"}],"author":[{"embeddable":true,"href":"https:\/\/www.europesays.com\/es\/wp-json\/wp\/v2\/users\/2"}],"replies":[{"embeddable":true,"href":"https:\/\/www.europesays.com\/es\/wp-json\/wp\/v2\/comments?post=110432"}],"version-history":[{"count":0,"href":"https:\/\/www.europesays.com\/es\/wp-json\/wp\/v2\/posts\/110432\/revisions"}],"wp:featuredmedia":[{"embeddable":true,"href":"https:\/\/www.europesays.com\/es\/wp-json\/wp\/v2\/media\/110433"}],"wp:attachment":[{"href":"https:\/\/www.europesays.com\/es\/wp-json\/wp\/v2\/media?parent=110432"}],"wp:term":[{"taxonomy":"category","embeddable":true,"href":"https:\/\/www.europesays.com\/es\/wp-json\/wp\/v2\/categories?post=110432"},{"taxonomy":"post_tag","embeddable":true,"href":"https:\/\/www.europesays.com\/es\/wp-json\/wp\/v2\/tags?post=110432"}],"curies":[{"name":"wp","href":"https:\/\/api.w.org\/{rel}","templated":true}]}}