{"id":110456,"date":"2025-09-12T16:44:25","date_gmt":"2025-09-12T16:44:25","guid":{"rendered":"https:\/\/www.europesays.com\/es\/110456\/"},"modified":"2025-09-12T16:44:25","modified_gmt":"2025-09-12T16:44:25","slug":"hallan-el-cuerpo-sin-vida-del-parapentista-de-65-anos-desaparecido-en-la-sierra-de-loja-noticias-de-andalucia","status":"publish","type":"post","link":"https:\/\/www.europesays.com\/es\/110456\/","title":{"rendered":"Hallan el cuerpo sin vida del parapentista de 65 a\u00f1os desaparecido en la Sierra de Loja | Noticias de Andaluc\u00eda"},"content":{"rendered":"<p class=\"\">El cuerpo sin vida de un hombre de 65 a\u00f1os que desapareci\u00f3 la noche del jueves cuando practicaba parapente en la Sierra de Loja (Granada) ha sido localizado en la ma\u00f1ana de este viernes. <\/p>\n<p class=\"\">El cad\u00e1ver se encontraba en un paraje de dif\u00edcil acceso de la zona, seg\u00fan han informado a EFE fuentes de la Guardia Civil y el centro coordinador de emergencias 112. Se trata de una zona conocida como Charco del Negro, a la que se han desplazado efectivos del Grupo de Rescate e Intervenci\u00f3n en Monta\u00f1a de la Guardia Civil para recuperar el cuerpo. <\/p>\n<p class=\"\">Los compa\u00f1eros del fallecido que se encontraban con \u00e9l practicando parapente avisaron sobre las 22:00 de la noche del jueves de que no consegu\u00edan localizarlo. De esta manera se activ\u00f3 un dispositivo de b\u00fasqueda que esta ma\u00f1ana ha dado como resultado el hallazgo de su cuerpo sin vida. <\/p>\n<p class=\"\">Precisamente, para esta tarde y durante todo el fin de semana estaba prevista una concentraci\u00f3n de parapentistas y ha sido suspendida por el club organizador y el Ayuntamiento de Loja. Se trataba de la XXII Concentraci\u00f3n de Vuelo Libre de Loja.<\/p>\n","protected":false},"excerpt":{"rendered":"El cuerpo sin vida de un hombre de 65 a\u00f1os que desapareci\u00f3 la noche del jueves cuando practicaba&hellip;\n","protected":false},"author":2,"featured_media":110457,"comment_status":"","ping_status":"","sticky":false,"template":"","format":"standard","meta":{"footnotes":""},"categories":[8],"tags":[259,17,18,25,24,13,14,1160,11,19,20,37773,9,10,15,16,37774,37772,23,257,12,21,22],"class_list":{"0":"post-110456","1":"post","2":"type-post","3":"status-publish","4":"format-standard","5":"has-post-thumbnail","7":"category-espana","8":"tag-andalucia","9":"tag-breaking-news","10":"tag-breakingnews","11":"tag-es","12":"tag-espana","13":"tag-featured-news","14":"tag-featurednews","15":"tag-guardia-civil","16":"tag-headlines","17":"tag-latest-news","18":"tag-latestnews","19":"tag-loja","20":"tag-news","21":"tag-noticias","22":"tag-noticias-destacadas","23":"tag-noticiasdestacadas","24":"tag-parapente","25":"tag-provincia-granada","26":"tag-spain","27":"tag-sucesos","28":"tag-titulares","29":"tag-ultimas-noticias","30":"tag-ultimasnoticias"},"share_on_mastodon":{"url":"","error":""},"_links":{"self":[{"href":"https:\/\/www.europesays.com\/es\/wp-json\/wp\/v2\/posts\/110456","targetHints":{"allow":["GET"]}}],"collection":[{"href":"https:\/\/www.europesays.com\/es\/wp-json\/wp\/v2\/posts"}],"about":[{"href":"https:\/\/www.europesays.com\/es\/wp-json\/wp\/v2\/types\/post"}],"author":[{"embeddable":true,"href":"https:\/\/www.europesays.com\/es\/wp-json\/wp\/v2\/users\/2"}],"replies":[{"embeddable":true,"href":"https:\/\/www.europesays.com\/es\/wp-json\/wp\/v2\/comments?post=110456"}],"version-history":[{"count":0,"href":"https:\/\/www.europesays.com\/es\/wp-json\/wp\/v2\/posts\/110456\/revisions"}],"wp:featuredmedia":[{"embeddable":true,"href":"https:\/\/www.europesays.com\/es\/wp-json\/wp\/v2\/media\/110457"}],"wp:attachment":[{"href":"https:\/\/www.europesays.com\/es\/wp-json\/wp\/v2\/media?parent=110456"}],"wp:term":[{"taxonomy":"category","embeddable":true,"href":"https:\/\/www.europesays.com\/es\/wp-json\/wp\/v2\/categories?post=110456"},{"taxonomy":"post_tag","embeddable":true,"href":"https:\/\/www.europesays.com\/es\/wp-json\/wp\/v2\/tags?post=110456"}],"curies":[{"name":"wp","href":"https:\/\/api.w.org\/{rel}","templated":true}]}}