{"id":110530,"date":"2025-09-12T17:36:15","date_gmt":"2025-09-12T17:36:15","guid":{"rendered":"https:\/\/www.europesays.com\/es\/110530\/"},"modified":"2025-09-12T17:36:15","modified_gmt":"2025-09-12T17:36:15","slug":"rafa-nadal-no-se-muerde-la-lengua-ve-a-carlos-alcaraz-siendo-el-mejor-de-la-historia","status":"publish","type":"post","link":"https:\/\/www.europesays.com\/es\/110530\/","title":{"rendered":"Rafa Nadal no se muerde la lengua: \u00bfVe a Carlos Alcaraz siendo el mejor de la historia?"},"content":{"rendered":"<p><strong><a href=\"https:\/\/www.libertaddigital.com\/personajes\/rafa-nadal\/\" rel=\"nofollow noopener\" target=\"_blank\">Rafa Nadal <\/a>ha vuelto a la palestra medi\u00e1tica por una buena causa.<\/strong> El extenista mallorqu\u00edn habl\u00f3 con los medios en el Real Club de Golf de La Herrer\u00eda de San Lorenzo de El Escorial donde particip\u00f3 en un torneo ben\u00e9fico de golf. Ah\u00ed le preguntaron por <a href=\"https:\/\/www.libertaddigital.com\/personajes\/carlos-alcaraz\/\" rel=\"nofollow noopener\" target=\"_blank\">Carlos Alcaraz y su sexto Grand Slam en el US Open. <\/a><\/p>\n<p><strong>A Rafa no termina de agradarle que se compare constantemente a Sinner y Alcaraz con \u00e9l mismo, Roger Federer y Novak Djokovic<\/strong>. Para Nadal cada uno tiene su historia y se le not\u00f3 reacio a comparar carreras tan pronto. <\/p>\n<p>&#13;<br \/>\n    Relacionado&#13;<br \/>\n    &#13;<\/p>\n<p><strong>\u00abSon Sinner y Carlos y nosotros fuimos nosotros, y ya est\u00e1. <\/strong>Al final, cada cual tiene que vivir su historia, cada historia es diferente y no hay por qu\u00e9 estar comparando todo el d\u00eda. Disfrutemos de esa gran rivalidad y dejemos de comparar\u00bb, sentenci\u00f3 Nadal. <\/p>\n<p>Tambi\u00e9n le preguntaron al campe\u00f3n espa\u00f1ol si ve\u00eda a Carlos de cara al futuro como el mejor jugador de la historia. Rafa entiendo que va por buen camino: \u00abEvidentemente, puede. <strong>La carrera parece que va encaminada a que sea algo \u00fanico<\/strong>. Ojal\u00e1 que pueda tener una carrera muy larga, que es lo que necesita tambi\u00e9n para llegar a seg\u00fan qu\u00e9 n\u00fameros y ojal\u00e1 que le respeten las lesiones y le vaya todo genial\u00bb.<\/p>\n<p>Eso s\u00ed, para Rafa lo m\u00e1s importante ahora es que Carlos disfrute del camino: \u00abTiene seis Grand Slams. Es un n\u00famero incre\u00edble a su edad y ojal\u00e1 que tenga todos los que pueda. <strong>Debe disfrutar del momento, que es brillante<\/strong>, y seguir trabajando para cumplir objetivos, mejorar, entrenar cada d\u00eda con ilusi\u00f3n de ser mejor en algo\u00bb.<\/p>\n","protected":false},"excerpt":{"rendered":"Rafa Nadal ha vuelto a la palestra medi\u00e1tica por una buena causa. El extenista mallorqu\u00edn habl\u00f3 con los&hellip;\n","protected":false},"author":2,"featured_media":110531,"comment_status":"","ping_status":"","sticky":false,"template":"","format":"standard","meta":{"footnotes":""},"categories":[274],"tags":[545,168,25,24,544,547,6894,3440,23,167,327,326],"class_list":{"0":"post-110530","1":"post","2":"type-post","3":"status-publish","4":"format-standard","5":"has-post-thumbnail","7":"category-tenis","8":"tag-carlos-alcaraz","9":"tag-deportes","10":"tag-es","11":"tag-espana","12":"tag-jannik-sinner","13":"tag-novak-djokovic","14":"tag-rafa-nadal","15":"tag-roger-federer","16":"tag-spain","17":"tag-sports","18":"tag-tenis","19":"tag-tennis"},"share_on_mastodon":{"url":"","error":""},"_links":{"self":[{"href":"https:\/\/www.europesays.com\/es\/wp-json\/wp\/v2\/posts\/110530","targetHints":{"allow":["GET"]}}],"collection":[{"href":"https:\/\/www.europesays.com\/es\/wp-json\/wp\/v2\/posts"}],"about":[{"href":"https:\/\/www.europesays.com\/es\/wp-json\/wp\/v2\/types\/post"}],"author":[{"embeddable":true,"href":"https:\/\/www.europesays.com\/es\/wp-json\/wp\/v2\/users\/2"}],"replies":[{"embeddable":true,"href":"https:\/\/www.europesays.com\/es\/wp-json\/wp\/v2\/comments?post=110530"}],"version-history":[{"count":0,"href":"https:\/\/www.europesays.com\/es\/wp-json\/wp\/v2\/posts\/110530\/revisions"}],"wp:featuredmedia":[{"embeddable":true,"href":"https:\/\/www.europesays.com\/es\/wp-json\/wp\/v2\/media\/110531"}],"wp:attachment":[{"href":"https:\/\/www.europesays.com\/es\/wp-json\/wp\/v2\/media?parent=110530"}],"wp:term":[{"taxonomy":"category","embeddable":true,"href":"https:\/\/www.europesays.com\/es\/wp-json\/wp\/v2\/categories?post=110530"},{"taxonomy":"post_tag","embeddable":true,"href":"https:\/\/www.europesays.com\/es\/wp-json\/wp\/v2\/tags?post=110530"}],"curies":[{"name":"wp","href":"https:\/\/api.w.org\/{rel}","templated":true}]}}