{"id":110546,"date":"2025-09-12T17:45:17","date_gmt":"2025-09-12T17:45:17","guid":{"rendered":"https:\/\/www.europesays.com\/es\/110546\/"},"modified":"2025-09-12T17:45:17","modified_gmt":"2025-09-12T17:45:17","slug":"battle-beast-arjen-lucassen-yngwie-malmsteen-www-rafabasa-com","status":"publish","type":"post","link":"https:\/\/www.europesays.com\/es\/110546\/","title":{"rendered":"BATTLE BEAST &#8211; Arjen Lucassen &#8211; Yngwie Malmsteen &#8211; WWW.RAFABASA.COM"},"content":{"rendered":"<p>\u00a0<\/p>\n<p style=\"text-align: center;\"><strong><a href=\"#BATTLE_BEAST\">V\u00eddeo en directo de BATTLE BEAST del festival <strong>Leyendas del Rock<\/strong><\/a> \u2013 <a href=\"#Arjen\">Arjen Lucassen estrena nuevo v\u00eddeo<\/a> \u2013 <a href=\"#Yngwie\">Reedici\u00f3n de Yngwie Malmsteen.<\/a><\/strong><\/p>\n<p>A continuaci\u00f3n ten\u00e9is un nuevo v\u00eddeo en directo de <a href=\"https:\/\/battlebeast.fi\/\" target=\"_blank\" rel=\"noopener nofollow\"><strong>BATTLE BEAST<\/strong><\/a> para el tema \u201cSteelbound\u201d grabado en la \u00faltima edici\u00f3n del festival <strong>Leyendas del Rock.<\/strong><\/p>\n<p><a href=\"https:\/\/www.rafabasa.com\/2025\/08\/16\/cronica-y-fotos-del-leyendas-del-rock-del-viernes-8-con-within-temptation-battle-beast-feuerschwanz-tierra-santa\/\" target=\"_blank\" rel=\"noopener nofollow\">Cr\u00f3nica y fotos de su paso por LEYENDAS DEL ROCK <\/a><\/p>\n<p><a href=\"https:\/\/www.rafabasa.com\/2025\/02\/17\/battle-beast-dominum-majestica-en-octubre\/\" target=\"_blank\" rel=\"noopener nofollow\"><strong>La banda finlandesa se presentar\u00e1 el 28 de octubre en La Riviera de Madrid y el 29 de octubre en la Sala Apolo de Barcelona<\/strong><\/a><\/p>\n<p><a href=\"https:\/\/battlebeast.fi\/\" target=\"_blank\" rel=\"noopener nofollow\"><strong>BATTLE BEAST<\/strong><\/a> editar\u00e1n el 17 de octubre a trav\u00e9s de Nuclear Blast un nuevo disco titulado \u201cSteelbound\u201d.<\/p>\n<p>Todos los detalles y los singles anteriores en este <a href=\"https:\/\/www.rafabasa.com\/2025\/08\/07\/accept-battle-beast-ambush\/#BATTLE_BEAST\" rel=\"nofollow noopener\" target=\"_blank\">bloque<\/a>.<\/p>\n<p>\u00a0<\/p>\n<p>\u00a0<\/p>\n<p>A continuaci\u00f3n ten\u00e9is el nuevo single y v\u00eddeo de <a href=\"https:\/\/www.arjenlucassen.com\/content\/\" target=\"_blank\" rel=\"noopener nofollow\"><strong>Arjen Lucassen<\/strong><\/a> \u201cThe Clock Ticks Down\u201d en el que colaboran Zora Cock de BLACKBRIAR y Troy Donockley de NIGHTWISH.<\/p>\n<p>Su pr\u00f3ximo disco en solitario \u201cSongs No One Will Hear\u201d est\u00e1 dispuesto para el 13 de septiembre a trav\u00e9s de InsideOut.<\/p>\n<p>M\u00e1s detalles en esta <a href=\"https:\/\/www.rafabasa.com\/2025\/06\/09\/five-finger-death-punch-cavalera-arjen-lucassen\/#Lucassen\" rel=\"nofollow noopener\" target=\"_blank\">noticia<\/a> y los singles anteriores en <a href=\"https:\/\/www.rafabasa.com\/2025\/09\/01\/arjen-lucassen-elvenking-void-sauc\/#Arjen_Lucassen\" rel=\"nofollow noopener\" target=\"_blank\">esta<\/a>.<\/p>\n<p>Ese mismo d\u00eda se <a href=\"https:\/\/www.rafabasa.com\/2025\/06\/09\/five-finger-death-punch-cavalera-arjen-lucassen\/#Lucassen\" rel=\"nofollow noopener\" target=\"_blank\">reeditar\u00e1 su debut en solitario<\/a> \u00abPools of Sorrow, Waves of Joy\u00bb.<\/p>\n<p>\u00a0<\/p>\n<p>\u00a0<\/p>\n<p>El pr\u00f3ximo 3 de octubre HNE Recordings reeditar\u00e1 el disco de <a href=\"https:\/\/www.yngwiemalmsteen.com\/\" target=\"_blank\" rel=\"noopener nofollow\"><strong>Yngwie Malmsteen<\/strong><\/a> \u201cFire &amp; Ice\u201d.<\/p>\n<p>Sale en CD con dos temas extra.<\/p>\n<p>Estos son los temas que incluye:<\/p>\n<p>1. Perpetual<br \/>2. Dragonfly<br \/>3.\u00a0Teaser<br \/>4.\u00a0How Many Miles To Babylon<br \/>5.\u00a0Cry No More<br \/>6.\u00a0No Mercy<br \/>7.\u00a0C\u2019est La Vie<br \/>8 \u00a0Leviathan<br \/>9.\u00a0Fire And Ice<br \/>10.\u00a0Forever Is A Long Time<br \/>11.\u00a0I\u2019m My Own Enemy<br \/>12.\u00a0All I Want Is Everything<br \/>13.\u00a0Golden Dawn<br \/>14.\u00a0Final Curtain<br \/>Temas extra<br \/>15.\u00a0Teaser (Versi\u00f3n single)<br \/>16.\u00a0Broken Glass (Tema extra para Jap\u00f3n)<\/p>\n<p>Su \u00faltimo directo \u201cTokyo Live\u201d apareci\u00f3 el 25 de abril a trav\u00e9s de Music Theory Recordings.<\/p>\n<p>Todos los detalles en esta <a href=\"https:\/\/www.rafabasa.com\/2025\/02\/12\/yngwie-malmsteen-allegaeon-house-of-dawn\/#Yngwie_Malmsteen\" target=\"_blank\" rel=\"noopener nofollow\">noticia<\/a> y los adelantos aparecidos en <a href=\"https:\/\/www.rafabasa.com\/2025\/06\/17\/metallica-yngwie-malmsteen-omnium-gatherum-close-enemies\/#Yngwie\" rel=\"nofollow noopener\" target=\"_blank\">esta<\/a>.<\/p>\n<p align=\"center\"><strong>Sigue el\u00a0<a href=\"https:\/\/whatsapp.com\/channel\/0029VaCprxVBA1f555USvT2O\" target=\"_blank\" rel=\"nofollow noopener\">Canal de RAFABASA.COM en WhatsApp<\/a>, donde encontrar\u00e1s todas nuestras novedades al instante<\/strong><\/p>\n<p>\u00a0<\/p>\n<p>\u00a0<\/p>\n<p>\u00a0<\/p>\n<p>\u00a0<\/p>\n<p>\u00a0<\/p>\n<p>\u00a0<\/p>\n<p>\u00a0<\/p>\n<p>&#13;<\/p>\n<tr>&#13;<\/p>\n<td width=\"50%\"><a href=\"https:\/\/arsamandifolkrock.com\/producto\/rumbo-norte-2025\/\" target=\"_blank\" rel=\"noopener nofollow\"><img loading=\"lazy\" decoding=\"async\" src=\"https:\/\/www.europesays.com\/es\/wp-content\/uploads\/2025\/09\/1757683871_392_banner_ars_amandi10_09_25.jpg\" alt=\"ARS AMANDI - Rumbo Norte\" width=\"216\" height=\"124\"\/><\/a><\/td>\n<p>&#13;<\/p>\n<td width=\"50%\"><a href=\"https:\/\/www.livenation.es\/yungblud-tickets-adp938602\" target=\"_blank\" rel=\"noopener nofollow\"><img loading=\"lazy\" decoding=\"async\" src=\"https:\/\/www.europesays.com\/es\/wp-content\/uploads\/2025\/09\/1757683872_956_banner_yungbllud_live_nation08_09_25.jpg\" alt=\"YUNGBLLUD - Gira Live_Nation\" width=\"216\" height=\"180\"\/><\/a><\/td>\n<p>&#13;<br \/>\n  <\/tr>\n<p>&#13;<\/p>\n<p>  &#13;<\/p>\n<tr>&#13;<\/p>\n<td width=\"50%\"><a href=\"https:\/\/www.notikumi.com\/channel\/midjungards\/2025\/\" target=\"_blank\" rel=\"noopener nofollow\"><img loading=\"lazy\" decoding=\"async\" src=\"https:\/\/www.europesays.com\/es\/wp-content\/uploads\/2025\/09\/1757683872_842_banner_midjungards_gira08_09_25.jpg\" alt=\"MIDJUNGARDS - Gira\" width=\"216\" height=\"216\"\/><\/a><\/td>\n<p>&#13;<\/p>\n<td width=\"50%\"><a href=\"https:\/\/www.ticketmaster.es\/event\/avalanch--eder-pullhammer-entradas\/983887773\" target=\"_blank\" rel=\"noopener nofollow\"><img loading=\"lazy\" decoding=\"async\" src=\"https:\/\/www.europesays.com\/es\/wp-content\/uploads\/2025\/09\/1757683873_235_banner_avalanch_barcelona31_08_25.jpg\" alt=\"AVALANCH - Barcelona\" width=\"216\" height=\"271\"\/><\/a><\/td>\n<p>&#13;<br \/>\n  <\/tr>\n<p>&#13;<\/p>\n<p>  &#13;<\/p>\n<tr>&#13;<\/p>\n<td width=\"50%\"><a href=\"https:\/\/www.ticketmaster.es\/event\/gineta-rock-entradas\/1757164303\" target=\"_blank\" rel=\"noopener nofollow\"><img loading=\"lazy\" decoding=\"async\" src=\"https:\/\/www.europesays.com\/es\/wp-content\/uploads\/2025\/09\/1757683874_702_banner_gineta_rock14_08_25.jpg\" alt=\"GINETA ROCK 2025\" width=\"216\" height=\"304\"\/><\/a><\/td>\n<p>&#13;<\/p>\n<td width=\"50%\"><a href=\"https:\/\/koba-live.com\/entradas\/\" target=\"_blank\" rel=\"noopener nofollow\"><img loading=\"lazy\" decoding=\"async\" src=\"https:\/\/www.europesays.com\/es\/wp-content\/uploads\/2025\/09\/1757683875_481_cartel2025.jpg\" alt=\" KOBA LIVE\" width=\"216\" height=\"305\"\/><\/a><\/td>\n<p>&#13;<br \/>\n  <\/tr>\n<p>&#13;<\/p>\n<p>&#13;<\/p>\n<tr>&#13;<\/p>\n<td width=\"50%\"><a href=\"https:\/\/entradium.com\/es\/events\/tim-ripper-owens-granada-aniversario-rainbow-metal-pub\" target=\"_blank\" rel=\"noopener nofollow\"><img loading=\"lazy\" decoding=\"async\" src=\"https:\/\/www.europesays.com\/es\/wp-content\/uploads\/2025\/09\/1757683876_947_ripper_rainbow_granada21_07_25.jpg\" alt=\"TIM RIPPER OWENS \u2013 Granada - Aniversario - Rainbow-Metal-PUB\" width=\"216\" height=\"312\"\/><\/a><\/td>\n<p>&#13;<\/p>\n<td width=\"50%\"><a href=\"https:\/\/www.leyendasdelrockfestival.com\/tickets\/\" rel=\"nofollow noopener\" target=\"_blank\"><img loading=\"lazy\" decoding=\"async\" src=\"https:\/\/www.europesays.com\/es\/wp-content\/uploads\/2025\/09\/1757683877_694_banner_leyendas2026_19_08_25.jpg\" alt=\"LEYENDAS DEL ROCK 2026\" width=\"216\" height=\"173\"\/><\/a><\/td>\n<p>&#13;<br \/>\n  <\/tr>\n<p>&#13;<\/p>\n","protected":false},"excerpt":{"rendered":"\u00a0 V\u00eddeo en directo de BATTLE BEAST del festival Leyendas del Rock \u2013 Arjen Lucassen estrena nuevo v\u00eddeo&hellip;\n","protected":false},"author":2,"featured_media":110547,"comment_status":"","ping_status":"","sticky":false,"template":"","format":"standard","meta":{"footnotes":""},"categories":[170],"tags":[32133,33867,146,147,25,24,184,185,23,37787],"class_list":{"0":"post-110546","1":"post","2":"type-post","3":"status-publish","4":"format-standard","5":"has-post-thumbnail","7":"category-musica","8":"tag-arjen-lucassen","9":"tag-battle-beast","10":"tag-entertainment","11":"tag-entretenimiento","12":"tag-es","13":"tag-espana","14":"tag-music","15":"tag-musica","16":"tag-spain","17":"tag-yngwie-malmsteen"},"share_on_mastodon":{"url":"","error":""},"_links":{"self":[{"href":"https:\/\/www.europesays.com\/es\/wp-json\/wp\/v2\/posts\/110546","targetHints":{"allow":["GET"]}}],"collection":[{"href":"https:\/\/www.europesays.com\/es\/wp-json\/wp\/v2\/posts"}],"about":[{"href":"https:\/\/www.europesays.com\/es\/wp-json\/wp\/v2\/types\/post"}],"author":[{"embeddable":true,"href":"https:\/\/www.europesays.com\/es\/wp-json\/wp\/v2\/users\/2"}],"replies":[{"embeddable":true,"href":"https:\/\/www.europesays.com\/es\/wp-json\/wp\/v2\/comments?post=110546"}],"version-history":[{"count":0,"href":"https:\/\/www.europesays.com\/es\/wp-json\/wp\/v2\/posts\/110546\/revisions"}],"wp:featuredmedia":[{"embeddable":true,"href":"https:\/\/www.europesays.com\/es\/wp-json\/wp\/v2\/media\/110547"}],"wp:attachment":[{"href":"https:\/\/www.europesays.com\/es\/wp-json\/wp\/v2\/media?parent=110546"}],"wp:term":[{"taxonomy":"category","embeddable":true,"href":"https:\/\/www.europesays.com\/es\/wp-json\/wp\/v2\/categories?post=110546"},{"taxonomy":"post_tag","embeddable":true,"href":"https:\/\/www.europesays.com\/es\/wp-json\/wp\/v2\/tags?post=110546"}],"curies":[{"name":"wp","href":"https:\/\/api.w.org\/{rel}","templated":true}]}}