{"id":110639,"date":"2025-09-12T18:44:09","date_gmt":"2025-09-12T18:44:09","guid":{"rendered":"https:\/\/www.europesays.com\/es\/110639\/"},"modified":"2025-09-12T18:44:09","modified_gmt":"2025-09-12T18:44:09","slug":"estados-unidos-dinamita-el-romanticismo-en-la-ryder-cup","status":"publish","type":"post","link":"https:\/\/www.europesays.com\/es\/110639\/","title":{"rendered":"Estados Unidos dinamita el romanticismo en la Ryder Cup"},"content":{"rendered":"<p data-mrf-recirculation=\"Links P\u00e1rrafos\" class=\"ue-c-article__paragraph paragraph ue-c-article--first-letter-highlighted\">En dos semanas, del 26 al 28 de septiembre, la Ryder Cup 2025, la competici\u00f3n m\u00e1s ilustre del circuito de golf y una de las m\u00e1s exclusivas de todo el deporte mundial, se celebrar\u00e1 en el Bethpage Black Course, campo ubicado en Farmingdale (Nueva York). D\u00edas atr\u00e1s Derek Sprague, el director ejecutivo de la Asociaci\u00f3n de Golfistas Profesionales de Estados Unidos, anunci\u00f3 que la PGA calcula que este duelo en el que se enfrentan los equipos de Europa y Estados Unidos en medio de una exaltaci\u00f3n patri\u00f3tica desbocada generar\u00e1 un impacto econ\u00f3mico de 200 millones de d\u00f3lares. Hay pocos acontecimientos en el panorama deportivo que lleven impl\u00edcito un negocio econ\u00f3mico de las dimensiones de la Ryder Cup, el torneo de golf m\u00e1s prestigioso del mundo que en la \u00faltima edici\u00f3n alcanz\u00f3 una cobertura de 620 millones de espectadores de m\u00e1s de 190 pa\u00edses a trav\u00e9s de 39 cadenas de televisi\u00f3n distintas, y m\u00e1s de 600 millones de interacciones en redes sociales.<\/p>\n<p><img decoding=\"async\" width=\"1024\" height=\"576\" class=\"ue-c-article__image lazyload\" alt=\"Jon Rahm celebra la victoria en la \u00faltima edici\u00f3n de la Ryder Cup de Roma en 2023.\" loading=\"lazy\" src=\"https:\/\/www.europesays.com\/es\/wp-content\/uploads\/2025\/09\/68c04c16082f6.jpeg\"\/><\/p>\n<p>Jon Rahm celebra la victoria en la \u00faltima edici\u00f3n de la Ryder Cup de Roma en 2023.LAPRESSE<\/p>\n<p>513 millones de impacto econ\u00f3mico en Roma\u00a0<\/p>\n<p data-mrf-recirculation=\"Links P\u00e1rrafos\" class=\"ue-c-article__paragraph paragraph\">Y eso que en las dos \u00faltimas ocasiones en que la Ryder se ha celebrado en terreno europeo los ingresos fueron todav\u00eda mayores. As\u00ed, en 2018 el duelo entre Europa y Am\u00e9rica dej\u00f3 235 millones de euros en Par\u00eds, mientras que en la \u00faltima edici\u00f3n celebrada en suelo europeo, la de 2023, los organizadores de Roma estimaron unos ingresos directos de 277 millones. M\u00e1s de 270.000 aficionados se desplazaron hasta la capital de Italia para presenciar in situ la gran batalla deportiva entre continentes, realizando un gasto medio de 760 euros en entradas para el torneo, 350\u20ac en hoteles y 270\u20ac en restaurantes de la zona. Un estudio de KPMG valor\u00f3 el impacto econ\u00f3mico de aquella Ryder en 513 millones de euros, de los cuales 277 eran considerados directos y 236 indirectos. Eso significa un retorno que triplica los 157 millones que la Federaci\u00f3n Italiana de golf hab\u00eda realizado como inversi\u00f3n previa en infraestructuras. Unas cifras gigantescas que demuestran que la Ryder ya trasciende el deporte y se ha convertido en un proyecto con enormes implicaciones econ\u00f3micas, urban\u00edsticas, sociales y medioambientales.<\/p>\n<p data-mrf-recirculation=\"Links P\u00e1rrafos\" class=\"ue-c-article__paragraph paragraph\">Llegados a este punto conviene recordar que la Ryder Cup 2031 se celebrar\u00e1 en el Camiral Golf &amp; Wellness de Caldes de Malavella, en la comarca gerundense de La Selva, en la que ser\u00e1 la segunda ocasi\u00f3n que la Ryder recale en Espa\u00f1a tras la edici\u00f3n de Valderrama (C\u00e1diz) en 1997. Algunas proyecciones no oficiales en torno al proyecto de la Ryder 2031 en Girona hablan de un impacto econ\u00f3mico para la Costa Brava superior a los mil millones de euros, y la Generalitat ya ha anunciado una inversi\u00f3n de 30 millones.<\/p>\n<p><img decoding=\"async\" width=\"1320\" height=\"1586\" class=\"ue-c-article__image lazyload\" alt=\".\" loading=\"lazy\" src=\"https:\/\/www.europesays.com\/es\/wp-content\/uploads\/2025\/09\/68c04bb67ca2a.jpeg\"\/><\/p>\n<p>.INFOGRAF\u00cdA MARCA<\/p>\n<p>Los deportistas cobrar\u00e1n por primera vez<\/p>\n<p data-mrf-recirculation=\"Links P\u00e1rrafos\" class=\"ue-c-article__paragraph paragraph\">En medio de toda esta vor\u00e1gine de cifras sobre ganancias, inversiones y retornos llama la atenci\u00f3n que los protagonistas, los 24 golfistas que se enfrentar\u00e1n durante tres d\u00edas ante unos doscientos mil aficionados que habr\u00e1n pagado 750 d\u00f3lares diarios por seguir la Ryder en vivo y en directo, no reciban nada. Al menos hasta ahora. Porque despu\u00e9s de 44 ediciones en esta Ryder Cup 2025 por primera vez los jugadores estadounidenses cobrar\u00e1n por participar. As\u00ed, cada uno de los 12 golfistas recibir\u00e1 medio mill\u00f3n de d\u00f3lares, de los que 300.000 ser\u00e1n donados a organizaciones ben\u00e9ficas que elegir\u00e1 cada jugador. La PGA quiso dejar bien claro que \u201cning\u00fan jugador ha pedido ser compensado. Es emocionante imaginar el impacto que los miembros del equipo de la Ryder Cup de Estados Unidos de 2025 ofrecer\u00e1n a causas ben\u00e9ficas y comunidades de todo el pa\u00eds\u201d. El de la remuneraci\u00f3n a los golfistas por participar en este torneo es un asunto alrededor del cual viene produci\u00e9ndose debate desde hace tiempo. En una entrevista reciente con Golf Digest una leyenda del golf como Tiger Woods mostr\u00f3 su postura sin medias tintas: \u201cLa Ryder Cup siempre ha sido algo sobre honor y orgullo nacional, pero el juego est\u00e1 cambiando. Los jugadores dedican mucho tiempo y esfuerzo, y reconocer eso con una compensaci\u00f3n es algo l\u00f3gico en el mundo actual\u201d.<\/p>\n<p><img decoding=\"async\" width=\"2416\" height=\"1359\" class=\"ue-c-article__image lazyload\" alt=\"Logotipo de la Ryder Cup 2025 que se celebrar\u00e1 en Farmingdale (N. York) del 26 al 28.\" loading=\"lazy\" src=\"https:\/\/www.europesays.com\/es\/wp-content\/uploads\/2025\/09\/68c04c7d5babd.jpeg\"\/><\/p>\n<p>Logotipo de la Ryder Cup 2025 que se celebrar\u00e1 en Farmingdale (N. York) del 26 al 28.LAPRESSE<\/p>\n<p>15.000\u20ac en dietas para los europeos<\/p>\n<p data-mrf-recirculation=\"Links P\u00e1rrafos\" class=\"ue-c-article__paragraph paragraph\">Por su parte, en el bando europeo cada golfista recibe 15.000 euros en dietas para \u00e9l y 5.000\u20ac para su caddie como ayuda para compensar gastos. Al conocerse que la PGA retribuir\u00e1 a sus golfistas por primera vez desde que se disputa este torneo, el norirland\u00e9s Rory McIllroy declar\u00f3 que \u201cyo personalmente pagar\u00eda por el privilegio de jugar en la Ryder Cup\u201d. El sentimiento patri\u00f3tico y el orgullo paneuropeo es lo que mueve a participar a 24 golfistas millonarios con unos ingresos en 2025 solo en premios que var\u00edan desde los 32,9 millones de d\u00f3lares del espa\u00f1ol Jon Rahm en el circuito LIV a los tres millones que acumula el dan\u00e9s Rasmus Hojgaard. En el bando norteamericano las cifras son similares, con una horquilla de ganancias en torneos que va de los 26,5 millones que lleva ganados Scottie Scheffler a los 3,1 de Jordan Spieth.\u00a0 \u00a0 \u00a0<\/p>\n","protected":false},"excerpt":{"rendered":"En dos semanas, del 26 al 28 de septiembre, la Ryder Cup 2025, la competici\u00f3n m\u00e1s ilustre del&hellip;\n","protected":false},"author":2,"featured_media":110640,"comment_status":"","ping_status":"","sticky":false,"template":"","format":"standard","meta":{"footnotes":""},"categories":[275],"tags":[168,25,24,329,23,167],"class_list":{"0":"post-110639","1":"post","2":"type-post","3":"status-publish","4":"format-standard","5":"has-post-thumbnail","7":"category-golf","8":"tag-deportes","9":"tag-es","10":"tag-espana","11":"tag-golf","12":"tag-spain","13":"tag-sports"},"share_on_mastodon":{"url":"","error":""},"_links":{"self":[{"href":"https:\/\/www.europesays.com\/es\/wp-json\/wp\/v2\/posts\/110639","targetHints":{"allow":["GET"]}}],"collection":[{"href":"https:\/\/www.europesays.com\/es\/wp-json\/wp\/v2\/posts"}],"about":[{"href":"https:\/\/www.europesays.com\/es\/wp-json\/wp\/v2\/types\/post"}],"author":[{"embeddable":true,"href":"https:\/\/www.europesays.com\/es\/wp-json\/wp\/v2\/users\/2"}],"replies":[{"embeddable":true,"href":"https:\/\/www.europesays.com\/es\/wp-json\/wp\/v2\/comments?post=110639"}],"version-history":[{"count":0,"href":"https:\/\/www.europesays.com\/es\/wp-json\/wp\/v2\/posts\/110639\/revisions"}],"wp:featuredmedia":[{"embeddable":true,"href":"https:\/\/www.europesays.com\/es\/wp-json\/wp\/v2\/media\/110640"}],"wp:attachment":[{"href":"https:\/\/www.europesays.com\/es\/wp-json\/wp\/v2\/media?parent=110639"}],"wp:term":[{"taxonomy":"category","embeddable":true,"href":"https:\/\/www.europesays.com\/es\/wp-json\/wp\/v2\/categories?post=110639"},{"taxonomy":"post_tag","embeddable":true,"href":"https:\/\/www.europesays.com\/es\/wp-json\/wp\/v2\/tags?post=110639"}],"curies":[{"name":"wp","href":"https:\/\/api.w.org\/{rel}","templated":true}]}}