{"id":110641,"date":"2025-09-12T18:45:10","date_gmt":"2025-09-12T18:45:10","guid":{"rendered":"https:\/\/www.europesays.com\/es\/110641\/"},"modified":"2025-09-12T18:45:10","modified_gmt":"2025-09-12T18:45:10","slug":"la-supuesta-novia-de-carlos-alcaraz-salio-tambien-con-jannik-sinner-durante-el-us-open","status":"publish","type":"post","link":"https:\/\/www.europesays.com\/es\/110641\/","title":{"rendered":"La supuesta novia de Carlos Alcaraz sali\u00f3 tambi\u00e9n con Jannik Sinner durante el US Open"},"content":{"rendered":"<p data-gtm-element-container=\"modulo-texto-link\" class=\"paragraph\">La modelo Brooks Nader, de 28 a\u00f1os, que seg\u00fan confirm\u00f3 su propia hermana est\u00e1 saliendo con el tenista espa\u00f1ol de 22 a\u00f1os Carlos Alcaraz, tambi\u00e9n lo hizo con el rival y colega de este, Jannik Sinner, durante el reciente US Open. La noticia la publica Page Six, que asegura que la modelo e influencer \u201cjugaba a dobles rom\u00e1nticamente con ambos finalistas masculinos\u201d. La fuente consultada por el medio estadounidense asegura que Nader sali\u00f3 con ambos tenistas mientras dur\u00f3 el torneo.<\/p>\n<p data-gtm-element-container=\"modulo-texto-link\" class=\"paragraph\">Los primeros rumores de este juego a dobles se origin\u00f3 en Page Six Radio a finales de agosto, cuando la modelo y sus hermanas, que protagonizan el nuevo reality show de Hulu, Las hermanas Nader, revelaron que Brooks se estaba viendo con \u201cuna peque\u00f1a lista\u201d de pretendientes. Una de las hermanas, Grace Ann Nader, dijo que su hermana mayor estaba viendo hombres de \u201ctodos los campos y canchas\u201d, pero \u201cno del tipo de la NBA\u201d. Grace Ann luego dio otra pista sobre el novio de su hermana diciendo que su nombre \u201crima con ganador (winner en ingl\u00e9s)\u201d. La hermana indiscreta prosigui\u00f3: \u201cHay muchos jugadores en el juego\u201d. Brooks la cort\u00f3: \u201d\u00a1Deja de hablar! Te voy a pegar en cuanto lleguemos a casa\u201d.<\/p>\n<p>                <img loading=\"lazy\" decoding=\"async\" data-full-src=\"https:\/\/www.lavanguardia.com\/uploads\/2025\/09\/11\/68c2ac913564d.jpeg\" alt=\"NEW YORK, NEW YORK - SEPTEMBER 10: Brooks Nader attends Raising Cane's Fashion Show at The Standard High Line on September 10, 2025 in New York City.  (Photo by Kevin Mazur\/Kevin MazurGetty Images for Raising Cane's)\" width=\"449\" height=\"674\" src=\"https:\/\/www.europesays.com\/es\/wp-content\/uploads\/2025\/09\/68c2ac913564d.r_d.907-624.jpeg\" class=\"lazy\"\/><\/p>\n<p class=\"caption-title \">Brooks Nader, en una imagen reciente<\/p>\n<p>                    Kevin MazurGetty Images for Rais<\/p>\n<p data-gtm-element-container=\"modulo-texto-link\" class=\"paragraph\">Tras la exclusiva de Page Six Radio, el presentador Jimmy Kimmel le pregunt\u00f3 a Brooks sin rodeos si estaba saliendo con Sinner, a lo que ella respondi\u00f3: \u201d\u00bfEs esto como un interrogatorio? Tengo mucho miedo ahora mismo\u201d, antes de a\u00f1adir: \u201cEst\u00e1s cerca&#8230;\u201d.<\/p>\n<p>    Lee tambi\u00e9n<\/p>\n<p data-gtm-element-container=\"modulo-texto-link\" class=\"paragraph\">Luego, el mi\u00e9rcoles, Grace Ann sorprendi\u00f3 cuando le dijo a E! que su hermana, en realidad, estaba saliendo con el mayor competidor de Sinner, o sea Carlos Alcaraz. \u201cSalir con alguien es un t\u00e9rmino muy vago, pero s\u00e9 que \u00e9l es el hombre del momento\u201d, revel\u00f3 Grace Ann.<\/p>\n<blockquote class=\"instagram-media\" data-instgrm-captioned=\"\" data-instgrm-version=\"6\" style=\"background: #FFF; border: 0; border-radius: 3px; box-shadow: 0 0 1px 0 rgba(0,&#10;0, 0, 0.5), 0 1px 10px 0 rgba(0, 0, 0, 0.15); margin: 1px; max-width: 658px; padding: 0;&#10;width: 99.375%; width: -webkit-calc(100% - 2px); width: calc(100% - 2px);\">\n<\/blockquote>\n<p data-gtm-element-container=\"modulo-texto-link\" class=\"paragraph\">Brooks Nader estuvo sentada en primera fila cuando Alcaraz jug\u00f3 contra Arthur Rinderknech el 31 de agosto. El murciano acabar\u00eda venciendo en la final a Sinner el 7 de septiembre.<\/p>\n<p data-gtm-element-container=\"modulo-texto-link\" class=\"paragraph\">La modelo estuvo casada con el inversor inmobiliario Billy Haire, pero se separaron en el 2024. Tambi\u00e9n se la relacion\u00f3 con Tom Brady en el verano del 2024, pero sin duda, su protagonismo en las revistas del coraz\u00f3n fue debido al breve noviazgo en el 2024 con Constantino Alexios de Grecia, hijo de los pr\u00edncipes Pablo y Marie-Chantal de Grecia. Juntos asistieron al enlace de Olivia Culpo, Miss Universo 2012, con el jugador de la NFL Christian McCaffrey.<\/p>\n","protected":false},"excerpt":{"rendered":"La modelo Brooks Nader, de 28 a\u00f1os, que seg\u00fan confirm\u00f3 su propia hermana est\u00e1 saliendo con el tenista&hellip;\n","protected":false},"author":2,"featured_media":110642,"comment_status":"","ping_status":"","sticky":false,"template":"","format":"standard","meta":{"footnotes":""},"categories":[274],"tags":[168,25,24,23,167,327,326],"class_list":{"0":"post-110641","1":"post","2":"type-post","3":"status-publish","4":"format-standard","5":"has-post-thumbnail","7":"category-tenis","8":"tag-deportes","9":"tag-es","10":"tag-espana","11":"tag-spain","12":"tag-sports","13":"tag-tenis","14":"tag-tennis"},"share_on_mastodon":{"url":"","error":""},"_links":{"self":[{"href":"https:\/\/www.europesays.com\/es\/wp-json\/wp\/v2\/posts\/110641","targetHints":{"allow":["GET"]}}],"collection":[{"href":"https:\/\/www.europesays.com\/es\/wp-json\/wp\/v2\/posts"}],"about":[{"href":"https:\/\/www.europesays.com\/es\/wp-json\/wp\/v2\/types\/post"}],"author":[{"embeddable":true,"href":"https:\/\/www.europesays.com\/es\/wp-json\/wp\/v2\/users\/2"}],"replies":[{"embeddable":true,"href":"https:\/\/www.europesays.com\/es\/wp-json\/wp\/v2\/comments?post=110641"}],"version-history":[{"count":0,"href":"https:\/\/www.europesays.com\/es\/wp-json\/wp\/v2\/posts\/110641\/revisions"}],"wp:featuredmedia":[{"embeddable":true,"href":"https:\/\/www.europesays.com\/es\/wp-json\/wp\/v2\/media\/110642"}],"wp:attachment":[{"href":"https:\/\/www.europesays.com\/es\/wp-json\/wp\/v2\/media?parent=110641"}],"wp:term":[{"taxonomy":"category","embeddable":true,"href":"https:\/\/www.europesays.com\/es\/wp-json\/wp\/v2\/categories?post=110641"},{"taxonomy":"post_tag","embeddable":true,"href":"https:\/\/www.europesays.com\/es\/wp-json\/wp\/v2\/tags?post=110641"}],"curies":[{"name":"wp","href":"https:\/\/api.w.org\/{rel}","templated":true}]}}