{"id":110717,"date":"2025-09-12T19:28:35","date_gmt":"2025-09-12T19:28:35","guid":{"rendered":"https:\/\/www.europesays.com\/es\/110717\/"},"modified":"2025-09-12T19:28:35","modified_gmt":"2025-09-12T19:28:35","slug":"un-caballo-herido-y-un-dulce-que-merecio-mas-meten-la-feria-de-albacete-en-un-pozo-de-mediocridad","status":"publish","type":"post","link":"https:\/\/www.europesays.com\/es\/110717\/","title":{"rendered":"Un caballo herido y un &#8216;Dulce&#8217; que mereci\u00f3 m\u00e1s meten la feria de Albacete en un pozo de mediocridad"},"content":{"rendered":"<p>La papeleta del s\u00e1bado y Morante fue el tema de conversaci\u00f3n del viernes en la feria. Han puesto a Caballero para que tome la alternativa. Sustituir a Morante no es posible. La soluci\u00f3n ser\u00eda, dice Mariano L\u00f3pez Ruiz, poner a 4 o 5 toreros en su lugar, como frailes Trinitarios. \u00bfS\u00e1bado de feria? Pues estamos toreando hasta las dos de la madrugada. No tenemos nada peor que hacer. El canje por Morante es el del Jes\u00fas de Medinaceli de Madrid, El Cautivo de verdad, no esa ficci\u00f3n que estrena hoy Amen\u00e1bar sobre un Cervantes sarasa que, como El Cordob\u00e9s, estuvo preso. \u00abLa puntita nada m\u00e1s\u00bb, nos dijo un d\u00eda el Ben\u00edtez. Los Trinitarios y Los Mercedarios instru\u00edan a frailes para intercambiarlos despu\u00e9s por esclavos, mujeres y ni\u00f1os en \u00c1frica. Llegado el momento, hubieron de recuperar al Nazareno de la t\u00fanica morada, que ahora reina cada Viernes Santo como Se\u00f1or de Madrid, y que cay\u00f3 en manos del Sult\u00e1n de Marruecos, que se divert\u00eda arrastr\u00e1ndolo por la ciudad y peg\u00e1ndole hachazos. Preguntaron a los moros que por cu\u00e1ntos frailes o por cu\u00e1nto dinero le dejaban llevarse la talla de vuelta a Madrid. Y estos les dijeron: \u00abLo pondremos en una balanza y nos dar\u00e9is su peso en monedas de oro\u00bb. El Cristo se suspendi\u00f3 milagrosamente sobre la balanza y marc\u00f3 \u00fanicamente el precio de 30 monedas. Por eso la tradici\u00f3n nos lleva a dejarle cada primer viernes de marzo tres monedas como diezmo. Manuel Caballero es el diezmo de Morante. Acertada decisi\u00f3n de la empresa.<\/p>\n<p>La corrida que trajo Victoriano del R\u00edo tambi\u00e9n vino diezmada. Destrozada por los figurines, empe\u00f1ados en hacer temporadas de solteros contra casados en vez de enfrentarse de t\u00fa a t\u00fa a la realidad de la fiesta, tan grande como cruda, y competir con la savia nueva. No vinieron a Albacete los toros que esta grandiosa familia ganadera quer\u00eda traer sino los que impusieron los toreros, que tienen una fuerza inexplicable, como jam\u00e1s la han tenido en la historia del toreo. S\u00ed para afeitar, pero no para exigir tanto. El primero, con aranceles en los cuernos, recibi\u00f3 un trato miserable por parte de Jos\u00e9 Mar\u00eda Manzanares, que lo masacr\u00f3 en el caballo. Bufando luego en el callej\u00f3n y dici\u00e9ndole al apoderado que qu\u00e9 malo era. El problema, para \u00e9l, es que esta ganader\u00eda tiene un fondo de casta como casi ninguna otra. Y el torero de Alicante tuvo que sacar su versi\u00f3n m\u00e1s poderosa para imponerse. Lo consigui\u00f3 por momentos, aunque solo por el pit\u00f3n derecho. El izquierdo no quiso ni verlo. Pivotando y haciendo la noria, retrasando la pierna y abusando del pico, pero con la inteligencia que dan los a\u00f1os. Supo dejarle la muleta en la cara en todo momento para traerlo cosido y lucir ese fondo y esa codicia, a veces \u00e1spera y con el denominador com\u00fan de embestir a media altura. El final, llevando al toro hacia los adentros con ayudados por bajo fue muy puro. Elegancia con sello Manzanares. Como la estocada, colosal. La oreja, cogida con alfileres. Petici\u00f3n \u00ednfima y fuerte bronca al palco.<\/p>\n<p><a href=\"https:\/\/www.europesays.com\/es\/wp-content\/uploads\/2025\/09\/photo_2025-09-12-20.44.34.jpeg\" data-slb-active=\"1\" data-slb-asset=\"488311942\" data-slb-internal=\"0\" data-slb-group=\"slb\"><img loading=\"lazy\" decoding=\"async\" width=\"1200\" height=\"800\" data-id=\"1065409\" src=\"https:\/\/www.europesays.com\/es\/wp-content\/uploads\/2025\/09\/photo_2025-09-12-20.44.34.jpeg\" alt=\"\" class=\"wp-image-1065409\"  \/><\/a><\/p>\n<p><a href=\"https:\/\/www.europesays.com\/es\/wp-content\/uploads\/2025\/09\/photo_2025-09-12-20.44.40.jpeg\" data-slb-active=\"1\" data-slb-asset=\"398195573\" data-slb-internal=\"0\" data-slb-group=\"slb\"><img loading=\"lazy\" decoding=\"async\" width=\"1200\" height=\"800\" data-id=\"1065405\" src=\"https:\/\/www.europesays.com\/es\/wp-content\/uploads\/2025\/09\/photo_2025-09-12-20.44.40.jpeg\" alt=\"\" class=\"wp-image-1065405\"  \/><\/a><\/p>\n<p><a href=\"https:\/\/www.europesays.com\/es\/wp-content\/uploads\/2025\/09\/photo_2025-09-12-20.44.47.jpeg\" data-slb-active=\"1\" data-slb-asset=\"808068487\" data-slb-internal=\"0\" data-slb-group=\"slb\"><img loading=\"lazy\" decoding=\"async\" width=\"1200\" height=\"801\" data-id=\"1065400\" src=\"https:\/\/www.europesays.com\/es\/wp-content\/uploads\/2025\/09\/photo_2025-09-12-20.44.47.jpeg\" alt=\"\" class=\"wp-image-1065400\"  \/><\/a><\/p>\n<p><a href=\"https:\/\/www.europesays.com\/es\/wp-content\/uploads\/2025\/09\/photo_2025-09-12-20.44.37.jpeg\" data-slb-active=\"1\" data-slb-asset=\"2128813186\" data-slb-internal=\"0\" data-slb-group=\"slb\"><img loading=\"lazy\" decoding=\"async\" width=\"1200\" height=\"800\" data-id=\"1065407\" src=\"https:\/\/www.europesays.com\/es\/wp-content\/uploads\/2025\/09\/photo_2025-09-12-20.44.37.jpeg\" alt=\"\" class=\"wp-image-1065407\"  \/><\/a><\/p>\n<p><a href=\"https:\/\/www.europesays.com\/es\/wp-content\/uploads\/2025\/09\/photo_2025-09-12-20.44.46.jpeg\" data-slb-active=\"1\" data-slb-asset=\"886090154\" data-slb-internal=\"0\" data-slb-group=\"slb\"><img loading=\"lazy\" decoding=\"async\" width=\"1200\" height=\"800\" data-id=\"1065401\" src=\"https:\/\/www.europesays.com\/es\/wp-content\/uploads\/2025\/09\/photo_2025-09-12-20.44.46.jpeg\" alt=\"\" class=\"wp-image-1065401\"  \/><\/a><\/p>\n<p>El cuarto toro fue muy pegajoso desde que sali\u00f3. Se acab\u00f3 haciendo el amo del ruedo, algo de lo que alert\u00f3 Manzanares a su banderillero Trujillo. Cuando se qued\u00f3 solo con el torero, el animal decidi\u00f3 que no iba a embestir m\u00e1s. Y cuando lo hizo fue para aterrizar en el ruedo. Ni rastro de la casta. Abrevi\u00f3 con buen criterio y lo mat\u00f3 con otra estocada sencillamente perfecta.<\/p>\n<p>Juan Ortega demostr\u00f3 que s\u00ed tiene recursos. Se faj\u00f3 con el novillote que hizo tercero y se puso en modo lidiador, jugando los brazos y sac\u00e1ndose al toro a los medios con mucho oficio. Lo remat\u00f3 con una media torer\u00edsima. No le dieron nada en el caballo antes de que el sevillano dejara un quite a la ver\u00f3nica de muchos quilates. Brind\u00f3 al p\u00fablico la faena a \u2018Dulce\u2019. Un hermano de este toro se llev\u00f3 toros los premios en el San Isidro del a\u00f1o pasado. Dijo de aquel el ganadero que pudo ser de los toros con m\u00e1s clase que nunca ha lidiado. Este, muy inferior en cuanto a trap\u00edo, fue otro monumento a la categor\u00eda y a la calidad brava. No dej\u00f3 de embestir, con un ritmo reducido. Ese que se sue\u00f1a cuando se torea sal\u00f3n. Ortega no lo cuaj\u00f3, aunque s\u00ed dejo momentos, detalles y destellos de un nivel sideral. No se impuso al natural y por eso la faena qued\u00f3 en una oreja. El toro era para cortarle el rabo. Con la muleta en la mano derecha s\u00ed consigui\u00f3 Ortega ralentizar esas embestidas. Rugi\u00f3 Albacete. Cuando parec\u00eda que la faena iba a despegar hacia cotas desconocidas \u00faltimamente en este caso, Ortega se amonton\u00f3. Se meti\u00f3 tambi\u00e9n en la oreja del animal para hacer esa noria tan vulgar e impropia en \u00e9l. Lo \u00fanico que se sali\u00f3 de su concepto. Tan exquisito y sibarita es que hasta un macho que se le descolg\u00f3 de la hombrera cay\u00f3 de pie. Menos mal que el mozo de espadas de Talavante advirti\u00f3 a un banderillero, porque una arenera estaba ya agach\u00e1ndose a por \u00e9l. No acert\u00f3 con la espada y cay\u00f3 una oreja insuficiente para tama\u00f1a calidad de toro.<\/p>\n<p><a href=\"https:\/\/www.europesays.com\/es\/wp-content\/uploads\/2025\/09\/photo_2025-09-12-20.44.20.jpeg\" data-slb-active=\"1\" data-slb-asset=\"1104010088\" data-slb-internal=\"0\" data-slb-group=\"slb\"><img loading=\"lazy\" decoding=\"async\" width=\"1200\" height=\"800\" data-id=\"1065424\" src=\"https:\/\/www.europesays.com\/es\/wp-content\/uploads\/2025\/09\/photo_2025-09-12-20.44.20.jpeg\" alt=\"\" class=\"wp-image-1065424\"  \/><\/a><\/p>\n<p><a href=\"https:\/\/www.europesays.com\/es\/wp-content\/uploads\/2025\/09\/photo_2025-09-12-20.44.22.jpeg\" data-slb-active=\"1\" data-slb-asset=\"1824888818\" data-slb-internal=\"0\" data-slb-group=\"slb\"><img loading=\"lazy\" decoding=\"async\" width=\"1200\" height=\"799\" data-id=\"1065423\" src=\"https:\/\/www.europesays.com\/es\/wp-content\/uploads\/2025\/09\/photo_2025-09-12-20.44.22.jpeg\" alt=\"\" class=\"wp-image-1065423\"  \/><\/a><\/p>\n<p><a href=\"https:\/\/www.europesays.com\/es\/wp-content\/uploads\/2025\/09\/photo_2025-09-12-20.44.22-1.jpeg\" data-slb-active=\"1\" data-slb-asset=\"743596852\" data-slb-internal=\"0\" data-slb-group=\"slb\"><img loading=\"lazy\" decoding=\"async\" width=\"1200\" height=\"800\" data-id=\"1065422\" src=\"https:\/\/www.europesays.com\/es\/wp-content\/uploads\/2025\/09\/photo_2025-09-12-20.44.22-1.jpeg\" alt=\"\" class=\"wp-image-1065422\"  \/><\/a><\/p>\n<p><a href=\"https:\/\/www.europesays.com\/es\/wp-content\/uploads\/2025\/09\/photo_2025-09-12-20.44.23.jpeg\" data-slb-active=\"1\" data-slb-asset=\"1263742378\" data-slb-internal=\"0\" data-slb-group=\"slb\"><img loading=\"lazy\" decoding=\"async\" width=\"1200\" height=\"800\" data-id=\"1065421\" src=\"https:\/\/www.europesays.com\/es\/wp-content\/uploads\/2025\/09\/photo_2025-09-12-20.44.23.jpeg\" alt=\"\" class=\"wp-image-1065421\"  \/><\/a><\/p>\n<p><a href=\"https:\/\/www.europesays.com\/es\/wp-content\/uploads\/2025\/09\/photo_2025-09-12-20.44.24.jpeg\" data-slb-active=\"1\" data-slb-asset=\"675318960\" data-slb-internal=\"0\" data-slb-group=\"slb\"><img loading=\"lazy\" decoding=\"async\" width=\"1200\" height=\"800\" data-id=\"1065420\" src=\"https:\/\/www.europesays.com\/es\/wp-content\/uploads\/2025\/09\/photo_2025-09-12-20.44.24.jpeg\" alt=\"\" class=\"wp-image-1065420\"  \/><\/a><\/p>\n<p><a href=\"https:\/\/www.europesays.com\/es\/wp-content\/uploads\/2025\/09\/photo_2025-09-12-20.44.25.jpeg\" data-slb-active=\"1\" data-slb-asset=\"989654625\" data-slb-internal=\"0\" data-slb-group=\"slb\"><img loading=\"lazy\" decoding=\"async\" width=\"1200\" height=\"800\" data-id=\"1065419\" src=\"https:\/\/www.europesays.com\/es\/wp-content\/uploads\/2025\/09\/photo_2025-09-12-20.44.25.jpeg\" alt=\"\" class=\"wp-image-1065419\"  \/><\/a><\/p>\n<p><a href=\"https:\/\/www.europesays.com\/es\/wp-content\/uploads\/2025\/09\/photo_2025-09-12-20.44.26.jpeg\" data-slb-active=\"1\" data-slb-asset=\"306029456\" data-slb-internal=\"0\" data-slb-group=\"slb\"><img loading=\"lazy\" decoding=\"async\" width=\"1200\" height=\"800\" data-id=\"1065417\" src=\"https:\/\/www.europesays.com\/es\/wp-content\/uploads\/2025\/09\/photo_2025-09-12-20.44.26.jpeg\" alt=\"\" class=\"wp-image-1065417\"  \/><\/a><\/p>\n<p><a href=\"https:\/\/www.europesays.com\/es\/wp-content\/uploads\/2025\/09\/photo_2025-09-12-20.44.27.jpeg\" data-slb-active=\"1\" data-slb-asset=\"1038606796\" data-slb-internal=\"0\" data-slb-group=\"slb\"><img loading=\"lazy\" decoding=\"async\" width=\"1200\" height=\"800\" data-id=\"1065416\" src=\"https:\/\/www.europesays.com\/es\/wp-content\/uploads\/2025\/09\/photo_2025-09-12-20.44.27.jpeg\" alt=\"\" class=\"wp-image-1065416\"  \/><\/a><\/p>\n<p><a href=\"https:\/\/www.europesays.com\/es\/wp-content\/uploads\/2025\/09\/photo_2025-09-12-20.44.28.jpeg\" data-slb-active=\"1\" data-slb-asset=\"1630708711\" data-slb-internal=\"0\" data-slb-group=\"slb\"><img loading=\"lazy\" decoding=\"async\" width=\"1200\" height=\"800\" data-id=\"1065415\" src=\"https:\/\/www.europesays.com\/es\/wp-content\/uploads\/2025\/09\/photo_2025-09-12-20.44.28.jpeg\" alt=\"\" class=\"wp-image-1065415\"  \/><\/a><\/p>\n<p>El sexto fue un toro grand\u00f3n, ese volumen tan particular que fue gestando por la v\u00eda de la mejor alquimia Atanasio Fern\u00e1ndez. Con el hierro del Puerto de San Lorenzo, \u2018Cubanoso\u2019, de nombre. Cu\u00e1ntos toros grandiosos hijos de las vacas Cubanas en ese encaste. Volvi\u00f3 a sacar la versi\u00f3n m\u00e1s currela de Juan Ortega, que solvent\u00f3 la papeleta pese al toro y pese al viento. Lo masacraron vilmente en el caballo. Un puyazo criminal y denunciable. El toro lleg\u00f3 a la muleta gritando \u00absayonara\u00bb. Estuvo muy bien con \u00e9l Juan Ortega, que dej\u00f3 algunos naturales muy conseguidos, aunque con la m\u00e1cula de tener que ayudarse con el estoque para salvar los embates del viento. Para cerrar la faena, unos muletazos de castigo que por s\u00ed solos deber\u00edan valer una oreja. La lidia antigua no encaja en el esquema mental del nuevo p\u00fablico. Otra batalla perdida. Se atranc\u00f3 con los aceros y acab\u00f3 saludando una sentida ovaci\u00f3n.<\/p>\n<p><a href=\"https:\/\/www.europesays.com\/es\/wp-content\/uploads\/2025\/09\/photo_2025-09-12-20.45.38.jpeg\" data-slb-active=\"1\" data-slb-asset=\"1161526134\" data-slb-internal=\"0\" data-slb-group=\"slb\"><img loading=\"lazy\" decoding=\"async\" width=\"1200\" height=\"800\" data-id=\"1065372\" src=\"https:\/\/www.europesays.com\/es\/wp-content\/uploads\/2025\/09\/photo_2025-09-12-20.45.38.jpeg\" alt=\"\" class=\"wp-image-1065372\"  \/><\/a><\/p>\n<p><a href=\"https:\/\/www.europesays.com\/es\/wp-content\/uploads\/2025\/09\/photo_2025-09-12-20.45.39.jpeg\" data-slb-active=\"1\" data-slb-asset=\"693405700\" data-slb-internal=\"0\" data-slb-group=\"slb\"><img loading=\"lazy\" decoding=\"async\" width=\"1200\" height=\"800\" data-id=\"1065371\" src=\"https:\/\/www.europesays.com\/es\/wp-content\/uploads\/2025\/09\/photo_2025-09-12-20.45.39.jpeg\" alt=\"\" class=\"wp-image-1065371\"  \/><\/a><\/p>\n<p><a href=\"https:\/\/www.europesays.com\/es\/wp-content\/uploads\/2025\/09\/photo_2025-09-12-20.45.40.jpeg\" data-slb-active=\"1\" data-slb-asset=\"613841958\" data-slb-internal=\"0\" data-slb-group=\"slb\"><img loading=\"lazy\" decoding=\"async\" width=\"1200\" height=\"800\" data-id=\"1065370\" src=\"https:\/\/www.europesays.com\/es\/wp-content\/uploads\/2025\/09\/photo_2025-09-12-20.45.40.jpeg\" alt=\"\" class=\"wp-image-1065370\"  \/><\/a><\/p>\n<p><a href=\"https:\/\/www.europesays.com\/es\/wp-content\/uploads\/2025\/09\/photo_2025-09-12-20.45.41.jpeg\" data-slb-active=\"1\" data-slb-asset=\"638419367\" data-slb-internal=\"0\" data-slb-group=\"slb\"><img loading=\"lazy\" decoding=\"async\" width=\"1200\" height=\"800\" data-id=\"1065369\" src=\"https:\/\/www.europesays.com\/es\/wp-content\/uploads\/2025\/09\/photo_2025-09-12-20.45.41.jpeg\" alt=\"\" class=\"wp-image-1065369\"  \/><\/a><\/p>\n<p><a href=\"https:\/\/www.europesays.com\/es\/wp-content\/uploads\/2025\/09\/photo_2025-09-12-20.45.43.jpeg\" data-slb-active=\"1\" data-slb-asset=\"2041437003\" data-slb-internal=\"0\" data-slb-group=\"slb\"><img loading=\"lazy\" decoding=\"async\" width=\"1200\" height=\"800\" data-id=\"1065367\" src=\"https:\/\/www.europesays.com\/es\/wp-content\/uploads\/2025\/09\/photo_2025-09-12-20.45.43.jpeg\" alt=\"\" class=\"wp-image-1065367\"  \/><\/a><\/p>\n<p><a href=\"https:\/\/www.europesays.com\/es\/wp-content\/uploads\/2025\/09\/photo_2025-09-12-20.45.47.jpeg\" data-slb-active=\"1\" data-slb-asset=\"291734756\" data-slb-internal=\"0\" data-slb-group=\"slb\"><img loading=\"lazy\" decoding=\"async\" width=\"1200\" height=\"801\" data-id=\"1065364\" src=\"https:\/\/www.europesays.com\/es\/wp-content\/uploads\/2025\/09\/photo_2025-09-12-20.45.47.jpeg\" alt=\"\" class=\"wp-image-1065364\"  \/><\/a><\/p>\n<p><a href=\"https:\/\/www.europesays.com\/es\/wp-content\/uploads\/2025\/09\/photo_2025-09-12-20.45.46.jpeg\" data-slb-active=\"1\" data-slb-asset=\"1075869901\" data-slb-internal=\"0\" data-slb-group=\"slb\"><img loading=\"lazy\" decoding=\"async\" width=\"1200\" height=\"801\" data-id=\"1065365\" src=\"https:\/\/www.europesays.com\/es\/wp-content\/uploads\/2025\/09\/photo_2025-09-12-20.45.46.jpeg\" alt=\"\" class=\"wp-image-1065365\"  \/><\/a><\/p>\n<p>El segundo toro de la tarde llevaba dos cornettos por pitones. Precioso el toro, eso s\u00ed. Acucharado, badanudo y con ese punto de m\u00e1s que le da siempre Victoriano del R\u00edo a sus toros en lo que a trap\u00edo se refiere. Lo trat\u00f3 de lujo Alejandro Talavante en los primeros compases. El puyazo, un pellizquito de nada, fue la antesala de un quite por chicuelinas muy garboso. Muy templado despu\u00e9s con la muleta, pero el toro no rompi\u00f3. Muy descastado, defendi\u00e9ndose en todo momento. La afici\u00f3n no aguant\u00f3 m\u00e1s que dos tandas y empez\u00f3 a pitar y a pedirle al matador que hiciese honor a su profesi\u00f3n. Les hizo caso, un macheteo muy torero y a por la espada, que utiliz\u00f3 de maravilla. Estoconazo letal y un gesto al p\u00fablico: \u00aben el siguiente va a ser\u00bb.<\/p>\n<p><a href=\"https:\/\/www.europesays.com\/es\/wp-content\/uploads\/2025\/09\/photo_2025-09-12-20.44.51.jpeg\" data-slb-active=\"1\" data-slb-asset=\"1217855142\" data-slb-internal=\"0\" data-slb-group=\"slb\"><img loading=\"lazy\" decoding=\"async\" width=\"1200\" height=\"800\" data-id=\"1065397\" src=\"https:\/\/www.europesays.com\/es\/wp-content\/uploads\/2025\/09\/photo_2025-09-12-20.44.51.jpeg\" alt=\"\" class=\"wp-image-1065397\"  \/><\/a><\/p>\n<p><a href=\"https:\/\/www.europesays.com\/es\/wp-content\/uploads\/2025\/09\/photo_2025-09-12-20.44.52.jpeg\" data-slb-active=\"1\" data-slb-asset=\"1905178303\" data-slb-internal=\"0\" data-slb-group=\"slb\"><img loading=\"lazy\" decoding=\"async\" width=\"1200\" height=\"799\" data-id=\"1065396\" src=\"https:\/\/www.europesays.com\/es\/wp-content\/uploads\/2025\/09\/photo_2025-09-12-20.44.52.jpeg\" alt=\"\" class=\"wp-image-1065396\"  \/><\/a><\/p>\n<p><a href=\"https:\/\/www.europesays.com\/es\/wp-content\/uploads\/2025\/09\/photo_2025-09-12-20.44.53.jpeg\" data-slb-active=\"1\" data-slb-asset=\"104259028\" data-slb-internal=\"0\" data-slb-group=\"slb\"><img loading=\"lazy\" decoding=\"async\" width=\"1200\" height=\"801\" data-id=\"1065395\" src=\"https:\/\/www.europesays.com\/es\/wp-content\/uploads\/2025\/09\/photo_2025-09-12-20.44.53.jpeg\" alt=\"\" class=\"wp-image-1065395\"  \/><\/a><\/p>\n<p><a href=\"https:\/\/www.europesays.com\/es\/wp-content\/uploads\/2025\/09\/photo_2025-09-12-20.44.55.jpeg\" data-slb-active=\"1\" data-slb-asset=\"1676524358\" data-slb-internal=\"0\" data-slb-group=\"slb\"><img loading=\"lazy\" decoding=\"async\" width=\"1200\" height=\"801\" data-id=\"1065394\" src=\"https:\/\/www.europesays.com\/es\/wp-content\/uploads\/2025\/09\/photo_2025-09-12-20.44.55.jpeg\" alt=\"\" class=\"wp-image-1065394\"  \/><\/a><\/p>\n<p><a href=\"https:\/\/www.europesays.com\/es\/wp-content\/uploads\/2025\/09\/photo_2025-09-12-20.44.56.jpeg\" data-slb-active=\"1\" data-slb-asset=\"1125055081\" data-slb-internal=\"0\" data-slb-group=\"slb\"><img loading=\"lazy\" decoding=\"async\" width=\"1200\" height=\"801\" data-id=\"1065393\" src=\"https:\/\/www.europesays.com\/es\/wp-content\/uploads\/2025\/09\/photo_2025-09-12-20.44.56.jpeg\" alt=\"\" class=\"wp-image-1065393\"  \/><\/a><\/p>\n<p><a href=\"https:\/\/www.europesays.com\/es\/wp-content\/uploads\/2025\/09\/photo_2025-09-12-20.44.57.jpeg\" data-slb-active=\"1\" data-slb-asset=\"1732360146\" data-slb-internal=\"0\" data-slb-group=\"slb\"><img loading=\"lazy\" decoding=\"async\" width=\"1200\" height=\"800\" data-id=\"1065392\" src=\"https:\/\/www.europesays.com\/es\/wp-content\/uploads\/2025\/09\/photo_2025-09-12-20.44.57.jpeg\" alt=\"\" class=\"wp-image-1065392\"  \/><\/a><\/p>\n<p><a href=\"https:\/\/www.europesays.com\/es\/wp-content\/uploads\/2025\/09\/photo_2025-09-12-20.45.00.jpeg\" data-slb-active=\"1\" data-slb-asset=\"1662824828\" data-slb-internal=\"0\" data-slb-group=\"slb\"><img loading=\"lazy\" decoding=\"async\" width=\"1200\" height=\"800\" data-id=\"1065390\" src=\"https:\/\/www.europesays.com\/es\/wp-content\/uploads\/2025\/09\/photo_2025-09-12-20.45.00.jpeg\" alt=\"\" class=\"wp-image-1065390\"  \/><\/a><\/p>\n<p>Promesa incumplida. Con el quinto cambiamos de ganader\u00eda y pasamos a La Ventana del Puerto, el reducto Domecq de los Fraile. Un toro de un enorme trap\u00edo, serio por donde lo mirases. Salvo por las puntas, claro. Apret\u00f3 con celo en el caballo y acab\u00f3 derribando a Manuel Cid, que hab\u00eda marcado un gran puyazo. Tal fue el ansia del toro que acab\u00f3 salvando el peto y corneando de manera dram\u00e1tica al caballo en el cuello. La sangre empez\u00f3 a manar y la gente del Pimpi, con gestos de rabia, trat\u00f3 de frenar la hemorragia metiendo pa\u00f1os en el boquete. En segundos, ese olor a hierro. Un shock en la plaza. Cuando Talavante lleg\u00f3 a la muleta no se hab\u00eda recuperado a\u00fan la gente del impacto. \u00a1C\u00f3mo ser\u00eda aquella tauromaquia sin peto! El toro se movi\u00f3 sin estilo y Talavante, salvo en un inicio genuflexo de m\u00e1xima categor\u00eda, no hizo por ser el torero que un d\u00eda nos encandil\u00f3. Fuera de sitio y pasando el rato, especialmente con una mano izquierda que ha conocido mejores \u00e9pocas. Albacete no toler\u00f3 la actitud y fue muy severa con \u00e9l ya en el transcurrir del conato de faena. Mal con la espada y bronca gorda.<\/p>\n<p><a href=\"https:\/\/www.europesays.com\/es\/wp-content\/uploads\/2025\/09\/photo_2025-09-12-20.45.25.jpeg\" data-slb-active=\"1\" data-slb-asset=\"1200784360\" data-slb-internal=\"0\" data-slb-group=\"slb\"><img loading=\"lazy\" decoding=\"async\" width=\"1200\" height=\"800\" data-id=\"1065379\" src=\"https:\/\/www.europesays.com\/es\/wp-content\/uploads\/2025\/09\/photo_2025-09-12-20.45.25.jpeg\" alt=\"\" class=\"wp-image-1065379\"  \/><\/a><\/p>\n<p><a href=\"https:\/\/www.europesays.com\/es\/wp-content\/uploads\/2025\/09\/photo_2025-09-12-20.45.27.jpeg\" data-slb-active=\"1\" data-slb-asset=\"484848017\" data-slb-internal=\"0\" data-slb-group=\"slb\"><img loading=\"lazy\" decoding=\"async\" width=\"1200\" height=\"800\" data-id=\"1065378\" src=\"https:\/\/www.europesays.com\/es\/wp-content\/uploads\/2025\/09\/photo_2025-09-12-20.45.27.jpeg\" alt=\"\" class=\"wp-image-1065378\"  \/><\/a><\/p>\n<p><a href=\"https:\/\/www.europesays.com\/es\/wp-content\/uploads\/2025\/09\/photo_2025-09-12-20.45.24.jpeg\" data-slb-active=\"1\" data-slb-asset=\"1042827038\" data-slb-internal=\"0\" data-slb-group=\"slb\"><img loading=\"lazy\" decoding=\"async\" width=\"1200\" height=\"800\" data-id=\"1065380\" src=\"https:\/\/www.europesays.com\/es\/wp-content\/uploads\/2025\/09\/photo_2025-09-12-20.45.24.jpeg\" alt=\"\" class=\"wp-image-1065380\"  \/><\/a><\/p>\n<p><a href=\"https:\/\/www.europesays.com\/es\/wp-content\/uploads\/2025\/09\/photo_2025-09-12-20.45.30.jpeg\" data-slb-active=\"1\" data-slb-asset=\"603325008\" data-slb-internal=\"0\" data-slb-group=\"slb\"><img loading=\"lazy\" decoding=\"async\" width=\"1200\" height=\"800\" data-id=\"1065376\" src=\"https:\/\/www.europesays.com\/es\/wp-content\/uploads\/2025\/09\/photo_2025-09-12-20.45.30.jpeg\" alt=\"\" class=\"wp-image-1065376\"  \/><\/a><\/p>\n<p><a href=\"https:\/\/www.europesays.com\/es\/wp-content\/uploads\/2025\/09\/photo_2025-09-12-20.45.28.jpeg\" data-slb-active=\"1\" data-slb-asset=\"483673918\" data-slb-internal=\"0\" data-slb-group=\"slb\"><img loading=\"lazy\" decoding=\"async\" width=\"1200\" height=\"800\" data-id=\"1065377\" src=\"https:\/\/www.europesays.com\/es\/wp-content\/uploads\/2025\/09\/photo_2025-09-12-20.45.28.jpeg\" alt=\"\" class=\"wp-image-1065377\"  \/><\/a><\/p>\n<p><a href=\"https:\/\/www.europesays.com\/es\/wp-content\/uploads\/2025\/09\/photo_2025-09-12-20.45.33.jpeg\" data-slb-active=\"1\" data-slb-asset=\"1907599496\" data-slb-internal=\"0\" data-slb-group=\"slb\"><img loading=\"lazy\" decoding=\"async\" width=\"1200\" height=\"801\" data-id=\"1065374\" src=\"https:\/\/www.europesays.com\/es\/wp-content\/uploads\/2025\/09\/photo_2025-09-12-20.45.33.jpeg\" alt=\"\" class=\"wp-image-1065374\"  \/><\/a><\/p>\n<p>Es una pena gigantesca ver a Talavante, el gran genio creativo de este siglo, en ese estado de apat\u00eda. Quiz\u00e1 si hacemos un p\u00f3dium de mejores toreros de los \u00faltimos 25 a\u00f1os no lo metamos, pero si rememoramos grandes faenas, es bastante probable que el n\u00famero ewuno sea \u00e9l. El que m\u00e1s nos ha hecho gozar por su ingenio, su talento y porque es un revolucionario. En Albacete hay uno como \u00e9l, aunque ese no ha perdido el sitio. Va a m\u00e1s cada a\u00f1o que pasa. Rodolfo Mart\u00ednez, patr\u00f3n de Las Rejas, el restaurante de nuestras vidas. Si lo de las Estrellas Michel\u00edn fuera fiable, Rodolfo tendr\u00eda todas las del mundo. Y Talavante orejas de oro para hacer una raci\u00f3n en salsa. Y Messi, 18 balones de oro. Las Rejas es una bacanal gastron\u00f3mica. No hay dos cosas iguales en dos d\u00edas distintos. La inquietud por ser el mejor. La curiosidad por descubrir cosas. El socialismo caviar tiene su mesa reservada siempre. En la cuchara es el gran maestro. En la nevera de la barra siempre ves producto del que te entra por los ojos. Y si sabes escuchar, Rodolfo te camela con lo mejor. Maneja el hongo como Jimi Hendrix la guitarra. Estos d\u00edas tiene una sopa hojaldrada de fais\u00e1n con amanita y foie que Coy indultar\u00eda. Esa ensalada de perdiz en escabeche evoca grandes jornadas de caza de patirrojas en la Nava de Abajo. \u00a1Qu\u00e9 bravas eran! Vayan a ver a Rodolfo siempre que puedan, aunque sea solo por contemplar esa vajilla. Y a Talavante, pese a todo, seguiremos yendo a verlo. No me creo que se vaya del toreo sin, por lo menos, volver a darnos un tarde como aquellas de antes de 2018.<\/p>\n<p>FICHA DEL FESTEJO<br \/>Viernes 12 de septiembre de 2025. Albacete. 5\u00aa de la feria de la Virgen de Los Llanos. Lleno. Toros de Victoriano del R\u00edo, La Ventana del Puerto (5\u00ba) y Puerto de San Lorenzo (6\u00ba). Muy desiguales de presentaci\u00f3n, con alguno impresentable. El 3\u00ba, un superclase. Destac\u00f3 tambi\u00e9n el fondo del 1\u00ba.<br \/>Jos\u00e9 Mar\u00eda Manzanares: oreja muy protestada y silencio.<br \/>Alejandro Talavante: pitos y bronca.<br \/>Juan Ortega: oreja y ovaci\u00f3n.<\/p>\n","protected":false},"excerpt":{"rendered":"La papeleta del s\u00e1bado y Morante fue el tema de conversaci\u00f3n del viernes en la feria. Han puesto&hellip;\n","protected":false},"author":2,"featured_media":110718,"comment_status":"","ping_status":"","sticky":false,"template":"","format":"standard","meta":{"footnotes":""},"categories":[277],"tags":[373,168,25,24,338,23,167,374],"class_list":{"0":"post-110717","1":"post","2":"type-post","3":"status-publish","4":"format-standard","5":"has-post-thumbnail","7":"category-toreo","8":"tag-bullfighting","9":"tag-deportes","10":"tag-es","11":"tag-espana","12":"tag-portada","13":"tag-spain","14":"tag-sports","15":"tag-toreo"},"share_on_mastodon":{"url":"","error":""},"_links":{"self":[{"href":"https:\/\/www.europesays.com\/es\/wp-json\/wp\/v2\/posts\/110717","targetHints":{"allow":["GET"]}}],"collection":[{"href":"https:\/\/www.europesays.com\/es\/wp-json\/wp\/v2\/posts"}],"about":[{"href":"https:\/\/www.europesays.com\/es\/wp-json\/wp\/v2\/types\/post"}],"author":[{"embeddable":true,"href":"https:\/\/www.europesays.com\/es\/wp-json\/wp\/v2\/users\/2"}],"replies":[{"embeddable":true,"href":"https:\/\/www.europesays.com\/es\/wp-json\/wp\/v2\/comments?post=110717"}],"version-history":[{"count":0,"href":"https:\/\/www.europesays.com\/es\/wp-json\/wp\/v2\/posts\/110717\/revisions"}],"wp:featuredmedia":[{"embeddable":true,"href":"https:\/\/www.europesays.com\/es\/wp-json\/wp\/v2\/media\/110718"}],"wp:attachment":[{"href":"https:\/\/www.europesays.com\/es\/wp-json\/wp\/v2\/media?parent=110717"}],"wp:term":[{"taxonomy":"category","embeddable":true,"href":"https:\/\/www.europesays.com\/es\/wp-json\/wp\/v2\/categories?post=110717"},{"taxonomy":"post_tag","embeddable":true,"href":"https:\/\/www.europesays.com\/es\/wp-json\/wp\/v2\/tags?post=110717"}],"curies":[{"name":"wp","href":"https:\/\/api.w.org\/{rel}","templated":true}]}}