{"id":110721,"date":"2025-09-12T19:30:08","date_gmt":"2025-09-12T19:30:08","guid":{"rendered":"https:\/\/www.europesays.com\/es\/110721\/"},"modified":"2025-09-12T19:30:08","modified_gmt":"2025-09-12T19:30:08","slug":"colima-impulsa-el-turismo-deportivo-con-sus-seis-campos-de-golf-grupo-milenio","status":"publish","type":"post","link":"https:\/\/www.europesays.com\/es\/110721\/","title":{"rendered":"Colima impulsa el turismo deportivo con sus seis campos de golf- Grupo Milenio"},"content":{"rendered":"<p>\t\t\t\t\t\t\t\t\t\t\tGerardo Contreras<\/p>\n<p>\n\t\t\t\t\tCiudad de M\u00e9xico \/ 11.09.2025 10:49:00<\/p>\n<p>En la cuarta edici\u00f3n de la <a href=\"https:\/\/expogolfmexico.com.mx\/\" title=\"Expo Golf\" target=\"_blank\" rel=\"nofollow noopener\">Expo Golf<\/a>, el estado de <strong>Colima dio a conocer sus seis campos de golf que van de los 9 a los 27 hoyos y ofrecen distintos desaf\u00edos.<\/strong> La entidad destaca por ser la de mayor densidad de campos de golf por kil\u00f3metro cuadrado en el pa\u00eds. <\/p>\n<p>En el evento, realizado en el Centro Banamex de la Ciudad de M\u00e9xico, autoridades y representantes de la industria del golf coincidieron en que l<strong>a ubicaci\u00f3n geogr\u00e1fica, la variedad de escenarios y la facilidad de traslado convierten a Colima en un referente <\/strong>para los aficionados de este deporte.<\/p>\n<p>    \t<img decoding=\"async\" alt=\"__icon\" class=\"nd-related-news-detail-media-dual__icon\" src=\"https:\/\/www.milenio.com\/bundles\/appcamusassets\/dist\/images\/svg\/arrow-circle-right-solid.svg\" width=\"15\" height=\"15\" onerror=\"this.onerror=null;this.src=\\'\/bundles\/appcamusassets\/dist\/images\/logo-Milenio-2.jpg\\'\" loading=\"lazy\"\/><br \/>\n    Te recomendamos:<\/p>\n<p>Del mar a la monta\u00f1a<\/p>\n<p>El subsecretario de Turismo del estado, <strong>Jorge Padilla<\/strong>, explic\u00f3 que <strong>la principal fortaleza de Colima es la diversidad de escenarios en un espacio reducido.<\/strong> Cuatro de los campos se ubican en la zona de playa y los dos restantes en la zona volc\u00e1nica. <\/p>\n<blockquote><p><strong>\u201cLa oferta de golf en Colima va como nuestro eslogan dice: Del mar a la monta\u00f1a.<\/strong> Tenemos seis campos en un estado muy peque\u00f1o en el Pac\u00edfico mexicano, lo que nos da una posici\u00f3n muy interesante para disfrutar de este deporte\u201d, afirm\u00f3.<\/p><\/blockquote>\n<p>\t\t<img decoding=\"async\" class=\"nd-media-detail-caption__img\" alt=\"Colima present\u00f3 en la Expo Golf 2025 sus seis campos, se trata de un destino donde se combinan deporte, naturaleza, gastronom\u00eda y experiencias \u00fanicas.\" data-camus-image=\"\" data-camus-toolbar-image-position=\"topleft\" loading=\"lazy\" src=\"https:\/\/images.milenio.com\/n_O6-Dcg3Vc9mcxINYkTLfNPFUU=\/375x0\/uploads\/media\/2025\/09\/11\/subsecretario-turismo-jorge-padilla-destaco.JPG\" height=\"211\" width=\"375\" onerror=\"this.onerror=null;this.src=\\'\/bundles\/appcamusassets\/dist\/images\/logo-Milenio-2.jpg\\'\"\/><\/p>\n<p>  \tEl subsecretario de Turismo, Jorge Padilla, destac\u00f3 que la entidad ofrece experiencias \u201cdel mar a la monta\u00f1a\u201d en espacios \u00fanicos para golfistas. (Guillermo Quintero)<\/p>\n<p>  \t  \t<img decoding=\"async\" alt=\"filter-toggle\" class=\"nd-media-detail-caption__icon__icon\" src=\"https:\/\/www.milenio.com\/bundles\/appcamusassets\/dist\/images\/svg\/expand-solid.svg\" width=\"15\" height=\"15\" onerror=\"this.onerror=null;this.src=\\'\/bundles\/appcamusassets\/dist\/images\/logo-Milenio-2.jpg\\'\" loading=\"lazy\"\/><br \/>\n  \t  ampliar<\/p>\n<p>En entrevista con <strong>MILENIO<\/strong>, el subsecretario coment\u00f3 que esta caracter\u00edstica permite a los visitantes combinar el golf con otras experiencias tur\u00edsticas, como <strong>recorrer las playas del estado, el Pueblo M\u00e1gico de Comala o la capital.<\/strong><\/p>\n<blockquote><p>\u201cA partir de pasar un fin de semana de golf en Colima puedes <strong>conocer nuestra gastronom\u00eda, aprovechar para disfrutar de la oferta de playas, cerveza artesanal y el ron que se fabrica en el estado.<\/strong> Tenemos un espectro muy amplio en un peque\u00f1ito espacio de tierra\u201d, apunt\u00f3.<\/p><\/blockquote>\n<p>Retos para jugadores nacionales e internacionales<\/p>\n<p>Entre los campos m\u00e1s reconocidos destacan <strong>Las Hadas, dise\u00f1ado por Pete &amp; Roy Dye; El Coraz\u00f3n Resort; Isla Navidad, y El Tamarindo.<\/strong> Seg\u00fan sus representantes, cada uno ofrece retos distintos gracias a sus dise\u00f1os y entornos: desde<strong> hoyos frente al mar hasta recorridos en \u00e1reas monta\u00f1osas.<\/strong><\/p>\n<p>\t\t<img decoding=\"async\" class=\"nd-media-detail-caption__img\" alt=\"Colima present\u00f3 en la Expo Golf 2025 sus seis campos, se trata de un destino donde se combinan deporte, naturaleza, gastronom\u00eda y experiencias \u00fanicas.\" data-camus-image=\"\" data-camus-toolbar-image-position=\"topleft\" loading=\"lazy\" src=\"https:\/\/images.milenio.com\/fqaPtfDnGS2RMIcHodWcBkBdR-Y=\/375x0\/uploads\/media\/2025\/09\/11\/expo-golf-reunio-expositores-jugadores.jpeg\" height=\"242\" width=\"375\" onerror=\"this.onerror=null;this.src=\\'\/bundles\/appcamusassets\/dist\/images\/logo-Milenio-2.jpg\\'\"\/><\/p>\n<p>  \tLa Expo Golf 2025 reuni\u00f3 a expositores, jugadores y aficionados en la Ciudad de M\u00e9xico para mostrar lo m\u00e1s reciente de este deporte. (Guillermo Quintero)<\/p>\n<p>  \t  \t<img decoding=\"async\" alt=\"filter-toggle\" class=\"nd-media-detail-caption__icon__icon\" src=\"https:\/\/www.milenio.com\/bundles\/appcamusassets\/dist\/images\/svg\/expand-solid.svg\" width=\"15\" height=\"15\" onerror=\"this.onerror=null;this.src=\\'\/bundles\/appcamusassets\/dist\/images\/logo-Milenio-2.jpg\\'\" loading=\"lazy\"\/><br \/>\n  \t  ampliar<\/p>\n<p><strong>Jorge Enrique Esparza<\/strong>, director de El Coraz\u00f3n Resort, resalt\u00f3 que el golf ha crecido en Colima y ha atra\u00eddo tanto a jugadores nacionales como internacionales: <strong>\u201cTenemos campos largos, cortos, con subidas, bajadas y entradas de mar que hacen que los jugadores se esfuercen al m\u00e1ximo para lograr sus mejores scores<\/strong>. Cada ronda es un reto nuevo, y esa es la esencia del golf\u201d.<\/p>\n<p>\t\t<img decoding=\"async\" class=\"nd-media-detail-caption__img\" alt=\"Colima present\u00f3 en la Expo Golf 2025 sus seis campos, se trata de un destino donde se combinan deporte, naturaleza, gastronom\u00eda y experiencias \u00fanicas.\" data-camus-image=\"\" data-camus-toolbar-image-position=\"topleft\" loading=\"lazy\" src=\"https:\/\/images.milenio.com\/zWkYFu4uTegM30Nl3jQIZ5C3QfE=\/375x0\/uploads\/media\/2025\/09\/11\/autoridades-representantes-industria-turistica-resaltaron.jpeg\" height=\"260\" width=\"375\" onerror=\"this.onerror=null;this.src=\\'\/bundles\/appcamusassets\/dist\/images\/logo-Milenio-2.jpg\\'\"\/><\/p>\n<p>  \tAutoridades y representantes de la industria tur\u00edstica resaltaron la importancia de vincular el golf con la oferta gastron\u00f3mica y cultural del estado. (Guillermo Quintero)<\/p>\n<p>  \t  \t<img decoding=\"async\" alt=\"filter-toggle\" class=\"nd-media-detail-caption__icon__icon\" src=\"https:\/\/www.milenio.com\/bundles\/appcamusassets\/dist\/images\/svg\/expand-solid.svg\" width=\"15\" height=\"15\" onerror=\"this.onerror=null;this.src=\\'\/bundles\/appcamusassets\/dist\/images\/logo-Milenio-2.jpg\\'\" loading=\"lazy\"\/><br \/>\n  \t  ampliar<\/p>\n<p>Torneos en crecimiento<\/p>\n<p>Adem\u00e1s de la infraestructura, Colima ha fortalecido su presencia en la organizaci\u00f3n de torneos. <strong>Jaime El\u00edas S\u00e1nchez<\/strong>, colaborador del hotel Las Hadas, se\u00f1al\u00f3 que competencias como la <strong>Copa Hadas, el Manzanillo Open y el Manzanillo Brilla han incrementado su n\u00famero de participantes<\/strong>, entre ellos jugadores de talla internacional.<\/p>\n<blockquote><p>\u201cLa comunidad golf\u00edstica es muy grande e importante para nosotros, por lo que seguimos consolidando esa vinculaci\u00f3n con el apoyo de la Federaci\u00f3n Mexicana de Golf. <strong>Cada vez hay m\u00e1s participaci\u00f3n de mujeres, ni\u00f1os, amateurs y profesionales<\/strong>\u201d, explic\u00f3.<\/p><\/blockquote>\n<p>Colima, destino tur\u00edstico y deportivo<\/p>\n<p>Durante la expo tambi\u00e9n se present\u00f3 el libro <strong>Campos de Golf de M\u00e9xico<\/strong><strong>, en el que se retrataron los seis desarrollos ubicados en la entidad.<\/strong> Se destac\u00f3 que <strong>Colima cuenta con 14 microclimas<\/strong>, lo que ofrece una gran variedad de escenarios, plasmados en las fotograf\u00edas de la publicaci\u00f3n.<\/p>\n<p>\t\t<img decoding=\"async\" class=\"nd-media-detail-caption__img\" alt=\"Colima present\u00f3 en la Expo Golf 2025 sus seis campos, se trata de un destino donde se combinan deporte, naturaleza, gastronom\u00eda y experiencias \u00fanicas.\" data-camus-image=\"\" data-camus-toolbar-image-position=\"topleft\" loading=\"lazy\" src=\"https:\/\/images.milenio.com\/IzxDy0gsRqfyglqgQ00H4f7e-ls=\/375x0\/uploads\/media\/2025\/09\/11\/presentacion-libro-campos-golf-mexico.jpeg\" height=\"250\" width=\"375\" onerror=\"this.onerror=null;this.src=\\'\/bundles\/appcamusassets\/dist\/images\/logo-Milenio-2.jpg\\'\"\/><\/p>\n<p>  \tLa presentaci\u00f3n del libro Campos de Golf de M\u00e9xico incluy\u00f3 una secci\u00f3n dedicada a los seis desarrollos ubicados en Colima. (Guillermo Quintero)<\/p>\n<p>  \t  \t<img decoding=\"async\" alt=\"filter-toggle\" class=\"nd-media-detail-caption__icon__icon\" src=\"https:\/\/www.milenio.com\/bundles\/appcamusassets\/dist\/images\/svg\/expand-solid.svg\" width=\"15\" height=\"15\" onerror=\"this.onerror=null;this.src=\\'\/bundles\/appcamusassets\/dist\/images\/logo-Milenio-2.jpg\\'\" loading=\"lazy\"\/><br \/>\n  \t  ampliar<\/p>\n<p>\u200bEn la presentaci\u00f3n participaron <strong style=\"font-family: utopia-regular;\">Jorge Padilla<\/strong>, subsecretario de Turismo; <strong>Alfonso Valdez<\/strong>, director de la editorial, y <strong>Joel Salazar<\/strong>, editor del libro.<\/p>\n<p>Al cierre, Padilla subray\u00f3 que es el mejor momento para visitar el estado: \u201cDe ahora y hasta marzo o abril, <strong>Colima luce verde, con escenarios espectaculares.<\/strong> Los esperamos para que vivan la experiencia del mar a la monta\u00f1a.<\/p>\n<p>    \t<img decoding=\"async\" alt=\"__icon\" class=\"nd-related-news-detail-media-dual__icon\" src=\"https:\/\/www.milenio.com\/bundles\/appcamusassets\/dist\/images\/svg\/arrow-circle-right-solid.svg\" width=\"15\" height=\"15\" onerror=\"this.onerror=null;this.src=\\'\/bundles\/appcamusassets\/dist\/images\/logo-Milenio-2.jpg\\'\" loading=\"lazy\"\/><br \/>\n    Te recomendamos:<\/p>\n<p>GCM<\/p>\n","protected":false},"excerpt":{"rendered":"Gerardo Contreras Ciudad de M\u00e9xico \/ 11.09.2025 10:49:00 En la cuarta edici\u00f3n de la Expo Golf, el estado&hellip;\n","protected":false},"author":2,"featured_media":110722,"comment_status":"","ping_status":"","sticky":false,"template":"","format":"standard","meta":{"footnotes":""},"categories":[275],"tags":[37809,37806,168,37812,25,24,37811,329,37810,37808,23,167,37813,37807],"class_list":{"0":"post-110721","1":"post","2":"type-post","3":"status-publish","4":"format-standard","5":"has-post-thumbnail","7":"category-golf","8":"tag-campos-de-golf-colima","9":"tag-colima-golf","10":"tag-deportes","11":"tag-destinos-de-golf-mexico","12":"tag-es","13":"tag-espana","14":"tag-expo-golf-2025","15":"tag-golf","16":"tag-golf-del-mar-a-la-montana","17":"tag-golf-en-la-playa","18":"tag-spain","19":"tag-sports","20":"tag-turismo-de-lujo-pacifico-mexicano","21":"tag-turismo-deportivo-mexico"},"share_on_mastodon":{"url":"","error":""},"_links":{"self":[{"href":"https:\/\/www.europesays.com\/es\/wp-json\/wp\/v2\/posts\/110721","targetHints":{"allow":["GET"]}}],"collection":[{"href":"https:\/\/www.europesays.com\/es\/wp-json\/wp\/v2\/posts"}],"about":[{"href":"https:\/\/www.europesays.com\/es\/wp-json\/wp\/v2\/types\/post"}],"author":[{"embeddable":true,"href":"https:\/\/www.europesays.com\/es\/wp-json\/wp\/v2\/users\/2"}],"replies":[{"embeddable":true,"href":"https:\/\/www.europesays.com\/es\/wp-json\/wp\/v2\/comments?post=110721"}],"version-history":[{"count":0,"href":"https:\/\/www.europesays.com\/es\/wp-json\/wp\/v2\/posts\/110721\/revisions"}],"wp:featuredmedia":[{"embeddable":true,"href":"https:\/\/www.europesays.com\/es\/wp-json\/wp\/v2\/media\/110722"}],"wp:attachment":[{"href":"https:\/\/www.europesays.com\/es\/wp-json\/wp\/v2\/media?parent=110721"}],"wp:term":[{"taxonomy":"category","embeddable":true,"href":"https:\/\/www.europesays.com\/es\/wp-json\/wp\/v2\/categories?post=110721"},{"taxonomy":"post_tag","embeddable":true,"href":"https:\/\/www.europesays.com\/es\/wp-json\/wp\/v2\/tags?post=110721"}],"curies":[{"name":"wp","href":"https:\/\/api.w.org\/{rel}","templated":true}]}}