{"id":110725,"date":"2025-09-12T19:32:10","date_gmt":"2025-09-12T19:32:10","guid":{"rendered":"https:\/\/www.europesays.com\/es\/110725\/"},"modified":"2025-09-12T19:32:10","modified_gmt":"2025-09-12T19:32:10","slug":"2a-volta-galicia-volpato-en-caldas-de-reis","status":"publish","type":"post","link":"https:\/\/www.europesays.com\/es\/110725\/","title":{"rendered":"2\u00aa Volta Galicia: Volpato en Caldas de Reis"},"content":{"rendered":"<p><strong>Etapa 2: Caldas de Reis-Caldas de Reis (138km)<\/strong><\/p>\n<p><strong>Redacci\u00f3n \/ <a href=\"https:\/\/www.ciclo21.com\/whatsapp-telegram-2025\/\" target=\"_blank\" rel=\"noopener nofollow\">Ciclo 21<\/a><\/strong><\/p>\n<blockquote class=\"twitter-tweet\" data-media-max-width=\"560\">\n<p dir=\"ltr\" lang=\"it\">\ud83e\udd47 VITORIA PARA LEONARDO VOLPATO (CAMPANA IMBALLAGGI)! \ud83d\ude80\ud83c\udfc1<a href=\"https:\/\/twitter.com\/hashtag\/voltagalicia2025?src=hash&amp;ref_src=twsrc%5Etfw\" rel=\"nofollow noopener\" target=\"_blank\">#voltagalicia2025<\/a> <a href=\"https:\/\/t.co\/pZvebZ7gJn\" rel=\"nofollow\">pic.twitter.com\/pZvebZ7gJn<\/a><\/p>\n<p>\u2014 F_Galega de Ciclismo (@F_Gal_Ciclismo) <a href=\"https:\/\/twitter.com\/F_Gal_Ciclismo\/status\/1966500463257309661?ref_src=twsrc%5Etfw\" rel=\"nofollow noopener\" target=\"_blank\">September 12, 2025<\/a><\/p>\n<\/blockquote>\n<p style=\"text-align: justify;\"><strong>El italiano Leonardo Volpato (Campana Imballaggi) se llev\u00f3 la victoria en la segunda etapa de la Volta a Galicia, con salida y llegada en Caldas de Reis tras 138,3 kil\u00f3metros de recorrido<\/strong>. En el sprint final, el portugu\u00e9s Joao Silva cruz\u00f3 la meta en segunda posici\u00f3n, mientras que Jos\u00e9 Autram (Froiz) complet\u00f3 el podio del d\u00eda.<\/p>\n<p style=\"text-align: justify;\">Entre los espa\u00f1oles, <strong>Emilio Llopis (High Level Gsport) firm\u00f3 una s\u00f3lida s\u00e9ptima plaza<\/strong>, seguido de su compa\u00f1ero Ib\u00e1n Guti\u00e9rrez, d\u00e9cimo, mientras que Dani Cepa (Filial Caja Rural\u2013Alea) finaliz\u00f3 en el puesto 15.<\/p>\n<p style=\"text-align: justify;\"><strong>En la clasificaci\u00f3n general, el ucraniano Maksym Bilyi (Cortizo) es el nuevo l\u00edder<\/strong>, con Llopis en la novena posici\u00f3n y Cepa en la d\u00e9cima. En las clasificaciones secundarias, Adri\u00e0 Regada manda en la monta\u00f1a, el argentino Dar\u00edo Giuliano es el mejor Sub-23, mientras que Joao Silva se coloca al frente de las Metas Volantes y la Regularidad.<\/p>\n<p><strong>PR\u00d3XIMA ETAPA<\/strong><\/p>\n<p><strong>Etapa 2: Caldas de Reis-Caldas de Reis (138km)<\/strong><\/p>\n<p><a href=\"https:\/\/www.ciclo21.com\/wp-content\/uploads\/2025\/09\/Etapa2-1.png\" target=\"_blank\" rel=\"noopener nofollow\"><img fetchpriority=\"high\" decoding=\"async\" class=\"aligncenter wp-image-446947 size-full lazy\" src=\"data:image\/svg+xml,%3Csvg%20xmlns=\" http:=\"\" data-src=\"https:\/\/www.europesays.com\/es\/wp-content\/uploads\/2025\/09\/Etapa2-1.png.webp.webp\" alt=\"\" width=\"1424\" height=\"466\" data- data-\/><\/a><\/p>\n<p><strong>CLASIFICACI\u00d3NES 2\u00aa ETAPA<\/strong><\/p>\n<p><a href=\"https:\/\/www.ciclo21.com\/wp-content\/uploads\/2025\/09\/Clasificacion-2a-etapa-c-Federacion-Galega.jpeg\" target=\"_blank\" rel=\"noopener nofollow\"><img loading=\"lazy\" decoding=\"async\" aria-describedby=\"caption-attachment-447073\" class=\"wp-image-447073 size-full lazy\" src=\"data:image\/svg+xml,%3Csvg%20xmlns=\" http:=\"\" data-src=\"https:\/\/www.europesays.com\/es\/wp-content\/uploads\/2025\/09\/Clasificacion-2a-etapa-c-Federacion-Galega.jpeg.webp.webp\" alt=\"\" width=\"792\" height=\"1118\" data- data-\/><\/a><\/p>\n<p id=\"caption-attachment-447073\" class=\"wp-caption-text\">Clasificaci\u00f3n 2\u00aa etapa (c) Federaci\u00f3n Galega<\/p>\n<p><a href=\"https:\/\/x.com\/hashtag\/VoltaGalicia2025?src=hashtag_click\" target=\"_blank\" rel=\"noopener nofollow\"><strong>X EN DIRECTO<\/strong><\/a><\/p>\n<p><strong>Etapa 1: Ribadumia-Ribadumia (7km)<\/strong><\/p>\n<p style=\"text-align: justify;\">Iker P\u00e9rez lider\u00f3 el <strong>triplete del Caja Rural en la primera etapa cronometrada de la Volta Galicia<\/strong> junto a sus compa\u00f1eros Antonio Gonz\u00e1lez y Daniel Cepa.<\/p>\n<p><strong>CLASIFICACIONES 1\u00aa ETAPA<\/strong><\/p>\n<p><a href=\"https:\/\/www.europesays.com\/es\/wp-content\/uploads\/2025\/09\/Clasificacion-1a-etapa-c-Federacion-Gallega.webp.webp\" target=\"_blank\" rel=\"noopener\"><img loading=\"lazy\" decoding=\"async\" aria-describedby=\"caption-attachment-447017\" class=\"wp-image-447017 size-full lazy\" src=\"data:image\/svg+xml,%3Csvg%20xmlns=\" http:=\"\" data-src=\"https:\/\/www.europesays.com\/es\/wp-content\/uploads\/2025\/09\/Clasificacion-1a-etapa-c-Federacion-Gallega.webp.webp\" alt=\"\" width=\"1024\" height=\"820\" data- data-\/><\/a><\/p>\n<p id=\"caption-attachment-447017\" class=\"wp-caption-text\">Clasificaci\u00f3n 1\u00aa etapa (c) Federaci\u00f3n Gallega<\/p>\n<p>\u00a0<\/p>\n<p style=\"text-align: justify;\" data-start=\"0\" data-end=\"312\">La <strong data-start=\"3\" data-end=\"27\">Volta a Galicia 2025<\/strong> mantiene su esencia con un formato de cuatro jornadas, repartidas entre Pontevedra, Lugo y A Coru\u00f1a. La prueba volver\u00e1 a abrir con una contrarreloj inicial, antes de dar paso a tres etapas en l\u00ednea que, con sus circuitos y constantes alternativas, garantizan emoci\u00f3n hasta el final.<\/p>\n<p style=\"text-align: justify;\" data-start=\"314\" data-end=\"719\" data-is-last-node=\"\" data-is-only-node=\"\">Las localidades de <strong data-start=\"333\" data-end=\"382\">Ribadumia, Caldas de Reis, Barreiros y Ferrol<\/strong> ser\u00e1n escenario de un recorrido variado y exigente, marcado por la media monta\u00f1a y los pasos repetidos por meta, que acercar\u00e1n la acci\u00f3n a los aficionados. Adem\u00e1s, la organizaci\u00f3n volver\u00e1 a ofrecer retransmisi\u00f3n en streaming de los kil\u00f3metros decisivos de cada jornada, consolidando as\u00ed su apuesta por la visibilidad y el espect\u00e1culo.<\/p>\n<p><strong>RECORRIDO<\/strong><\/p>\n<p><strong>Etapa 1: Ribadumia-Ribadumia (7km)<\/strong><\/p>\n<p><a href=\"https:\/\/www.ciclo21.com\/wp-content\/uploads\/2025\/09\/Etapa1-1.png\" target=\"_blank\" rel=\"noopener nofollow\"><img loading=\"lazy\" decoding=\"async\" aria-describedby=\"caption-attachment-446946\" class=\"wp-image-446946 size-full lazy\" src=\"data:image\/svg+xml,%3Csvg%20xmlns=\" http:=\"\" data-src=\"https:\/\/www.europesays.com\/es\/wp-content\/uploads\/2025\/09\/Etapa1-1.png.webp.webp\" alt=\"\" width=\"1322\" height=\"436\" data- data-\/><\/a><\/p>\n<p id=\"caption-attachment-446946\" class=\"wp-caption-text\">Perfil de la etapa<\/p>\n<p><strong>Etapa 2: Caldas de Reis-Caldas de Reis (138km)<\/strong><\/p>\n<p><a href=\"https:\/\/www.ciclo21.com\/wp-content\/uploads\/2025\/09\/Etapa2-1.png\" target=\"_blank\" rel=\"noopener nofollow\"><img fetchpriority=\"high\" decoding=\"async\" class=\"aligncenter wp-image-446947 size-full lazy\" src=\"data:image\/svg+xml,%3Csvg%20xmlns=\" http:=\"\" data-src=\"https:\/\/www.europesays.com\/es\/wp-content\/uploads\/2025\/09\/Etapa2-1.png.webp.webp\" alt=\"\" width=\"1424\" height=\"466\" data- data-\/><\/a><\/p>\n<p><strong>Etapa 3: Barreiros-Barreiros (147km)<\/strong><\/p>\n<p><a href=\"https:\/\/www.ciclo21.com\/wp-content\/uploads\/2025\/09\/Etapa3-1.png\" target=\"_blank\" rel=\"noopener nofollow\"><img loading=\"lazy\" decoding=\"async\" aria-describedby=\"caption-attachment-446948\" class=\"wp-image-446948 size-full lazy\" src=\"data:image\/svg+xml,%3Csvg%20xmlns=\" http:=\"\" data-src=\"https:\/\/www.europesays.com\/es\/wp-content\/uploads\/2025\/09\/Etapa3-1.png.webp.webp\" alt=\"\" width=\"1420\" height=\"468\" data- data-\/><\/a><\/p>\n<p id=\"caption-attachment-446948\" class=\"wp-caption-text\">Perfil de la etapa<\/p>\n<p><strong>Etapa 4: Ferrol-Porto de Ferrol (130km)<\/strong><\/p>\n<p><a href=\"https:\/\/www.ciclo21.com\/wp-content\/uploads\/2025\/09\/Etapa4.png\" target=\"_blank\" rel=\"noopener nofollow\"><img loading=\"lazy\" decoding=\"async\" aria-describedby=\"caption-attachment-446949\" class=\"wp-image-446949 size-full lazy\" src=\"data:image\/svg+xml,%3Csvg%20xmlns=\" http:=\"\" data-src=\"https:\/\/www.europesays.com\/es\/wp-content\/uploads\/2025\/09\/Etapa4.png.webp.webp\" alt=\"\" width=\"1418\" height=\"464\" data- data-\/><\/a><\/p>\n<p id=\"caption-attachment-446949\" class=\"wp-caption-text\">Perfil de la etapa<\/p>\n<p><strong>PALMAR\u00c9S<\/strong><\/p>\n<p><a href=\"https:\/\/www.ciclo21.com\/3a-volta-galicia-2024-faura\/\" target=\"_blank\" rel=\"noopener nofollow\"><strong>Edici\u00f3n 2024: Jos\u00e9 Luis Faura<\/strong><\/a><\/p>\n<p>\u00a0<\/p>\n<p><script async src=\"https:\/\/platform.twitter.com\/widgets.js\" charset=\"utf-8\"><\/script><\/p>\n","protected":false},"excerpt":{"rendered":"Etapa 2: Caldas de Reis-Caldas de Reis (138km) Redacci\u00f3n \/ Ciclo 21 \ud83e\udd47 VITORIA PARA LEONARDO VOLPATO (CAMPANA&hellip;\n","protected":false},"author":2,"featured_media":110726,"comment_status":"","ping_status":"","sticky":false,"template":"","format":"standard","meta":{"footnotes":""},"categories":[273],"tags":[313,312,168,25,24,23,167,37814],"class_list":{"0":"post-110725","1":"post","2":"type-post","3":"status-publish","4":"format-standard","5":"has-post-thumbnail","7":"category-ciclismo","8":"tag-ciclismo","9":"tag-cycling","10":"tag-deportes","11":"tag-es","12":"tag-espana","13":"tag-spain","14":"tag-sports","15":"tag-volta-galicia"},"share_on_mastodon":{"url":"","error":""},"_links":{"self":[{"href":"https:\/\/www.europesays.com\/es\/wp-json\/wp\/v2\/posts\/110725","targetHints":{"allow":["GET"]}}],"collection":[{"href":"https:\/\/www.europesays.com\/es\/wp-json\/wp\/v2\/posts"}],"about":[{"href":"https:\/\/www.europesays.com\/es\/wp-json\/wp\/v2\/types\/post"}],"author":[{"embeddable":true,"href":"https:\/\/www.europesays.com\/es\/wp-json\/wp\/v2\/users\/2"}],"replies":[{"embeddable":true,"href":"https:\/\/www.europesays.com\/es\/wp-json\/wp\/v2\/comments?post=110725"}],"version-history":[{"count":0,"href":"https:\/\/www.europesays.com\/es\/wp-json\/wp\/v2\/posts\/110725\/revisions"}],"wp:featuredmedia":[{"embeddable":true,"href":"https:\/\/www.europesays.com\/es\/wp-json\/wp\/v2\/media\/110726"}],"wp:attachment":[{"href":"https:\/\/www.europesays.com\/es\/wp-json\/wp\/v2\/media?parent=110725"}],"wp:term":[{"taxonomy":"category","embeddable":true,"href":"https:\/\/www.europesays.com\/es\/wp-json\/wp\/v2\/categories?post=110725"},{"taxonomy":"post_tag","embeddable":true,"href":"https:\/\/www.europesays.com\/es\/wp-json\/wp\/v2\/tags?post=110725"}],"curies":[{"name":"wp","href":"https:\/\/api.w.org\/{rel}","templated":true}]}}