{"id":110771,"date":"2025-09-12T19:59:14","date_gmt":"2025-09-12T19:59:14","guid":{"rendered":"https:\/\/www.europesays.com\/es\/110771\/"},"modified":"2025-09-12T19:59:14","modified_gmt":"2025-09-12T19:59:14","slug":"asi-es-paula-milla-la-hija-del-exjugador-del-real-madrid-luis-milla-que-acaba-de-comprometerse","status":"publish","type":"post","link":"https:\/\/www.europesays.com\/es\/110771\/","title":{"rendered":"As\u00ed es Paula Milla, la hija del exjugador del Real Madrid Luis Milla, que acaba de comprometerse"},"content":{"rendered":"<p id=\"eYVLbrpDy88\" data-wc=\"54\">Paula Milla, hija del m\u00edtico centrocampista del Real Madrid y de la Selecci\u00f3n Espa\u00f1ola Luis Milla, ha confirmado que en 2026 celebrar\u00e1 su boda. La noticia ha despertado gran inter\u00e9s no solo por su v\u00ednculo con el f\u00fatbol, sino tambi\u00e9n por la relevancia social que rodea al acontecimiento, seg\u00fan ha publicado en primicia Vanitatis.\u00a0<\/p>\n<p> <img src=\"https:\/\/www.europesays.com\/es\/wp-content\/uploads\/2025\/09\/cbff7906011f-s-todos-los-das-de-mi-vida-qu-ilusin-nunca-imagin-que-llegara-este-da.jpg\"   width=\"770\" height=\"1024\" loading=\"lazy\" decoding=\"async\" alt=\"Media Image\" fetchpriority=\"auto\" class=\"image ho-image\"\/><\/p>\n<p> <img src=\"https:\/\/www.europesays.com\/es\/wp-content\/uploads\/2025\/09\/391d57835e5f-hace-dos-meses-que-empec-una-de-las-experiencias-ms-increbles-de-mi-vida-.jpg\"   width=\"819\" height=\"1024\" loading=\"lazy\" decoding=\"async\" alt=\"Paula Milla\" fetchpriority=\"auto\" class=\"image ho-image\"\/><\/p>\n<p id=\"eHgvPf--fE\" data-wc=\"124\"><strong>Paula Milla, que cumpli\u00f3 27 a\u00f1os el pasado 11 de marzo, contraer\u00e1 matrimonio con su novio, Alejandro Figueroa,\u00a0<\/strong>tras un noviazgo de cuatro a\u00f1os. La pareja se comprometi\u00f3 hace unas semanas y ya tiene fecha del enlace, que ser\u00e1 el viernes 29 de mayo del a\u00f1o que viene, como compart\u00eda la feliz novia en sus redes sociales hace apenas unos d\u00edas. \u00abS\u00cd, TODOS LOS D\u00cdAS DE MI VIDA \u00a1Qu\u00e9 ilusi\u00f3n! Nunca imagin\u00e9 que llegar\u00eda este d\u00eda\u2026 Gracias por aparecer en mi vida, gracias por ser el mejor compa\u00f1ero de aventura, gracias por cuidarme, gracias por alentarme y quererme cuando todo va mal, gracias por amarme el triple cuando todo est\u00e1 bien. Eres maravilloso. Por toda una vida juntos amor. 29 de mayo de 2026\u00bb.\u00a0<\/p>\n<p id=\"eub2N-9hwjY\" data-wc=\"39\">Paula es periodista deportiva y su novio militar, y se conocieron hace cuatro a\u00f1os. L<strong>a petici\u00f3n de mano se produjo en un peque\u00f1o hotel boutique de J\u00e1vea,<\/strong> Mi Almazara, en un espacio de pel\u00edcula, <strong>rodeados de flores y candelabros.\u00a0<\/strong><\/p>\n<p> <img src=\"https:\/\/www.europesays.com\/es\/wp-content\/uploads\/2025\/09\/01f84acc9df6-s-todos-los-das-de-mi-vida-qu-ilusin-nunca-imagin-que-llegara-este-da.jpg\"   width=\"770\" height=\"1024\" loading=\"lazy\" decoding=\"async\" alt=\"Momento en el que Alejandro le pide matrimonio a Paula Millas\" fetchpriority=\"auto\" class=\"image ho-image\"\/>\u00a9 paumillas10Momento en el que Alejandro le pide matrimonio a Paula Millas<br \/>\nEl lugar del enlace<\/p>\n<p id=\"eGadBZOE3lV\" data-wc=\"110\">La ceremonia religiosa se celebrar\u00e1 en la <strong>iglesia de Nuestra Se\u00f1ora de la Asunci\u00f3n en Valdemorillo,<\/strong> un municipio ubicado al oeste de la capital, y la celebraci\u00f3n en <strong>La Ca\u00f1ada de M\u00f3nico,<\/strong> situada en San Lorenzo de El Escorial. La joven est\u00e1 muy vinculada al mundo del deporte y tiene una presencia cada vez mayor en los c\u00edrculos sociales, as\u00ed que su enlace que promete reunir a destacados nombres del panorama deportivo y social. Aunque a\u00fan no han trascendido todos los detalles, se espera que la celebraci\u00f3n tenga lugar en un enclave de ensue\u00f1o y que el vestido de la novia sea una de las grandes sorpresas de la jornada.\u00a0<\/p>\n<p> <img src=\"https:\/\/www.europesays.com\/es\/wp-content\/uploads\/2025\/09\/d3ad105c4458-gm-91.jpg\"   width=\"1024\" height=\"683\" loading=\"lazy\" decoding=\"async\" alt=\"La Caba\u00f1a de M\u00f3nico (Cortes\u00eda)\" fetchpriority=\"auto\" class=\"image ho-image\"\/>La Caba\u00f1a de M\u00f3nico (Cortes\u00eda)<\/p>\n<p> <img src=\"https:\/\/www.europesays.com\/es\/wp-content\/uploads\/2025\/09\/63975a84c0c3-87.jpg\"   width=\"1024\" height=\"683\" loading=\"lazy\" decoding=\"async\" alt=\"La Caba\u00f1a de M\u00f3nico (Cortes\u00eda)\" fetchpriority=\"auto\" class=\"image ho-image\"\/>La Caba\u00f1a de M\u00f3nico (Cortes\u00eda)<br \/>\n<strong data-gid=\"eWsU2pgNdNT\">Luis Milla, un padre orgulloso en el gran d\u00eda de su hija<\/strong><\/p>\n<p id=\"eSviprUc6ti\" data-wc=\"56\">El exfutbolista, que defendi\u00f3 la camiseta del Real Madrid, el Barcelona y la Selecci\u00f3n Espa\u00f1ola, acompa\u00f1ar\u00e1 a su hija en este momento \u00fanico. Muy unido a su familia, Luis Milla vive con emoci\u00f3n la cuenta atr\u00e1s para un d\u00eda muy especial, ya que esta boda ser\u00e1 la primera que se celebrar\u00e1 en la familia Milla Manzanares.<strong data-gid=\"euWl27MMKJf\">\u00a0<\/strong><\/p>\n<p> <img src=\"https:\/\/www.europesays.com\/es\/wp-content\/uploads\/2025\/09\/7e82db2f9ef7-hace-dos-meses-que-empec-una-de-las-experiencias-ms-increbles-de-mi-vida-.jpg\"   width=\"820\" height=\"1024\" loading=\"lazy\" decoding=\"async\" alt=\"Paula de peque\u00f1a con su padre, Luis Milla\" fetchpriority=\"auto\" class=\"image ho-image\"\/>Paula de peque\u00f1a con su padre, Luis Milla<br \/>\n<strong>El vestido de la novia, una de las grandes inc\u00f3gnitas<\/strong><\/p>\n<p id=\"eyvcZFENbkkO\" data-wc=\"41\">Uno de los detalles m\u00e1s esperados ser\u00e1 el vestido de novia de Paula Milla. Como es tradici\u00f3n, el dise\u00f1o se mantiene en la m\u00e1s estricta confidencialidad, aunque Vanitatis confirma que la feliz novia tiene claro que ser\u00e1 de un dise\u00f1ador espa\u00f1ol.<\/p>\n<p> <img src=\"https:\/\/www.europesays.com\/es\/wp-content\/uploads\/2025\/09\/c00ace64091a-hace-dos-meses-que-empec-una-de-las-experiencias-ms-increbles-de-mi-vida-.jpg\"   width=\"819\" height=\"1024\" loading=\"lazy\" decoding=\"async\" alt=\"Paula Milla\" fetchpriority=\"auto\" class=\"image ho-image\"\/><\/p>\n<p id=\"etfH87oSdl\" data-wc=\"40\">La boda de Paula Milla se perfila como uno de los acontecimientos sociales m\u00e1s esperados del pr\u00f3ximo a\u00f1o. Su uni\u00f3n entre tradici\u00f3n familiar y proyecci\u00f3n p\u00fablica lo convierte en un enlace que a buen seguro estar\u00e1 entre los m\u00e1s comentados.<\/p>\n","protected":false},"excerpt":{"rendered":"Paula Milla, hija del m\u00edtico centrocampista del Real Madrid y de la Selecci\u00f3n Espa\u00f1ola Luis Milla, ha confirmado&hellip;\n","protected":false},"author":2,"featured_media":110772,"comment_status":"","ping_status":"","sticky":false,"template":"","format":"standard","meta":{"footnotes":""},"categories":[174],"tags":[517,3164,255,146,147,25,24,256,23],"class_list":{"0":"post-110771","1":"post","2":"type-post","3":"status-publish","4":"format-standard","5":"has-post-thumbnail","7":"category-famosos","8":"tag-actualidad","9":"tag-bodas","10":"tag-celebrities","11":"tag-entertainment","12":"tag-entretenimiento","13":"tag-es","14":"tag-espana","15":"tag-famosos","16":"tag-spain"},"share_on_mastodon":{"url":"","error":""},"_links":{"self":[{"href":"https:\/\/www.europesays.com\/es\/wp-json\/wp\/v2\/posts\/110771","targetHints":{"allow":["GET"]}}],"collection":[{"href":"https:\/\/www.europesays.com\/es\/wp-json\/wp\/v2\/posts"}],"about":[{"href":"https:\/\/www.europesays.com\/es\/wp-json\/wp\/v2\/types\/post"}],"author":[{"embeddable":true,"href":"https:\/\/www.europesays.com\/es\/wp-json\/wp\/v2\/users\/2"}],"replies":[{"embeddable":true,"href":"https:\/\/www.europesays.com\/es\/wp-json\/wp\/v2\/comments?post=110771"}],"version-history":[{"count":0,"href":"https:\/\/www.europesays.com\/es\/wp-json\/wp\/v2\/posts\/110771\/revisions"}],"wp:featuredmedia":[{"embeddable":true,"href":"https:\/\/www.europesays.com\/es\/wp-json\/wp\/v2\/media\/110772"}],"wp:attachment":[{"href":"https:\/\/www.europesays.com\/es\/wp-json\/wp\/v2\/media?parent=110771"}],"wp:term":[{"taxonomy":"category","embeddable":true,"href":"https:\/\/www.europesays.com\/es\/wp-json\/wp\/v2\/categories?post=110771"},{"taxonomy":"post_tag","embeddable":true,"href":"https:\/\/www.europesays.com\/es\/wp-json\/wp\/v2\/tags?post=110771"}],"curies":[{"name":"wp","href":"https:\/\/api.w.org\/{rel}","templated":true}]}}