{"id":110789,"date":"2025-09-12T20:09:09","date_gmt":"2025-09-12T20:09:09","guid":{"rendered":"https:\/\/www.europesays.com\/es\/110789\/"},"modified":"2025-09-12T20:09:09","modified_gmt":"2025-09-12T20:09:09","slug":"microsoft-sacara-teams-del-paquete-de-office-365-para-cumplir-con-la-legislacion-europea-antimonopolio-economia-y-negocios","status":"publish","type":"post","link":"https:\/\/www.europesays.com\/es\/110789\/","title":{"rendered":"Microsoft sacar\u00e1 Teams del paquete de Office 365 para cumplir con la legislaci\u00f3n europea antimonopolio | Econom\u00eda y negocios"},"content":{"rendered":"<p class=\"loc\">Bruselas<\/p>\n<p>La Comisi\u00f3n Europea (CE) acept\u00f3 este viernes los compromisos de <a href=\"https:\/\/cadenaser.com\/nacional\/2024\/09\/25\/google-denuncia-a-microsoft-ante-bruselas-por-imponer-su-plataforma-en-la-nube-azure-cadena-ser\/\" target=\"_blank\" rel=\"noreferrer nofollow noopener\" title=\"https:\/\/cadenaser.com\/nacional\/2024\/09\/25\/google-denuncia-a-microsoft-ante-bruselas-por-imponer-su-plataforma-en-la-nube-azure-cadena-ser\/\">Microsoft<\/a> para cerrar la investigaci\u00f3n que le abri\u00f3 por posible abuso de posici\u00f3n dominante al vincular su producto de comunicaci\u00f3n Teams con sus aplicaciones para empresas.<\/p>\n<p>Los compromisos, que ahora ser\u00e1n legalmente vinculantes en virtud de las normas antimonopolio de la Uni\u00f3n Europea, abordan las preocupaciones de la Comisi\u00f3n relacionadas con la vinculaci\u00f3n de Microsoft Teams a las populares aplicaciones de productividad Word, Excel, PowerPoint y Outlook, incluidas en sus paquetes Office365 y Microsoft 365 para clientes empresariales. <\/p>\n<p><img decoding=\"async\" src=\"https:\/\/www.europesays.com\/es\/wp-content\/uploads\/2025\/09\/F5HQFSKR3BCFNAKNL7J4PQR36E.jpg\" alt=\"El fin de una era: Microsoft cierra Skype tras m\u00e1s de 20 a\u00f1os en funcionamiento\" width=\"240\" height=\"135\"  loading=\"lazy\"\/><\/p>\n<p>El gigante estadounidense se ha comprometido a ofrecer a los clientes que compran en el Espacio Econ\u00f3mico Europeo (EEE) versiones de Office 365 y Microsoft 365 sin Teams y hacerlo a un precio considerablemente inferior a la que incluye Teams. <\/p>\n<p>Adem\u00e1s, Microsoft accedi\u00f3 a no ofrecer descuentos en Teams o en paquetes con Teams superiores a los ofrecidos sin ese programa.<\/p>\n<p>Por otra parte, ofrecer\u00e1 a los clientes que compran en el EEE oportunidades recurrentes para cambiar a paquetes sin Teams y permitir que se implementen en centros de datos de todo el mundo.<\/p>\n<p>Igualmente, permitir\u00e1 a los competidores de Teams y a determinados terceros una interoperabilidad efectiva con determinados productos y servicios de Microsoft para funcionalidades espec\u00edficas, as\u00ed como integrar las aplicaciones web de Office (Word, Excel y PowerPoint) en sus propios productos, e integrar de forma destacada sus productos en las aplicaciones de productividad b\u00e1sicas de Microsoft.<\/p>\n<p>Por \u00faltimo, la empresa permitir\u00e1 a los clientes del EEE extraer sus datos de mensajer\u00eda de Teams para utilizarlos en soluciones de la competencia.<\/p>\n<p>La Comisi\u00f3n someti\u00f3 a prueba de mercado los compromisos de Microsoft y consult\u00f3 a las terceras partes interesadas para verificar si estos eliminar\u00edan sus preocupaciones en materia de competencia. <\/p>\n<p>A la luz de los resultados de esta prueba de mercado, Microsoft modific\u00f3 su propuesta inicial y se comprometi\u00f3 adem\u00e1s subir un 50% el precio entre algunos paquetes de Microsoft 365 y Office 365 sin Teams y los correspondientes con Teams (incluidos los destinados a empresas).<\/p>\n<p>Tambi\u00e9n a aclarar que los sitios web pertinentes de Microsoft que anuncian cualquier oferta de software que incluya un paquete con Teams deben mostrar adem\u00e1s la oferta correspondiente sin ese programa, y a publicar informaci\u00f3n sobre la interoperabilidad y la portabilidad de los datos en todos sus sitios web pertinentes dirigidos a los desarrolladores.<\/p>\n<p>Asimismo, la Comisi\u00f3n tom\u00f3 nota de que Microsoft ha decidido unilateralmente alinear sus ofertas y precios de paquetes en todo el mundo con estos compromisos<\/p>\n<p>Los compromisos ofrecidos por Microsoft permanecer\u00e1n en vigor durante siete a\u00f1os, excepto los relacionados con la interoperabilidad y la portabilidad de datos, que estar\u00e1n durante diez a\u00f1os.<\/p>\n<p>La aplicaci\u00f3n ser\u00e1 supervisada por un administrador, que tambi\u00e9n mediar\u00e1 en caso de disputas entre terceros y Microsoft e informar\u00e1 peri\u00f3dicamente a la Comisi\u00f3n, explic\u00f3 la instituci\u00f3n, que a\u00f1adi\u00f3 que si persiste la preocupaci\u00f3n de un tercero, la disputa se someter\u00e1 a un arbitraje por v\u00eda r\u00e1pida. El administrador encargado de la supervisi\u00f3n informar\u00e1 peri\u00f3dicamente a la Comisi\u00f3n.<\/p>\n<p>La CE concluy\u00f3 que los compromisos definitivos de Microsoft responder\u00edan adecuadamente a sus preocupaciones en materia de competencia y que \u00ababrir\u00e1n el mercado a otros proveedores de herramientas de comunicaci\u00f3n y colaboraci\u00f3n en Europa\u00bb. <\/p>\n<p>Bruselas hab\u00eda abierto en julio de 2023, tras una denuncia presentada por Slack Technologies -ahora propiedad de Salesforce- una investigaci\u00f3n formal en materia de competencia para evaluar si la conducta de Microsoft en relaci\u00f3n con la distribuci\u00f3n de Teams infring\u00eda las normas de la UE, y tras una denuncia posterior de alfaview GmbH, en junio de 2024, inici\u00f3 una segunda investigaci\u00f3n antimonopolio. <\/p>\n","protected":false},"excerpt":{"rendered":"Bruselas La Comisi\u00f3n Europea (CE) acept\u00f3 este viernes los compromisos de Microsoft para cerrar la investigaci\u00f3n que le&hellip;\n","protected":false},"author":2,"featured_media":110790,"comment_status":"","ping_status":"","sticky":false,"template":"","format":"standard","meta":{"footnotes":""},"categories":[80],"tags":[9624,82,9625,3763,95,94,25,24,9628,133,9629,1604,23],"class_list":{"0":"post-110789","1":"post","2":"type-post","3":"status-publish","4":"format-standard","5":"has-post-thumbnail","7":"category-economia","8":"tag-brand","9":"tag-business","10":"tag-cellphone","11":"tag-device","12":"tag-economia","13":"tag-economy","14":"tag-es","15":"tag-espana","16":"tag-logos","17":"tag-online","18":"tag-phone","19":"tag-smartphone","20":"tag-spain"},"share_on_mastodon":{"url":"","error":""},"_links":{"self":[{"href":"https:\/\/www.europesays.com\/es\/wp-json\/wp\/v2\/posts\/110789","targetHints":{"allow":["GET"]}}],"collection":[{"href":"https:\/\/www.europesays.com\/es\/wp-json\/wp\/v2\/posts"}],"about":[{"href":"https:\/\/www.europesays.com\/es\/wp-json\/wp\/v2\/types\/post"}],"author":[{"embeddable":true,"href":"https:\/\/www.europesays.com\/es\/wp-json\/wp\/v2\/users\/2"}],"replies":[{"embeddable":true,"href":"https:\/\/www.europesays.com\/es\/wp-json\/wp\/v2\/comments?post=110789"}],"version-history":[{"count":0,"href":"https:\/\/www.europesays.com\/es\/wp-json\/wp\/v2\/posts\/110789\/revisions"}],"wp:featuredmedia":[{"embeddable":true,"href":"https:\/\/www.europesays.com\/es\/wp-json\/wp\/v2\/media\/110790"}],"wp:attachment":[{"href":"https:\/\/www.europesays.com\/es\/wp-json\/wp\/v2\/media?parent=110789"}],"wp:term":[{"taxonomy":"category","embeddable":true,"href":"https:\/\/www.europesays.com\/es\/wp-json\/wp\/v2\/categories?post=110789"},{"taxonomy":"post_tag","embeddable":true,"href":"https:\/\/www.europesays.com\/es\/wp-json\/wp\/v2\/tags?post=110789"}],"curies":[{"name":"wp","href":"https:\/\/api.w.org\/{rel}","templated":true}]}}