{"id":110794,"date":"2025-09-12T20:12:38","date_gmt":"2025-09-12T20:12:38","guid":{"rendered":"https:\/\/www.europesays.com\/es\/110794\/"},"modified":"2025-09-12T20:12:38","modified_gmt":"2025-09-12T20:12:38","slug":"calculan-lo-que-le-costo-a-rusia-el-ataque-de-los-drones-a-polonia-y-lo-que-costo-la-respuesta-con-misiles","status":"publish","type":"post","link":"https:\/\/www.europesays.com\/es\/110794\/","title":{"rendered":"Calculan lo que le cost\u00f3 a Rusia el ataque de los drones a Polonia y lo que cost\u00f3 la respuesta con misiles"},"content":{"rendered":"<p>La pasada noche del martes y madrugada del mi\u00e9rcoles una oleada de drones rusos sobrevolaron el espacio a\u00e9reo de Polonia, lo que llev\u00f3 al pa\u00eds a derribarlos y a la invocaci\u00f3n del <a href=\"https:\/\/www.huffingtonpost.es\/global\/polonia-invocara-articulo-4-otan-violacion-precedentes-rusia.html\" target=\"_blank\" rel=\"nofollow noopener\">art\u00edculo 4 de la OTAN,<\/a> el cual hace referencia a <b>poder hacer consultas entre los miembros de la alianza en caso de amenaza.\u00a0<\/b><\/p>\n<p>El coste total de ambas intervenciones, seg\u00fan se\u00f1alan desde Il Messaggero,\u00a0<b>no ha sido barato.<\/b> Los drones utilizados por parte de Rusia, por ejemplo, se estima que cuentan con un precio de unos 10.000 d\u00f3lares por unidad, mientras que el armamento empleado por la OTAN, como los cazas F-35 y F-16 o los sistemas de defensa a\u00e9rea Patriot, son algo m\u00e1s caros.\u00a0<\/p>\n<p>De hecho, <b>tan solo un misil AIM-9X puede costar m\u00e1s de 400.000 d\u00f3lares,<\/b> lo que eleva bastante el presupuesto. Fabian Hinz, del Instituto Internacional de Estudios Estrat\u00e9gicos, declar\u00f3 a Reuters que \u00ablos sistemas de defensa a\u00e9rea occidentales no se dise\u00f1aron pensando en un despliegue a tan gran escala de UAV asequibles\u00bb.\u00a0\u00abEs posible derribarlos utilizando aeronaves tripuladas, como aviones de combate y helic\u00f3pteros, como se ha demostrado, pero requiere un ritmo de operaciones elevado si la amenaza persiste\u00bb, agreg\u00f3.\u00a0<\/p>\n<p>Este incidente pone de relieve la situaci\u00f3n en Ucrania y el enorme coste que la guerra est\u00e1 suponiendo para el pa\u00eds de Zelenski. En este sentido, el profesor de la Universidad de St. Andrews en Escocia, Phillips O&#8217;Brien, afirm\u00f3 que<b> la incursi\u00f3n en Polonia \u00abfue una nimiedad comparada con lo que Ucrania experimenta cada noche\u00bb.\u00a0<\/b><\/p>\n","protected":false},"excerpt":{"rendered":"La pasada noche del martes y madrugada del mi\u00e9rcoles una oleada de drones rusos sobrevolaron el espacio a\u00e9reo&hellip;\n","protected":false},"author":2,"featured_media":110795,"comment_status":"","ping_status":"","sticky":false,"template":"","format":"standard","meta":{"footnotes":""},"categories":[5],"tags":[17,18,72,25,24,13,14,8233,11,19,20,9,10,15,16,23,12,21,22],"class_list":{"0":"post-110794","1":"post","2":"type-post","3":"status-publish","4":"format-standard","5":"has-post-thumbnail","7":"category-titulares","8":"tag-breaking-news","9":"tag-breakingnews","10":"tag-conflictos-internacionales","11":"tag-es","12":"tag-espana","13":"tag-featured-news","14":"tag-featurednews","15":"tag-guerra-ucrania","16":"tag-headlines","17":"tag-latest-news","18":"tag-latestnews","19":"tag-news","20":"tag-noticias","21":"tag-noticias-destacadas","22":"tag-noticiasdestacadas","23":"tag-spain","24":"tag-titulares","25":"tag-ultimas-noticias","26":"tag-ultimasnoticias"},"share_on_mastodon":{"url":"","error":""},"_links":{"self":[{"href":"https:\/\/www.europesays.com\/es\/wp-json\/wp\/v2\/posts\/110794","targetHints":{"allow":["GET"]}}],"collection":[{"href":"https:\/\/www.europesays.com\/es\/wp-json\/wp\/v2\/posts"}],"about":[{"href":"https:\/\/www.europesays.com\/es\/wp-json\/wp\/v2\/types\/post"}],"author":[{"embeddable":true,"href":"https:\/\/www.europesays.com\/es\/wp-json\/wp\/v2\/users\/2"}],"replies":[{"embeddable":true,"href":"https:\/\/www.europesays.com\/es\/wp-json\/wp\/v2\/comments?post=110794"}],"version-history":[{"count":0,"href":"https:\/\/www.europesays.com\/es\/wp-json\/wp\/v2\/posts\/110794\/revisions"}],"wp:featuredmedia":[{"embeddable":true,"href":"https:\/\/www.europesays.com\/es\/wp-json\/wp\/v2\/media\/110795"}],"wp:attachment":[{"href":"https:\/\/www.europesays.com\/es\/wp-json\/wp\/v2\/media?parent=110794"}],"wp:term":[{"taxonomy":"category","embeddable":true,"href":"https:\/\/www.europesays.com\/es\/wp-json\/wp\/v2\/categories?post=110794"},{"taxonomy":"post_tag","embeddable":true,"href":"https:\/\/www.europesays.com\/es\/wp-json\/wp\/v2\/tags?post=110794"}],"curies":[{"name":"wp","href":"https:\/\/api.w.org\/{rel}","templated":true}]}}