{"id":110811,"date":"2025-09-12T20:23:08","date_gmt":"2025-09-12T20:23:08","guid":{"rendered":"https:\/\/www.europesays.com\/es\/110811\/"},"modified":"2025-09-12T20:23:08","modified_gmt":"2025-09-12T20:23:08","slug":"es-la-jugada-inmobiliaria-mas-rentable","status":"publish","type":"post","link":"https:\/\/www.europesays.com\/es\/110811\/","title":{"rendered":"Es la jugada inmobiliaria m\u00e1s rentable"},"content":{"rendered":"<p data-gtm-element-container=\"modulo-texto-link\" class=\"paragraph\">Acceder a la vivienda en Espa\u00f1a se ha convertido en uno de los problemas m\u00e1s preocupantes, <strong>la edad media de compra del primer inmueble se sit\u00faa en 41 a\u00f1os y el retraso,<\/strong> cada vez m\u00e1s notorio, responde a la subida incontrolable de precios. Adem\u00e1s, la inestabilidad laboral ha dificultado cada vez m\u00e1s poder ahorrar.\u00a0<\/p>\n<p data-gtm-element-container=\"modulo-texto-link\" class=\"paragraph\">El catedr\u00e1tico y arquitecto Jos\u00e9 Luis Esteban Penelas, habl\u00f3 con &#8216;Telecinco&#8217; sobre vivienda,<strong> el problema que preocupa a pr\u00e1cticamente todo el pa\u00eds.<\/strong> Seg\u00fan el catedr\u00e1tico, adquirir un terreno representa una doble revalorizaci\u00f3n: por un lado, <strong>el terreno y por otro, la construcci\u00f3n, lo que convierte esta opci\u00f3n en una jugada inmobiliaria m\u00e1s rentable.\u00a0<\/strong><\/p>\n<p>                <img loading=\"lazy\" decoding=\"async\" data-full-src=\"https:\/\/www.mundodeportivo.com\/uploads\/2025\/09\/12\/68c46dbe52a5d.jpeg\" alt=\"Jos\u00e9 Luis Esteban, arquitecto, destapa la estrategia de vivienda que perdurar\u00e1: \" es=\"\" la=\"\" jugada=\"\" inmobiliaria=\"\" m=\"\" rentable=\"\" width=\"449\" height=\"300\" src=\"https:\/\/www.europesays.com\/es\/wp-content\/uploads\/2025\/09\/68c46dbe52a5d.jpeg\" class=\"lazy\"\/><\/p>\n<p class=\"caption-title \">Jos\u00e9 Luis Esteban, arquitecto, destapa la estrategia de vivienda que perdurar\u00e1: \u00abEs la jugada inmobiliaria m\u00e1s rentable\u00bb<\/p>\n<p data-gtm-element-container=\"modulo-texto-link\" class=\"paragraph\">Este enfoque ofrece la ventaja de dise\u00f1ar una vivienda adaptada a\u00a0 tus gustos y necesidades, algo que <strong>es dif\u00edcil si compras una casa est\u00e1ndar ya construida. <\/strong>No todos los perfiles se benefician igual, ni todos pueden permit\u00edrselo.\u00a0<\/p>\n<p>                <img loading=\"lazy\" decoding=\"async\" data-full-src=\"https:\/\/www.mundodeportivo.com\/uploads\/2025\/09\/12\/68c46dccd9b11.jpeg\" alt=\"Jos\u00e9 Luis Esteban, arquitecto, destapa la estrategia de vivienda que perdurar\u00e1: \" es=\"\" la=\"\" jugada=\"\" inmobiliaria=\"\" m=\"\" rentable=\"\" width=\"449\" height=\"299\" src=\"https:\/\/www.europesays.com\/es\/wp-content\/uploads\/2025\/09\/68c46dccd9b11.jpeg\" class=\"lazy\"\/><\/p>\n<p class=\"caption-title \">Jos\u00e9 Luis Esteban, arquitecto, destapa la estrategia de vivienda que perdurar\u00e1: \u00abEs la jugada inmobiliaria m\u00e1s rentable\u00bb<\/p>\n<p>    Lee tambi\u00e9n<\/p>\n<p data-gtm-element-container=\"modulo-texto-link\" class=\"paragraph\">El Dr. Jos\u00e9 Luis Esteban destapa que la rentabilidad de esta estrategia radica en esa doble revalorizaci\u00f3n: los terrenos tienden a apreciarse con el tiempo por<strong> la escasez del suelo disponible, en cambio, la vivienda incrementa su valor gracias a su calidad,\u00a0 ubicaci\u00f3n o dise\u00f1o personalizado.<\/strong><\/p>\n<p data-gtm-element-container=\"modulo-texto-link\" class=\"paragraph\">Este modelo es especialmente atractivo para familias que buscan un hogar permanente para quienes quieren ver como su inversi\u00f3n crece con el tiempo. <strong>De modo que implica procesos de planificaci\u00f3n, tr\u00e1mites, obras y gesti\u00f3n, de modo que el enfoque necesita m\u00e1s a largo plazo.\u00a0<\/strong><\/p>\n","protected":false},"excerpt":{"rendered":"Acceder a la vivienda en Espa\u00f1a se ha convertido en uno de los problemas m\u00e1s preocupantes, la edad&hellip;\n","protected":false},"author":2,"featured_media":110812,"comment_status":"","ping_status":"","sticky":false,"template":"","format":"standard","meta":{"footnotes":""},"categories":[173],"tags":[229,233,231,230,232,234,146,147,25,24,23],"class_list":{"0":"post-110811","1":"post","2":"type-post","3":"status-publish","4":"format-standard","5":"has-post-thumbnail","7":"category-arte-y-diseno","8":"tag-arte","9":"tag-arte-y-diseno","10":"tag-arts","11":"tag-arts-and-design","12":"tag-design","13":"tag-diseno","14":"tag-entertainment","15":"tag-entretenimiento","16":"tag-es","17":"tag-espana","18":"tag-spain"},"share_on_mastodon":{"url":"","error":""},"_links":{"self":[{"href":"https:\/\/www.europesays.com\/es\/wp-json\/wp\/v2\/posts\/110811","targetHints":{"allow":["GET"]}}],"collection":[{"href":"https:\/\/www.europesays.com\/es\/wp-json\/wp\/v2\/posts"}],"about":[{"href":"https:\/\/www.europesays.com\/es\/wp-json\/wp\/v2\/types\/post"}],"author":[{"embeddable":true,"href":"https:\/\/www.europesays.com\/es\/wp-json\/wp\/v2\/users\/2"}],"replies":[{"embeddable":true,"href":"https:\/\/www.europesays.com\/es\/wp-json\/wp\/v2\/comments?post=110811"}],"version-history":[{"count":0,"href":"https:\/\/www.europesays.com\/es\/wp-json\/wp\/v2\/posts\/110811\/revisions"}],"wp:featuredmedia":[{"embeddable":true,"href":"https:\/\/www.europesays.com\/es\/wp-json\/wp\/v2\/media\/110812"}],"wp:attachment":[{"href":"https:\/\/www.europesays.com\/es\/wp-json\/wp\/v2\/media?parent=110811"}],"wp:term":[{"taxonomy":"category","embeddable":true,"href":"https:\/\/www.europesays.com\/es\/wp-json\/wp\/v2\/categories?post=110811"},{"taxonomy":"post_tag","embeddable":true,"href":"https:\/\/www.europesays.com\/es\/wp-json\/wp\/v2\/tags?post=110811"}],"curies":[{"name":"wp","href":"https:\/\/api.w.org\/{rel}","templated":true}]}}