{"id":110834,"date":"2025-09-12T20:37:38","date_gmt":"2025-09-12T20:37:38","guid":{"rendered":"https:\/\/www.europesays.com\/es\/110834\/"},"modified":"2025-09-12T20:37:38","modified_gmt":"2025-09-12T20:37:38","slug":"juan-ortega-destaca-en-una-tarde-sin-puerta-grande-en-la-que-talavante-paso-de-puntillas","status":"publish","type":"post","link":"https:\/\/www.europesays.com\/es\/110834\/","title":{"rendered":"Juan Ortega destaca en una tarde sin puerta grande en la que Talavante pas\u00f3 de puntillas"},"content":{"rendered":"<p>\t\t\t\t\t45<\/p>\n<p><strong>Avanza la Feria Taurina de Albacete 2025 y el torero Juan Ortega firmaba hoy la mejor actuaci\u00f3n de una tarde en la que no se abri\u00f3 la puerta grande. Lo m\u00e1s destacado lo firm\u00f3 en el tercero de la tarde, con una actuaci\u00f3n en la que dejaba muletazos que parec\u00eda que iban a c\u00e1mara lenta.<\/strong><\/p>\n<p>Ha llegado a gustar mucho en el tendido y recib\u00eda como premio una oreja. Fue un toro con clase de Victoriano del R\u00edo. El toreo sobre la diestra lleg\u00f3 mucho a los tendidos bajo \u2018Suspiros de Espa\u00f1a\u2019. <\/p>\n<p>Tarde con toros de Victoriano del R\u00edo, La Ventana del Puerto (5) y Puerto de San Lorenzo (6), con pr\u00e1cticamente lleno en los tendidos.<\/p>\n<p>Jos\u00e9 Mar\u00eda Manzanares tambi\u00e9n cort\u00f3 una oreja a su primero pero de muy distinta factura a la de Juan Ortega. La de Ortega ha sido una oreja de importancia, mientras que la de Manzanares fue meramente num\u00e9rica.<\/p>\n<p>Talavante pasaba m\u00e1s que de puntillas por Albacete. Y de los toros s\u00f3lo se salva del encierro remendado ese tercero de Victoriano del R\u00edo, que tuvo un pit\u00f3n derecho que le permiti\u00f3 lucirse a Juan Ortega. Los dem\u00e1s dejaron mucho que desear en su juego.<\/p>\n<p><a href=\"https:\/\/www.europesays.com\/es\/wp-content\/uploads\/2025\/09\/IMG-20250912-WA0084.jpg\" data-rel=\"penci-gallery-image-content\"><img fetchpriority=\"high\" decoding=\"async\" width=\"1800\" height=\"1202\" data-id=\"189394\" src=\"https:\/\/www.europesays.com\/es\/wp-content\/uploads\/2025\/09\/IMG-20250912-WA0084.jpg\" alt=\"\" class=\"wp-image-189394\"  \/><\/a>Juan Ortega, Jos\u00e9 Mar\u00eda Manzanares y Talavante, en la Feria Taurina de Albacete, toros de Victoriano del R\u00edo, La Ventana del Puerto y Puerto de San Lorenzo<\/p>\n<p><a href=\"https:\/\/www.europesays.com\/es\/wp-content\/uploads\/2025\/09\/IMG-20250912-WA0083.jpg\" data-rel=\"penci-gallery-image-content\"><img loading=\"lazy\" decoding=\"async\" width=\"1800\" height=\"1201\" data-id=\"189393\" src=\"https:\/\/www.europesays.com\/es\/wp-content\/uploads\/2025\/09\/IMG-20250912-WA0083.jpg\" alt=\"\" class=\"wp-image-189393\"  \/><\/a>Juan Ortega, Jos\u00e9 Mar\u00eda Manzanares y Talavante, en la Feria Taurina de Albacete, toros de Victoriano del R\u00edo, La Ventana del Puerto y Puerto de San Lorenzo<\/p>\n<p><a href=\"https:\/\/www.europesays.com\/es\/wp-content\/uploads\/2025\/09\/IMG-20250912-WA0082.jpg\" data-rel=\"penci-gallery-image-content\"><img loading=\"lazy\" decoding=\"async\" width=\"1800\" height=\"1800\" data-id=\"189392\" src=\"https:\/\/www.europesays.com\/es\/wp-content\/uploads\/2025\/09\/IMG-20250912-WA0082.jpg\" alt=\"\" class=\"wp-image-189392\"  \/><\/a>Juan Ortega, Jos\u00e9 Mar\u00eda Manzanares y Talavante, en la Feria Taurina de Albacete, toros de Victoriano del R\u00edo, La Ventana del Puerto y Puerto de San Lorenzo<\/p>\n<p><a href=\"https:\/\/www.europesays.com\/es\/wp-content\/uploads\/2025\/09\/IMG-20250912-WA0079.jpg\" data-rel=\"penci-gallery-image-content\"><img loading=\"lazy\" decoding=\"async\" width=\"1799\" height=\"1800\" data-id=\"189391\" src=\"https:\/\/www.europesays.com\/es\/wp-content\/uploads\/2025\/09\/IMG-20250912-WA0079.jpg\" alt=\"\" class=\"wp-image-189391\"  \/><\/a>Juan Ortega, Jos\u00e9 Mar\u00eda Manzanares y Talavante, en la Feria Taurina de Albacete, toros de Victoriano del R\u00edo, La Ventana del Puerto y Puerto de San Lorenzo<\/p>\n<p><a href=\"https:\/\/www.europesays.com\/es\/wp-content\/uploads\/2025\/09\/IMG-20250912-WA0078.jpg\" data-rel=\"penci-gallery-image-content\"><img loading=\"lazy\" decoding=\"async\" width=\"1800\" height=\"1201\" data-id=\"189390\" src=\"https:\/\/www.europesays.com\/es\/wp-content\/uploads\/2025\/09\/IMG-20250912-WA0078.jpg\" alt=\"\" class=\"wp-image-189390\"  \/><\/a>Juan Ortega, Jos\u00e9 Mar\u00eda Manzanares y Talavante, en la Feria Taurina de Albacete, toros de Victoriano del R\u00edo, La Ventana del Puerto y Puerto de San Lorenzo<\/p>\n<p><a href=\"https:\/\/www.europesays.com\/es\/wp-content\/uploads\/2025\/09\/IMG-20250912-WA0077.jpg\" data-rel=\"penci-gallery-image-content\"><img loading=\"lazy\" decoding=\"async\" width=\"1800\" height=\"1201\" data-id=\"189389\" src=\"https:\/\/www.europesays.com\/es\/wp-content\/uploads\/2025\/09\/IMG-20250912-WA0077.jpg\" alt=\"\" class=\"wp-image-189389\"  \/><\/a>Juan Ortega, Jos\u00e9 Mar\u00eda Manzanares y Talavante, en la Feria Taurina de Albacete, toros de Victoriano del R\u00edo, La Ventana del Puerto y Puerto de San Lorenzo<\/p>\n<p><a href=\"https:\/\/www.europesays.com\/es\/wp-content\/uploads\/2025\/09\/IMG-20250912-WA0076.jpg\" data-rel=\"penci-gallery-image-content\"><img loading=\"lazy\" decoding=\"async\" width=\"1800\" height=\"1200\" data-id=\"189388\" src=\"https:\/\/www.europesays.com\/es\/wp-content\/uploads\/2025\/09\/IMG-20250912-WA0076.jpg\" alt=\"\" class=\"wp-image-189388\"  \/><\/a>Juan Ortega, Jos\u00e9 Mar\u00eda Manzanares y Talavante, en la Feria Taurina de Albacete, toros de Victoriano del R\u00edo, La Ventana del Puerto y Puerto de San Lorenzo<\/p>\n<p><a href=\"https:\/\/www.europesays.com\/es\/wp-content\/uploads\/2025\/09\/IMG-20250912-WA0075.jpg\" data-rel=\"penci-gallery-image-content\"><img loading=\"lazy\" decoding=\"async\" width=\"1800\" height=\"1201\" data-id=\"189387\" src=\"https:\/\/www.europesays.com\/es\/wp-content\/uploads\/2025\/09\/IMG-20250912-WA0075.jpg\" alt=\"\" class=\"wp-image-189387\"  \/><\/a>Juan Ortega, Jos\u00e9 Mar\u00eda Manzanares y Talavante, en la Feria Taurina de Albacete, toros de Victoriano del R\u00edo, La Ventana del Puerto y Puerto de San Lorenzo<\/p>\n<p><a href=\"https:\/\/www.europesays.com\/es\/wp-content\/uploads\/2025\/09\/IMG-20250912-WA0074.jpg\" data-rel=\"penci-gallery-image-content\"><img loading=\"lazy\" decoding=\"async\" width=\"1800\" height=\"1798\" data-id=\"189386\" src=\"https:\/\/www.europesays.com\/es\/wp-content\/uploads\/2025\/09\/IMG-20250912-WA0074.jpg\" alt=\"\" class=\"wp-image-189386\"  \/><\/a>Juan Ortega, Jos\u00e9 Mar\u00eda Manzanares y Talavante, en la Feria Taurina de Albacete, toros de Victoriano del R\u00edo, La Ventana del Puerto y Puerto de San Lorenzo<\/p>\n<p><a href=\"https:\/\/www.europesays.com\/es\/wp-content\/uploads\/2025\/09\/IMG-20250912-WA0073.jpg\" data-rel=\"penci-gallery-image-content\"><img loading=\"lazy\" decoding=\"async\" width=\"1800\" height=\"1201\" data-id=\"189385\" src=\"https:\/\/www.europesays.com\/es\/wp-content\/uploads\/2025\/09\/IMG-20250912-WA0073.jpg\" alt=\"\" class=\"wp-image-189385\"  \/><\/a>Juan Ortega, Jos\u00e9 Mar\u00eda Manzanares y Talavante, en la Feria Taurina de Albacete, toros de Victoriano del R\u00edo, La Ventana del Puerto y Puerto de San Lorenzo<\/p>\n<p><a href=\"https:\/\/www.europesays.com\/es\/wp-content\/uploads\/2025\/09\/IMG-20250912-WA0070.jpg\" data-rel=\"penci-gallery-image-content\"><img loading=\"lazy\" decoding=\"async\" width=\"1800\" height=\"1201\" data-id=\"189384\" src=\"https:\/\/www.europesays.com\/es\/wp-content\/uploads\/2025\/09\/IMG-20250912-WA0070.jpg\" alt=\"\" class=\"wp-image-189384\"  \/><\/a>Juan Ortega, Jos\u00e9 Mar\u00eda Manzanares y Talavante, en la Feria Taurina de Albacete, toros de Victoriano del R\u00edo, La Ventana del Puerto y Puerto de San Lorenzo<\/p>\n<p><a href=\"https:\/\/www.europesays.com\/es\/wp-content\/uploads\/2025\/09\/IMG-20250912-WA0069.jpg\" data-rel=\"penci-gallery-image-content\"><img loading=\"lazy\" decoding=\"async\" width=\"1800\" height=\"1202\" data-id=\"189383\" src=\"https:\/\/www.europesays.com\/es\/wp-content\/uploads\/2025\/09\/IMG-20250912-WA0069.jpg\" alt=\"\" class=\"wp-image-189383\"  \/><\/a>Juan Ortega, Jos\u00e9 Mar\u00eda Manzanares y Talavante, en la Feria Taurina de Albacete, toros de Victoriano del R\u00edo, La Ventana del Puerto y Puerto de San Lorenzo<\/p>\n<p><a href=\"https:\/\/www.europesays.com\/es\/wp-content\/uploads\/2025\/09\/IMG-20250912-WA0068.jpg\" data-rel=\"penci-gallery-image-content\"><img loading=\"lazy\" decoding=\"async\" width=\"1800\" height=\"1201\" data-id=\"189382\" src=\"https:\/\/www.europesays.com\/es\/wp-content\/uploads\/2025\/09\/IMG-20250912-WA0068.jpg\" alt=\"\" class=\"wp-image-189382\"  \/><\/a>Juan Ortega, Jos\u00e9 Mar\u00eda Manzanares y Talavante, en la Feria Taurina de Albacete, toros de Victoriano del R\u00edo, La Ventana del Puerto y Puerto de San Lorenzo<\/p>\n<p><a href=\"https:\/\/www.europesays.com\/es\/wp-content\/uploads\/2025\/09\/IMG-20250912-WA0067.jpg\" data-rel=\"penci-gallery-image-content\"><img loading=\"lazy\" decoding=\"async\" width=\"1800\" height=\"1201\" data-id=\"189381\" src=\"https:\/\/www.europesays.com\/es\/wp-content\/uploads\/2025\/09\/IMG-20250912-WA0067.jpg\" alt=\"\" class=\"wp-image-189381\"  \/><\/a>Juan Ortega, Jos\u00e9 Mar\u00eda Manzanares y Talavante, en la Feria Taurina de Albacete, toros de Victoriano del R\u00edo, La Ventana del Puerto y Puerto de San Lorenzo<\/p>\n<p><a href=\"https:\/\/www.europesays.com\/es\/wp-content\/uploads\/2025\/09\/IMG-20250912-WA0066.jpg\" data-rel=\"penci-gallery-image-content\"><img loading=\"lazy\" decoding=\"async\" width=\"1800\" height=\"1201\" data-id=\"189380\" src=\"https:\/\/www.europesays.com\/es\/wp-content\/uploads\/2025\/09\/IMG-20250912-WA0066.jpg\" alt=\"\" class=\"wp-image-189380\"  \/><\/a>Juan Ortega, Jos\u00e9 Mar\u00eda Manzanares y Talavante, en la Feria Taurina de Albacete, toros de Victoriano del R\u00edo, La Ventana del Puerto y Puerto de San Lorenzo<\/p>\n<p><a href=\"https:\/\/www.europesays.com\/es\/wp-content\/uploads\/2025\/09\/IMG-20250912-WA0065.jpg\" data-rel=\"penci-gallery-image-content\"><img loading=\"lazy\" decoding=\"async\" width=\"1800\" height=\"1201\" data-id=\"189379\" src=\"https:\/\/www.europesays.com\/es\/wp-content\/uploads\/2025\/09\/IMG-20250912-WA0065.jpg\" alt=\"\" class=\"wp-image-189379\"  \/><\/a>Juan Ortega, Jos\u00e9 Mar\u00eda Manzanares y Talavante, en la Feria Taurina de Albacete, toros de Victoriano del R\u00edo, La Ventana del Puerto y Puerto de San Lorenzo<\/p>\n<p><a href=\"https:\/\/www.europesays.com\/es\/wp-content\/uploads\/2025\/09\/IMG-20250912-WA0064.jpg\" data-rel=\"penci-gallery-image-content\"><img loading=\"lazy\" decoding=\"async\" width=\"1800\" height=\"1201\" data-id=\"189378\" src=\"https:\/\/www.europesays.com\/es\/wp-content\/uploads\/2025\/09\/IMG-20250912-WA0064.jpg\" alt=\"\" class=\"wp-image-189378\"  \/><\/a>Juan Ortega, Jos\u00e9 Mar\u00eda Manzanares y Talavante, en la Feria Taurina de Albacete, toros de Victoriano del R\u00edo, La Ventana del Puerto y Puerto de San Lorenzo<\/p>\n<p><a href=\"https:\/\/www.europesays.com\/es\/wp-content\/uploads\/2025\/09\/IMG-20250912-WA0062.jpg\" data-rel=\"penci-gallery-image-content\"><img loading=\"lazy\" decoding=\"async\" width=\"1800\" height=\"1201\" data-id=\"189377\" src=\"https:\/\/www.europesays.com\/es\/wp-content\/uploads\/2025\/09\/IMG-20250912-WA0062.jpg\" alt=\"\" class=\"wp-image-189377\"  \/><\/a>Juan Ortega, Jos\u00e9 Mar\u00eda Manzanares y Talavante, en la Feria Taurina de Albacete, toros de Victoriano del R\u00edo, La Ventana del Puerto y Puerto de San Lorenzo<\/p>\n<p><a href=\"https:\/\/www.europesays.com\/es\/wp-content\/uploads\/2025\/09\/IMG-20250912-WA0061.jpg\" data-rel=\"penci-gallery-image-content\"><img loading=\"lazy\" decoding=\"async\" width=\"1800\" height=\"1202\" data-id=\"189376\" src=\"https:\/\/www.europesays.com\/es\/wp-content\/uploads\/2025\/09\/IMG-20250912-WA0061.jpg\" alt=\"\" class=\"wp-image-189376\"  \/><\/a>Juan Ortega, Jos\u00e9 Mar\u00eda Manzanares y Talavante, en la Feria Taurina de Albacete, toros de Victoriano del R\u00edo, La Ventana del Puerto y Puerto de San Lorenzo<\/p>\n<p><a href=\"https:\/\/www.europesays.com\/es\/wp-content\/uploads\/2025\/09\/IMG-20250912-WA0060.jpg\" data-rel=\"penci-gallery-image-content\"><img loading=\"lazy\" decoding=\"async\" width=\"1800\" height=\"1201\" data-id=\"189375\" src=\"https:\/\/www.europesays.com\/es\/wp-content\/uploads\/2025\/09\/IMG-20250912-WA0060.jpg\" alt=\"\" class=\"wp-image-189375\"  \/><\/a>Juan Ortega, Jos\u00e9 Mar\u00eda Manzanares y Talavante, en la Feria Taurina de Albacete, toros de Victoriano del R\u00edo, La Ventana del Puerto y Puerto de San Lorenzo<\/p>\n<p><a href=\"https:\/\/www.europesays.com\/es\/wp-content\/uploads\/2025\/09\/IMG-20250912-WA0059.jpg\" data-rel=\"penci-gallery-image-content\"><img loading=\"lazy\" decoding=\"async\" width=\"1800\" height=\"1201\" data-id=\"189374\" src=\"https:\/\/www.europesays.com\/es\/wp-content\/uploads\/2025\/09\/IMG-20250912-WA0059.jpg\" alt=\"\" class=\"wp-image-189374\"  \/><\/a>Juan Ortega, Jos\u00e9 Mar\u00eda Manzanares y Talavante, en la Feria Taurina de Albacete, toros de Victoriano del R\u00edo, La Ventana del Puerto y Puerto de San Lorenzo<\/p>\n<p><a href=\"https:\/\/www.europesays.com\/es\/wp-content\/uploads\/2025\/09\/IMG-20250912-WA0057.jpg\" data-rel=\"penci-gallery-image-content\"><img loading=\"lazy\" decoding=\"async\" width=\"1800\" height=\"1201\" data-id=\"189373\" src=\"https:\/\/www.europesays.com\/es\/wp-content\/uploads\/2025\/09\/IMG-20250912-WA0057.jpg\" alt=\"\" class=\"wp-image-189373\"  \/><\/a>Juan Ortega, Jos\u00e9 Mar\u00eda Manzanares y Talavante, en la Feria Taurina de Albacete, toros de Victoriano del R\u00edo, La Ventana del Puerto y Puerto de San Lorenzo<\/p>\n<p><a href=\"https:\/\/www.europesays.com\/es\/wp-content\/uploads\/2025\/09\/IMG-20250912-WA0052.jpg\" data-rel=\"penci-gallery-image-content\"><img loading=\"lazy\" decoding=\"async\" width=\"1800\" height=\"1201\" data-id=\"189372\" src=\"https:\/\/www.europesays.com\/es\/wp-content\/uploads\/2025\/09\/IMG-20250912-WA0052.jpg\" alt=\"\" class=\"wp-image-189372\"  \/><\/a>Juan Ortega, Jos\u00e9 Mar\u00eda Manzanares y Talavante, en la Feria Taurina de Albacete, toros de Victoriano del R\u00edo, La Ventana del Puerto y Puerto de San Lorenzo<\/p>\n<p><a href=\"https:\/\/www.europesays.com\/es\/wp-content\/uploads\/2025\/09\/IMG-20250912-WA0050.jpg\" data-rel=\"penci-gallery-image-content\"><img loading=\"lazy\" decoding=\"async\" width=\"1800\" height=\"1201\" data-id=\"189371\" src=\"https:\/\/www.europesays.com\/es\/wp-content\/uploads\/2025\/09\/IMG-20250912-WA0050.jpg\" alt=\"\" class=\"wp-image-189371\"  \/><\/a>Juan Ortega, Jos\u00e9 Mar\u00eda Manzanares y Talavante, en la Feria Taurina de Albacete, toros de Victoriano del R\u00edo, La Ventana del Puerto y Puerto de San Lorenzo<\/p>\n<p><a href=\"https:\/\/www.europesays.com\/es\/wp-content\/uploads\/2025\/09\/IMG-20250912-WA0048.jpg\" data-rel=\"penci-gallery-image-content\"><img loading=\"lazy\" decoding=\"async\" width=\"1800\" height=\"1201\" data-id=\"189370\" src=\"https:\/\/www.europesays.com\/es\/wp-content\/uploads\/2025\/09\/IMG-20250912-WA0048.jpg\" alt=\"\" class=\"wp-image-189370\"  \/><\/a>Juan Ortega, Jos\u00e9 Mar\u00eda Manzanares y Talavante, en la Feria Taurina de Albacete, toros de Victoriano del R\u00edo, La Ventana del Puerto y Puerto de San Lorenzo<\/p>\n<p><a href=\"https:\/\/www.europesays.com\/es\/wp-content\/uploads\/2025\/09\/IMG-20250912-WA0045.jpg\" data-rel=\"penci-gallery-image-content\"><img loading=\"lazy\" decoding=\"async\" width=\"1800\" height=\"1201\" data-id=\"189369\" src=\"https:\/\/www.europesays.com\/es\/wp-content\/uploads\/2025\/09\/IMG-20250912-WA0045.jpg\" alt=\"\" class=\"wp-image-189369\"  \/><\/a>Juan Ortega, Jos\u00e9 Mar\u00eda Manzanares y Talavante, en la Feria Taurina de Albacete, toros de Victoriano del R\u00edo, La Ventana del Puerto y Puerto de San Lorenzo<\/p>\n<p><a href=\"https:\/\/www.europesays.com\/es\/wp-content\/uploads\/2025\/09\/IMG-20250912-WA0043.jpg\" data-rel=\"penci-gallery-image-content\"><img loading=\"lazy\" decoding=\"async\" width=\"1800\" height=\"1201\" data-id=\"189368\" src=\"https:\/\/www.europesays.com\/es\/wp-content\/uploads\/2025\/09\/IMG-20250912-WA0043.jpg\" alt=\"\" class=\"wp-image-189368\"  \/><\/a>Juan Ortega, Jos\u00e9 Mar\u00eda Manzanares y Talavante, en la Feria Taurina de Albacete, toros de Victoriano del R\u00edo, La Ventana del Puerto y Puerto de San Lorenzo<\/p>\n<p><a href=\"https:\/\/www.europesays.com\/es\/wp-content\/uploads\/2025\/09\/IMG-20250912-WA0036.jpg\" data-rel=\"penci-gallery-image-content\"><img loading=\"lazy\" decoding=\"async\" width=\"1800\" height=\"1201\" data-id=\"189367\" src=\"https:\/\/www.europesays.com\/es\/wp-content\/uploads\/2025\/09\/IMG-20250912-WA0036.jpg\" alt=\"\" class=\"wp-image-189367\"  \/><\/a>Juan Ortega, Jos\u00e9 Mar\u00eda Manzanares y Talavante, en la Feria Taurina de Albacete, toros de Victoriano del R\u00edo, La Ventana del Puerto y Puerto de San Lorenzo<\/p>\n","protected":false},"excerpt":{"rendered":"45 Avanza la Feria Taurina de Albacete 2025 y el torero Juan Ortega firmaba hoy la mejor actuaci\u00f3n&hellip;\n","protected":false},"author":2,"featured_media":110835,"comment_status":"","ping_status":"","sticky":false,"template":"","format":"standard","meta":{"footnotes":""},"categories":[277],"tags":[2545,373,168,25,24,599,4035,5090,23,167,6142,374],"class_list":{"0":"post-110834","1":"post","2":"type-post","3":"status-publish","4":"format-standard","5":"has-post-thumbnail","7":"category-toreo","8":"tag-albacete","9":"tag-bullfighting","10":"tag-deportes","11":"tag-es","12":"tag-espana","13":"tag-feria","14":"tag-juan-ortega","15":"tag-manzanares","16":"tag-spain","17":"tag-sports","18":"tag-talavante","19":"tag-toreo"},"share_on_mastodon":{"url":"","error":""},"_links":{"self":[{"href":"https:\/\/www.europesays.com\/es\/wp-json\/wp\/v2\/posts\/110834","targetHints":{"allow":["GET"]}}],"collection":[{"href":"https:\/\/www.europesays.com\/es\/wp-json\/wp\/v2\/posts"}],"about":[{"href":"https:\/\/www.europesays.com\/es\/wp-json\/wp\/v2\/types\/post"}],"author":[{"embeddable":true,"href":"https:\/\/www.europesays.com\/es\/wp-json\/wp\/v2\/users\/2"}],"replies":[{"embeddable":true,"href":"https:\/\/www.europesays.com\/es\/wp-json\/wp\/v2\/comments?post=110834"}],"version-history":[{"count":0,"href":"https:\/\/www.europesays.com\/es\/wp-json\/wp\/v2\/posts\/110834\/revisions"}],"wp:featuredmedia":[{"embeddable":true,"href":"https:\/\/www.europesays.com\/es\/wp-json\/wp\/v2\/media\/110835"}],"wp:attachment":[{"href":"https:\/\/www.europesays.com\/es\/wp-json\/wp\/v2\/media?parent=110834"}],"wp:term":[{"taxonomy":"category","embeddable":true,"href":"https:\/\/www.europesays.com\/es\/wp-json\/wp\/v2\/categories?post=110834"},{"taxonomy":"post_tag","embeddable":true,"href":"https:\/\/www.europesays.com\/es\/wp-json\/wp\/v2\/tags?post=110834"}],"curies":[{"name":"wp","href":"https:\/\/api.w.org\/{rel}","templated":true}]}}