{"id":110864,"date":"2025-09-12T20:53:07","date_gmt":"2025-09-12T20:53:07","guid":{"rendered":"https:\/\/www.europesays.com\/es\/110864\/"},"modified":"2025-09-12T20:53:07","modified_gmt":"2025-09-12T20:53:07","slug":"los-fans-de-miley-cyrus-llenan-de-odio-el-anuncio-de-compromiso-de-su-ex-liam-hemsworth","status":"publish","type":"post","link":"https:\/\/www.europesays.com\/es\/110864\/","title":{"rendered":"Los fans de Miley Cyrus llenan de odio el anuncio de compromiso de su ex, Liam Hemsworth"},"content":{"rendered":"<p><img decoding=\"async\" class=\"voc-author__img\" src=\"https:\/\/s1.abcstatics.com\/comun\/2015\/img\/autor\/autor-7150-foto-1.jpeg\" alt=\"Marina Ortiz Cort\u00e9s\"\/><\/p>\n<p class=\"voc-p\" style=\"\">Unas fotograf\u00edas tomadas en las aguas de Ibiza adelantaban la noticia. <strong>Liam Hemsworth (35 a\u00f1os) y Gabriella Brooks<\/strong> (29) se han comprometido tras seis a\u00f1os de relaci\u00f3n, y en aquellas im\u00e1genes se ve\u00eda c\u00f3mo la actriz y modelo le ense\u00f1aba la mano a <a href=\"https:\/\/www.abc.es\/gente\/chris-hemsworth-celebra-cumpleanos-ibiza-elsa-pataky-20250813165547-nt.html\" target=\"_self\" data-voc-vtm-id=\"in-text-traffic\" title=\"Taika Waititi\" data-mrf-link=\"www.abc.es\" rel=\"nofollow noopener\">Taika Waititi<\/a> y este la abrazaba en respuesta. Ahora ha sido ella quien se ha encargado de confirmarlo con una publicaci\u00f3n en Instagram. <\/p>\n<p class=\"voc-p\" style=\"\">En la primera foto, en blanco y negro, <a href=\"https:\/\/www.abc.es\/estilo\/gente\/abci-liam-hemsworth-presenta-padres-nueva-chica-tras-separarse-miley-cyrus-201912171347_noticia.html\" target=\"_self\" data-voc-vtm-id=\"in-text-traffic\" title=\"Gabriella abraza a Liam Hemsworth\" data-mrf-link=\"www.abc.es\" rel=\"nofollow noopener\">Gabriella abraza a Liam Hemsworth<\/a> y muestra la mano, posada sobre el pecho de \u00e9l, con <strong>un precioso anillo de diamante<\/strong> que apenas se aprecia, pero reluce sobre el tono oscuro de la camiseta. La siguiente imagen, una intrigante puesta de sol sobre el mar. Y, finalmente, la que aclara todo: la mano de la joven actriz posada sobre una cama con el precioso anillo de diamante y banda de oro.<\/p>\n<p class=\"voc-p\" style=\"\">Una noticia que tendr\u00eda que ser motivo de felicitaciones y de cari\u00f1o y que, sin embargo, se ha llenado de odio. Porque al revisar los m\u00e1s de 800 comentarios que en cuesti\u00f3n de horas han respondido a la publicaci\u00f3n de Gabriella, se pueden encontrar much\u00edsimos mensajes de enhorabuena, pero sorprende ver tambi\u00e9n lo contrario. <strong>Gifs de Miley Cyrus (32) de su \u00e9poca de Hannah Montana<\/strong>, en donde se puede leer \u00abTodo el mundo se equivoca, todo el mundo tiene esos d\u00edas\u00bb; im\u00e1genes del <a href=\"https:\/\/www.abc.es\/gente\/miley-cyrus-marca-shakirazo-20230113164257-nt.html\" target=\"_self\" data-voc-vtm-id=\"in-text-traffic\" title=\"videoclip de &#039;Flowers&#039;\" data-mrf-link=\"www.abc.es\" rel=\"nofollow noopener\">videoclip de &#8216;Flowers&#8217;<\/a>, as\u00ed como referencias a este: \u00abEspero que te pueda comprar flores\u00bb&#8230; E incluso mensajes como \u00abLa que se lo queda pierde\u00bb o \u00ab<strong>hace falta coraje<\/strong> para casarse con un hombre as\u00ed. Le miro y solo veo a alguien que es infiel\u00bb, escribe otra persona.<\/p>\n<p class=\"voc-p\" style=\"\">Hay quienes aseguran que el anillo de compromiso es el mismo que el que Liam Hemsworth le regal\u00f3 a Miley Cyrus, aunque no es cierto. El de la cantante era <strong>un diamante blanco de 3.5 quilates<\/strong> de corte coj\u00edn dise\u00f1ado por Neil Lane con una banda de oro amarillo hecha a mano llena de detalles grabados, que ella misma admiti\u00f3 despu\u00e9s que no era muy de su estilo. El de Gabriella, seg\u00fan asegura la web &#8216;Brides&#8217; citando a Benjamin Khordipour de Estate Diamond Jewelry, ser\u00eda un diamante del mismo tono y mismo corte pero con <strong>4.5 quilates<\/strong> y una sencilla banda de oro. <\/p>\n<p class=\"voc-p\" style=\"\">Miley Cyrus y Liam Hemsworth rompieron su relaci\u00f3n en 2019 tras haberse casado en diciembre de 2018. <strong>Su romance fue largo y tumultuoso<\/strong>, con varias rupturas y acusaciones de infidelidad por parte del actor. De hecho, la cantante insinu\u00f3 la traici\u00f3n en su canci\u00f3n &#8216;Drive&#8217;, del <a href=\"https:\/\/www.abc.es\/cultura\/musica\/20131008\/abci-miley-cyrus-itunes-201310081046.html\" target=\"_self\" data-voc-vtm-id=\"in-text-traffic\" title=\"disco &#039;Bangerz&#039;\" data-mrf-link=\"www.abc.es\" rel=\"nofollow noopener\">disco &#8216;Bangerz&#8217;<\/a> (2013). <\/p>\n<p>Reportar un error<\/p>\n","protected":false},"excerpt":{"rendered":"Unas fotograf\u00edas tomadas en las aguas de Ibiza adelantaban la noticia. Liam Hemsworth (35 a\u00f1os) y Gabriella Brooks&hellip;\n","protected":false},"author":2,"featured_media":110865,"comment_status":"","ping_status":"","sticky":false,"template":"","format":"standard","meta":{"footnotes":""},"categories":[91],"tags":[6243,1625,25386,146,147,25,24,7136,20833,7229,12033,25385,4653,23],"class_list":{"0":"post-110864","1":"post","2":"type-post","3":"status-publish","4":"format-standard","5":"has-post-thumbnail","7":"category-entretenimiento","8":"tag-anuncio","9":"tag-compromiso","10":"tag-cyrus","11":"tag-entertainment","12":"tag-entretenimiento","13":"tag-es","14":"tag-espana","15":"tag-fans","16":"tag-hemsworth","17":"tag-liam","18":"tag-llenan","19":"tag-miley","20":"tag-odio","21":"tag-spain"},"share_on_mastodon":{"url":"","error":""},"_links":{"self":[{"href":"https:\/\/www.europesays.com\/es\/wp-json\/wp\/v2\/posts\/110864","targetHints":{"allow":["GET"]}}],"collection":[{"href":"https:\/\/www.europesays.com\/es\/wp-json\/wp\/v2\/posts"}],"about":[{"href":"https:\/\/www.europesays.com\/es\/wp-json\/wp\/v2\/types\/post"}],"author":[{"embeddable":true,"href":"https:\/\/www.europesays.com\/es\/wp-json\/wp\/v2\/users\/2"}],"replies":[{"embeddable":true,"href":"https:\/\/www.europesays.com\/es\/wp-json\/wp\/v2\/comments?post=110864"}],"version-history":[{"count":0,"href":"https:\/\/www.europesays.com\/es\/wp-json\/wp\/v2\/posts\/110864\/revisions"}],"wp:featuredmedia":[{"embeddable":true,"href":"https:\/\/www.europesays.com\/es\/wp-json\/wp\/v2\/media\/110865"}],"wp:attachment":[{"href":"https:\/\/www.europesays.com\/es\/wp-json\/wp\/v2\/media?parent=110864"}],"wp:term":[{"taxonomy":"category","embeddable":true,"href":"https:\/\/www.europesays.com\/es\/wp-json\/wp\/v2\/categories?post=110864"},{"taxonomy":"post_tag","embeddable":true,"href":"https:\/\/www.europesays.com\/es\/wp-json\/wp\/v2\/tags?post=110864"}],"curies":[{"name":"wp","href":"https:\/\/api.w.org\/{rel}","templated":true}]}}