{"id":110881,"date":"2025-09-12T21:03:04","date_gmt":"2025-09-12T21:03:04","guid":{"rendered":"https:\/\/www.europesays.com\/es\/110881\/"},"modified":"2025-09-12T21:03:04","modified_gmt":"2025-09-12T21:03:04","slug":"el-extenista-que-bautiza-a-carlos-alcaraz-como-el-michael-jordan-del-tenis-tiene-ese-factor-x-que-hace-ver-tenis-a-los-que-no-lo-verian","status":"publish","type":"post","link":"https:\/\/www.europesays.com\/es\/110881\/","title":{"rendered":"El extenista que bautiza a Carlos Alcaraz como el Michael Jordan del tenis: \u00abTiene ese factor X que hace ver tenis a los que no lo ver\u00edan\u00bb"},"content":{"rendered":"<p>Lo que queda claro, tras 2024 y 2025, es que <b data-testid=\"body-text-bold\">Carlos Alcaraz<\/b> y Jannik Sinner se han consolidado como los grandes nombres del tenis en el a\u00f1o 2025. Para una gran parte de los aficionados al tenis, su favorito de esa rivalidad es un Carlos Alcaraz que, desde la aparici\u00f3n de los dos &#8216;p\u00fagiles en el circuito, ha destacado por emanar m\u00e1s carisma que el tenista italiano.<\/p>\n<p>Tras la victoria del nacido y criado en El Palmar durante la final del US Open 2025, algunas voces reconocidas del tenis internacional y exentrenador de Andy Murray, como el extenista <b data-testid=\"body-text-bold\">Mark Petchey<\/b>, se han lanzado a comparar el <b data-testid=\"body-text-bold\">impacto generacional de Alcaraz con el de Michael Jordan<\/b>, considerado uno de los mejores deportistas de toda la historia y que, a partir de los finales de los 80 y principios de los 90, se convirti\u00f3 en todo un icono en la cultura popular.<\/p>\n<p><img decoding=\"async\" class=\"text-transparent h-full w-full object-cover\" src=\"https:\/\/www.europesays.com\/es\/wp-content\/uploads\/2025\/09\/image-260eecf6-147f-4e18-baa1-186395d97df5-85-2560-1440.jpeg\" alt=\"picture\" data-testid=\"image-high-res\"\/><\/p>\n<p class=\"caption-s6-fx\">Otro momento para la leyenda del deporte espa\u00f1ol: Alcaraz alza su segundo trofeo en el US Open<\/p>\n<p class=\"caption-s6-fx\">Autor del v\u00eddeo: Eurosport<\/p>\n<p>Para Petchey, como recoge el portal &#8216;Tennis 365&#8217;, una de las claves se encuentra en ese \u00ab<b data-testid=\"body-text-bold\">factor X<\/b>\u00bb que el murciano comparte con el exjugador de los Chicago Bulls. \u00abPuedes hablar del mejor de la historia, estad\u00edsticamente hablando y es Novak Djokovic en estos momentos. Pero si dejas a un lado las estad\u00edsticas y si hablas de ese impulso gravitacional que provoca en ojos de los que no ver\u00edan el deporte del que hablamos (tenis)\u00bb, comenz\u00f3 exponiendo el preparador brit\u00e1nico.<\/p>\n<blockquote class=\"wrapping-break-word mb-5 caps-s3-rs font-bold uppercase\"><p>Para m\u00ed, Carlos tiene ese factor X para que gente que no querr\u00eda ver tenis lo vea solo para verle a \u00e9l<\/p><\/blockquote>\n<p>Petchey, que deja claro \u00abno querer faltar al respeto a nadie\u00bb, habla de ese factor principal que comparte Carlitos con el m\u00edtico &#8217;23&#8217;. \u00ab<b data-testid=\"body-text-bold\">En todas las eras doradas de cualquier deporte, hay un icono que fue parte de ella. Lo tuviste con Jordan en los noventa en los Bulls. Ahora lo tienes con Carlos<\/b>\u00ab, zanja un Mark Petchey que tambi\u00e9n advierte al espa\u00f1ol de que tenga cuidado con su agenda y el esfuerzo f\u00edsico al que se compromete con esas exhibiciones.<\/p>\n<p><img decoding=\"async\" class=\"text-transparent h-full w-full object-cover\" src=\"https:\/\/www.europesays.com\/es\/wp-content\/uploads\/2025\/09\/image-b1b2caac-ef09-4a85-b358-e77dfaa65b43-85-2560-1440.jpeg\" alt=\"picture\" data-testid=\"image-high-res\"\/><\/p>\n<p class=\"caption-s6-fx\">La descontrolada celebraci\u00f3n de Alcaraz rociado en champagne por su equipo en el vestuario<\/p>\n<p class=\"caption-s6-fx\">Autor del v\u00eddeo: Instagram<\/p>\n","protected":false},"excerpt":{"rendered":"Lo que queda claro, tras 2024 y 2025, es que Carlos Alcaraz y Jannik Sinner se han consolidado&hellip;\n","protected":false},"author":2,"featured_media":110882,"comment_status":"","ping_status":"","sticky":false,"template":"","format":"standard","meta":{"footnotes":""},"categories":[274],"tags":[545,168,25,24,23,167,327,326,37501],"class_list":{"0":"post-110881","1":"post","2":"type-post","3":"status-publish","4":"format-standard","5":"has-post-thumbnail","7":"category-tenis","8":"tag-carlos-alcaraz","9":"tag-deportes","10":"tag-es","11":"tag-espana","12":"tag-spain","13":"tag-sports","14":"tag-tenis","15":"tag-tennis","16":"tag-us-open-masculino-2025"},"share_on_mastodon":{"url":"","error":""},"_links":{"self":[{"href":"https:\/\/www.europesays.com\/es\/wp-json\/wp\/v2\/posts\/110881","targetHints":{"allow":["GET"]}}],"collection":[{"href":"https:\/\/www.europesays.com\/es\/wp-json\/wp\/v2\/posts"}],"about":[{"href":"https:\/\/www.europesays.com\/es\/wp-json\/wp\/v2\/types\/post"}],"author":[{"embeddable":true,"href":"https:\/\/www.europesays.com\/es\/wp-json\/wp\/v2\/users\/2"}],"replies":[{"embeddable":true,"href":"https:\/\/www.europesays.com\/es\/wp-json\/wp\/v2\/comments?post=110881"}],"version-history":[{"count":0,"href":"https:\/\/www.europesays.com\/es\/wp-json\/wp\/v2\/posts\/110881\/revisions"}],"wp:featuredmedia":[{"embeddable":true,"href":"https:\/\/www.europesays.com\/es\/wp-json\/wp\/v2\/media\/110882"}],"wp:attachment":[{"href":"https:\/\/www.europesays.com\/es\/wp-json\/wp\/v2\/media?parent=110881"}],"wp:term":[{"taxonomy":"category","embeddable":true,"href":"https:\/\/www.europesays.com\/es\/wp-json\/wp\/v2\/categories?post=110881"},{"taxonomy":"post_tag","embeddable":true,"href":"https:\/\/www.europesays.com\/es\/wp-json\/wp\/v2\/tags?post=110881"}],"curies":[{"name":"wp","href":"https:\/\/api.w.org\/{rel}","templated":true}]}}