{"id":110917,"date":"2025-09-12T21:23:07","date_gmt":"2025-09-12T21:23:07","guid":{"rendered":"https:\/\/www.europesays.com\/es\/110917\/"},"modified":"2025-09-12T21:23:07","modified_gmt":"2025-09-12T21:23:07","slug":"exitos-de-guillermo-hermoso-de-mendoza-alvaro-serrano-julio-mendez-san-roman-cristian-gonzalez-torrejon-andres-romero-el-panita","status":"publish","type":"post","link":"https:\/\/www.europesays.com\/es\/110917\/","title":{"rendered":"\u00c9xitos de Guillermo Hermoso de Mendoza, \u00c1lvaro Serrano, Julio M\u00e9ndez, San Rom\u00e1n, Cristian Gonz\u00e1lez, Torrej\u00f3n, Andr\u00e9s Romero, El Panita&#8230;"},"content":{"rendered":"<p><strong>Navalcarnero (Madrid). <\/strong>Novillos de\u00a0<strong>El Risco\u00a0<\/strong>(2\u00ba bis).<strong>\u00a0\u00c1lvaro Serrano,\u00a0<\/strong>dos orejas y ovaci\u00f3n;\u00a0<strong>Julio M\u00e9ndez,<\/strong>\u00a0dos orejas y dos orejas; y<strong>\u00a0F\u00e9lix San Rom\u00e1n,\u00a0<\/strong>oreja y oreja.<\/p>\n<p><b>Cuerva<\/b>\u00a0<strong>(Toledo). <\/strong>Novillos de\u00a0<strong>Sagrario Moreno.<\/strong> Destacaron el tercero y el cuarto, premiados con la vuelta al ruedo. <strong>Cristian Gonz\u00e1lez,<\/strong>\u00a0silencio y dos orejas;<strong>\u00a0Nacho Torrej\u00f3n<\/strong>, oreja y dos orejas; y el novillero sin picadores\u00a0<strong>Esteban Gordillo,\u00a0<\/strong>dos orejas.<\/p>\n<p><strong>Sang\u00fcesa (Navarra).<\/strong> Toros de <strong>Romao Tenorio y Dias Coutinho.<\/strong> <strong>Francisco Exp\u00f3sito,<\/strong> oreja y palmas; y <strong>Guillermo Hermoso de Mendoza,<\/strong> dos orejas y oreja. <strong>Entrada<\/strong>: Tres cuartos en tarde nublada y de agradable temperatura. <strong>Informa: Koldo Larrea.\u00a0<\/strong><\/p>\n<p><strong>Higuera de la Sierra (Huelva). <\/strong>Toros de <strong>Luis Albarr\u00e1n y Prieto de la Cal,<\/strong> el tercero premiado con la vuelta al ruedo. <strong>Andr\u00e9s Romero<\/strong>, dos orejas y dos orejas y rabo; y <strong>Manuel S\u00e1nchez El Panita<\/strong>, dos orejas y dos orejas. <strong>Entrada<\/strong>: Lleno.<\/p>\n<p><img loading=\"lazy\" decoding=\"async\" class=\"alignnone wp-image-545999 size-large lazy\" src=\"https:\/\/www.europesays.com\/es\/wp-content\/uploads\/2025\/09\/bdefbfa3-2a8d-49fc-9610-3f460a29c486-1024x725.jpeg\" alt=\"\" width=\"1024\" height=\"725\"  data-\/><\/p>\n","protected":false},"excerpt":{"rendered":"Navalcarnero (Madrid). Novillos de\u00a0El Risco\u00a0(2\u00ba bis).\u00a0\u00c1lvaro Serrano,\u00a0dos orejas y ovaci\u00f3n;\u00a0Julio M\u00e9ndez,\u00a0dos orejas y dos orejas; y\u00a0F\u00e9lix San Rom\u00e1n,\u00a0oreja&hellip;\n","protected":false},"author":2,"featured_media":110918,"comment_status":"","ping_status":"","sticky":false,"template":"","format":"standard","meta":{"footnotes":""},"categories":[277],"tags":[45,373,168,25,24,30296,23,167,374],"class_list":{"0":"post-110917","1":"post","2":"type-post","3":"status-publish","4":"format-standard","5":"has-post-thumbnail","7":"category-toreo","8":"tag-45","9":"tag-bullfighting","10":"tag-deportes","11":"tag-es","12":"tag-espana","13":"tag-mas-festejos","14":"tag-spain","15":"tag-sports","16":"tag-toreo"},"share_on_mastodon":{"url":"","error":""},"_links":{"self":[{"href":"https:\/\/www.europesays.com\/es\/wp-json\/wp\/v2\/posts\/110917","targetHints":{"allow":["GET"]}}],"collection":[{"href":"https:\/\/www.europesays.com\/es\/wp-json\/wp\/v2\/posts"}],"about":[{"href":"https:\/\/www.europesays.com\/es\/wp-json\/wp\/v2\/types\/post"}],"author":[{"embeddable":true,"href":"https:\/\/www.europesays.com\/es\/wp-json\/wp\/v2\/users\/2"}],"replies":[{"embeddable":true,"href":"https:\/\/www.europesays.com\/es\/wp-json\/wp\/v2\/comments?post=110917"}],"version-history":[{"count":0,"href":"https:\/\/www.europesays.com\/es\/wp-json\/wp\/v2\/posts\/110917\/revisions"}],"wp:featuredmedia":[{"embeddable":true,"href":"https:\/\/www.europesays.com\/es\/wp-json\/wp\/v2\/media\/110918"}],"wp:attachment":[{"href":"https:\/\/www.europesays.com\/es\/wp-json\/wp\/v2\/media?parent=110917"}],"wp:term":[{"taxonomy":"category","embeddable":true,"href":"https:\/\/www.europesays.com\/es\/wp-json\/wp\/v2\/categories?post=110917"},{"taxonomy":"post_tag","embeddable":true,"href":"https:\/\/www.europesays.com\/es\/wp-json\/wp\/v2\/tags?post=110917"}],"curies":[{"name":"wp","href":"https:\/\/api.w.org\/{rel}","templated":true}]}}