{"id":110921,"date":"2025-09-12T21:28:08","date_gmt":"2025-09-12T21:28:08","guid":{"rendered":"https:\/\/www.europesays.com\/es\/110921\/"},"modified":"2025-09-12T21:28:08","modified_gmt":"2025-09-12T21:28:08","slug":"asi-se-prepara-pato-oward-para-la-fp1-del-gp-de-mexico","status":"publish","type":"post","link":"https:\/\/www.europesays.com\/es\/110921\/","title":{"rendered":"Asi se prepara Pato O&#8217;Ward para la FP1 del GP de M\u00e9xico"},"content":{"rendered":"<p data-testid=\"paragraph\" class=\"mb-[20px] md:mb-[30px] break-word\">Cada vez falta menos para el <strong><a href=\"https:\/\/bolavip.com\/mx\/tema\/gran-premio-de-mexico\" target=\"_blank\" rel=\"noreferrer noopener nofollow\" class=\"break-word font-articleLinkText text-articleLinkText hover:text-articleLinkTextHover hover:bg-articleLinkTextHoverBg cursor-pointer border-solid border-b-articleLinkTextHover\">Gran Premio de M\u00e9xico 2025<\/a><\/strong> de la <strong>F\u00f3rmula 1<\/strong>. La gira por Europa lleg\u00f3 a su fin y ahora la M\u00e1xima comenzar\u00e1 a visitar distintos continentes hasta el final de temporada en Abu Dhabi. En medio, el Gran Circo aterrizar\u00e1 en el Aut\u00f3dromo Hermanos Rodr\u00edguez y para esa fecha ya est\u00e1 confirmada la presencia de <strong>Patricio O\u2019Ward<\/strong> en la pista.<\/p>\n<p data-testid=\"paragraph\" class=\"mb-[20px] md:mb-[30px] break-word\">El piloto mexicano de IndyCar tambi\u00e9n es reserva de<strong> McLaren<\/strong>, equipo que se quedar\u00e1 con ambos campeonatos este 2025, y es un hecho que ser\u00e1 parte de la Pr\u00e1ctica Libre 1 del GP de M\u00e9xico 2025, tal como sucedi\u00f3 en la \u00faltima edici\u00f3n. Por eso, Pato ya comenz\u00f3 a prepararse de cara a esta nueva oportunidad den la F1.<\/p>\n<p data-testid=\"paragraph\" class=\"mb-[20px] md:mb-[30px] break-word\">Luego de lo que fue el Gran Premio de Italia, el equipo <strong>McLaren se traslad\u00f3 a Italia para realizar dos d\u00edas de pruebas con el MCL60 con de 2023 en Imola<\/strong>. \u00bfLos pilotos elegidos? <a href=\"https:\/\/bolavip.com\/mx\/tema\/patricio-oward\" target=\"_blank\" rel=\"noreferrer noopener nofollow\" class=\"break-word font-articleLinkText text-articleLinkText hover:text-articleLinkTextHover hover:bg-articleLinkTextHoverBg cursor-pointer border-solid border-b-articleLinkTextHover\">Pato O\u2019Ward<\/a> y el brit\u00e1nico Will Stevens, piloto de simulador y ex piloto de F1 con Marussia que actualmente compite en el campeonato WEC con Cadillac.<\/p>\n<p><a title=\"\u00bfA qu\u00e9 hora se corre el Gran Premio de Azerbaiy\u00e1n 2025 de la F\u00f3rmula 1?\" href=\"https:\/\/bolavip.com\/mx\/f1\/a-que-hora-se-corre-el-gran-premio-de-azerbaiyan-2025-de-la-formula-1\" target=\"_self\" rel=\"nofollow noopener\" class=\"article-also-read-embed\"><img decoding=\"async\" class=\"aspect-square max-w-[100px] m-[10px] md:m-0\" src=\"https:\/\/www.europesays.com\/es\/wp-content\/uploads\/2025\/09\/1757712488_361_image\" alt=\"\u00bfA qu\u00e9 hora se corre el Gran Premio de Azerbaiy\u00e1n 2025 de la F\u00f3rmula 1?\" width=\"200\" height=\"200\" loading=\"lazy\"\/><\/p>\n<p class=\"font-secondary my-[13px] uppercase text-alsoReadSeeAlso bg-alsoReadSeeAlsoBackground alsoReadSeeAlso w-fit\">ver tambi\u00e9n<\/p>\n<p class=\"w-full line-clamp-3 md:line-clamp-2 text-alsoReadEmbedTitle font-primary alsoReadLink\">\u00bfA qu\u00e9 hora se corre el Gran Premio de Azerbaiy\u00e1n 2025 de la F\u00f3rmula 1?<\/p>\n<p><\/a>As\u00ed fueron las jornadas de Pato O\u2019Ward en Imola<\/p>\n<p data-testid=\"paragraph\" class=\"mb-[20px] md:mb-[30px] break-word\"><strong>El clima no acompa\u00f1\u00f3 el primer d\u00eda y Pato O\u2019Ward apenas dio 11 giros divididos en dos sesiones<\/strong>. McLaren prefiri\u00f3 no arriesgar tanto para evitar accidentes como para no malgastar neum\u00e1ticos de lluvia. Sin embargo, ya en la ma\u00f1ana del jueves, con pista seca, el mexicano pudo llevar a cabo todo lo previsto: <strong>salidas desde parrilla, pruebas de consistencia y vueltas r\u00e1pidas con distintos compuestos de neum\u00e1ticos<\/strong>.<\/p>\n<p data-testid=\"paragraph\" class=\"mb-[20px] md:mb-[30px] break-word\">Luego de su experiencia en Imola, O\u00b4Ward realiz\u00f3 un posteo en su cuenta de Instagram en el que escribi\u00f3: \u201cPruebas de F1 en Italiaaaa, \u00bfqu\u00e9 no se puede amar? Gracias @mclaren, no puedo esperar para volver a subirme durante el fin de semana del GP de M\u00e9xico\u201d.<\/p>\n","protected":false},"excerpt":{"rendered":"Cada vez falta menos para el Gran Premio de M\u00e9xico 2025 de la F\u00f3rmula 1. La gira por&hellip;\n","protected":false},"author":2,"featured_media":110922,"comment_status":"","ping_status":"","sticky":false,"template":"","format":"standard","meta":{"footnotes":""},"categories":[270],"tags":[168,25,24,306,271,272,21593,37359,23,167],"class_list":{"0":"post-110921","1":"post","2":"type-post","3":"status-publish","4":"format-standard","5":"has-post-thumbnail","7":"category-formula-1","8":"tag-deportes","9":"tag-es","10":"tag-espana","11":"tag-f1","12":"tag-formula-1","13":"tag-formula1","14":"tag-mclaren-f1-team","15":"tag-patricio-oward","16":"tag-spain","17":"tag-sports"},"share_on_mastodon":{"url":"","error":""},"_links":{"self":[{"href":"https:\/\/www.europesays.com\/es\/wp-json\/wp\/v2\/posts\/110921","targetHints":{"allow":["GET"]}}],"collection":[{"href":"https:\/\/www.europesays.com\/es\/wp-json\/wp\/v2\/posts"}],"about":[{"href":"https:\/\/www.europesays.com\/es\/wp-json\/wp\/v2\/types\/post"}],"author":[{"embeddable":true,"href":"https:\/\/www.europesays.com\/es\/wp-json\/wp\/v2\/users\/2"}],"replies":[{"embeddable":true,"href":"https:\/\/www.europesays.com\/es\/wp-json\/wp\/v2\/comments?post=110921"}],"version-history":[{"count":0,"href":"https:\/\/www.europesays.com\/es\/wp-json\/wp\/v2\/posts\/110921\/revisions"}],"wp:featuredmedia":[{"embeddable":true,"href":"https:\/\/www.europesays.com\/es\/wp-json\/wp\/v2\/media\/110922"}],"wp:attachment":[{"href":"https:\/\/www.europesays.com\/es\/wp-json\/wp\/v2\/media?parent=110921"}],"wp:term":[{"taxonomy":"category","embeddable":true,"href":"https:\/\/www.europesays.com\/es\/wp-json\/wp\/v2\/categories?post=110921"},{"taxonomy":"post_tag","embeddable":true,"href":"https:\/\/www.europesays.com\/es\/wp-json\/wp\/v2\/tags?post=110921"}],"curies":[{"name":"wp","href":"https:\/\/api.w.org\/{rel}","templated":true}]}}