{"id":110927,"date":"2025-09-12T21:31:07","date_gmt":"2025-09-12T21:31:07","guid":{"rendered":"https:\/\/www.europesays.com\/es\/110927\/"},"modified":"2025-09-12T21:31:07","modified_gmt":"2025-09-12T21:31:07","slug":"irene-rosales-habla-sobre-sus-fotos-con-kiko-rivera-tras-su-separacion","status":"publish","type":"post","link":"https:\/\/www.europesays.com\/es\/110927\/","title":{"rendered":"Irene Rosales habla sobre sus fotos con Kiko Rivera tras su separaci\u00f3n"},"content":{"rendered":"<p data-journey-content=\"true\" data-node-id=\"3\" class=\"css-i9p093 emevuu60\"><strong data-node-id=\"3.0\">El pasado mi\u00e9rcoles, <a href=\"https:\/\/www.diezminutos.es\/kiko-rivera\/\" target=\"_blank\" data-vars-ga-outbound-link=\"https:\/\/www.diezminutos.es\/kiko-rivera\/\" data-vars-ga-ux-element=\"Hyperlink\" data-vars-ga-call-to-action=\"Kiko Rivera\" data-node-id=\"3.0.1\" data-mrf-link=\"https:\/\/www.diezminutos.es\/kiko-rivera\/\" class=\"body-link css-177bzfx emevuu60\" rel=\"nofollow noopener\">Kiko Rivera <\/a>e Irene Rosales sorprend\u00edan a todos reapareciendo juntos tras su separaci\u00f3n. <\/strong>El hijo de Isabel Pantoja y su mujer dejaron claro que, a pesar de su ruptura, sus hijas iban a seguir siendo lo m\u00e1s importante para ambos. Hace dos d\u00edas lo demostraron y ahora Irene lo ha confirmado a las c\u00e1maras de Europa Press. La joven sevillana ha sido sorprendida por los reporteros y se ha pronunciado sobre estas im\u00e1genes.<br data-node-id=\"3.2\"\/>\u00ab<strong data-node-id=\"3.4\">No te extra\u00f1es&#8230; Somos padres y eso lo vamos a ser toda la vida<\/strong>. Tenemos dos ni\u00f1as preciosas y todo&#8230; Le vamos a dar lo mejor a ellas\u00bb, <a href=\"https:\/\/www.diezminutos.es\/famosos-corazon\/famosos-espanoles\/a66036163\/kiko-rivera-irene-rosales-primeras-imagenes-juntos-separacion-colegio-hija\/\" target=\"_blank\" data-vars-ga-outbound-link=\"https:\/\/www.diezminutos.es\/famosos-corazon\/famosos-espanoles\/a66036163\/kiko-rivera-irene-rosales-primeras-imagenes-juntos-separacion-colegio-hija\/\" data-vars-ga-ux-element=\"Hyperlink\" data-vars-ga-call-to-action=\"argumentando sus im\u00e1genes juntos, dejando claro que siempre van a permanecer unidos por el bien de sus hijas. \" data-node-id=\"3.6\" class=\"body-link css-177bzfx emevuu60\" rel=\"nofollow noopener\">argumentando sus im\u00e1genes juntos, dejando claro que siempre van a permanecer unidos por el bien de sus hijas. <\/a><\/p>\n<p data-journey-content=\"true\" data-node-id=\"6\" class=\"css-i9p093 emevuu60\">Irene Rosales ha comentado que su actual relaci\u00f3n con Kiko Rivera es muy buena y que espera que as\u00ed siga siendo a pesar de<a href=\"https:\/\/www.diezminutos.es\/famosos-corazon\/famosos-espanoles\/a65906556\/kiko-rivera-irene-rosales-rompen\/\" target=\"_blank\" data-vars-ga-outbound-link=\"https:\/\/www.diezminutos.es\/famosos-corazon\/famosos-espanoles\/a65906556\/kiko-rivera-irene-rosales-rompen\/\" data-vars-ga-ux-element=\"Hyperlink\" data-vars-ga-call-to-action=\" su ruptura\" data-node-id=\"6.1\" class=\"body-link css-177bzfx emevuu60\" rel=\"nofollow noopener\"> su ruptura<\/a>.  \u00ab<strong data-node-id=\"6.3\">Hay mucho amor y cari\u00f1o, y eso nunca se va a perder<\/strong>\u00ab, ha contestado de manera contundente a los periodistas.<\/p>\n<p data-journey-content=\"true\" data-node-id=\"8\" class=\"css-i9p093 emevuu60\">Y es que la joven ha comentado que tienen <strong data-node-id=\"8.1\">\u00abdos ni\u00f1as preciosas y le vamos a dar lo mejor a ellas\u00bb<\/strong>. Tanto ella como el DJ est\u00e1n dispuestos a que su relaci\u00f3n siga siendo tan cordial como hasta ahora. Adem\u00e1s, quiz\u00e1s lo que m\u00e1s ha sorprendido, es que n<strong data-node-id=\"8.3\">o ha cerrado del todo las puertas a una posible reconciliaci\u00f3n con el hijo de Isabel Pantoja. <\/strong><\/p>\n<p><img draggable=\"true\" alt=\"irene rosales y kiko rivera de camino al colegio de su hija ana en castilleja de la cuesta\" title=\"Kiko Rivera e Irene Rosales con su hija Ana en su primer dia de colegio\" loading=\"lazy\" width=\"3000\" height=\"3951\" decoding=\"async\" data-nimg=\"1\" style=\"color:transparent;width:100%;height:auto;\"   src=\"https:\/\/www.europesays.com\/es\/wp-content\/uploads\/2025\/09\/kiko-rivera-irene-rosales-hija-ana-68c161e70bf84.jpg\" class=\"css-0 e1g79fud0\"\/><\/p>\n<p>Leandro Wassaul\/ Europa Press<\/p>\n<p data-journey-content=\"true\" data-node-id=\"14\" class=\"css-i9p093 emevuu60\">Cuando los reporteros de Europa Press le han preguntado si hay posibilidades de una reconciliaci\u00f3n, las pal<strong data-node-id=\"14.1\">abras de Irene Rosales han sido muy desveladoras: \u00abPor ahora no\u00bb,<\/strong> dejando en el aire que, quiz\u00e1s, en un futuro sus vidas se vuelvan a unir. <\/p>\n<p data-journey-content=\"true\" data-node-id=\"16\" class=\"css-i9p093 emevuu60\">Por otra parte, la exmujer del DJ tambi\u00e9n ha hablado sobre los rumores que est\u00e1n saliendo en los que se cuenta que estar\u00eda teniendo una nueva ilusi\u00f3n con un pastelero o con un monitor de su gimnasio. <strong data-node-id=\"16.1\">\u00abMe est\u00e1 dando hasta miedo ir a la farmacia, no se vayan a creer que es el farmac\u00e9utico\u00bb<\/strong>, comenta con iron\u00eda.  La expareja de Kiko Rivera ha confesado que ahora <strong data-node-id=\"16.3\">se va a enfocar en ella misma y que no est\u00e1 para ninguna otra relaci\u00f3n. <\/strong><\/p>\n<p><img src=\"https:\/\/www.europesays.com\/es\/wp-content\/uploads\/2025\/09\/1757712667_872_4104b2dc-9d92-4a2f-a41f-327dc6377620_1734436473.jpg\" alt=\"Headshot of Valentina Vera\" title=\"Headshot of Valentina Vera\" width=\"100%\" height=\"100%\" decoding=\"async\" loading=\"lazy\" class=\"css-o0wq4v ev8dhu53\"\/><\/p>\n<p>Valentina Vera es una periodista experta en cr\u00f3nica rosa, realidad, &#8216;reality&#8217;, moda y belleza. Siempre al d\u00eda de las \u00faltimas novedades de los famosos nacionales e internacionales y de las casas reales europeas. Su trabajo como redactora le permite ser testigo de las bodas de los personajes m\u00e1s relevantes del panorama social; de alfombras rojas; de funerales de Estado o de acontecimientos hist\u00f3ricos: como la proclamaci\u00f3n de Felipe VI como Rey o la coronaci\u00f3n de Carlos III de Inglaterra.<br \/>\nLicenciada en Periodismo por la Universidad Complutense de Madrid. Comenz\u00f3 su andadura en el mundo del coraz\u00f3n en el a\u00f1o 2013 en la revista \u00a1Hola! Y desde 2014 forma parte del grupo Hearst, donde ha ido adquiriendo experiencia tanto en la edici\u00f3n impresa como en el formato web de la revista Diez Minutos.<br \/>\nEl medio digital le apasiona por la inmediatez en la que sus lectores pueden ser testigos de lo que sucede en la vida de los famosos desde cualquier parte del mundo. Instagram, Twitter y TikTok se han convertido en una herramienta m\u00e1s de informaci\u00f3n a la hora de crear, gestionar y organizar el contenido, ya que le permiten conocer la \u00faltima hora de lo que sucede en la vida de los famosos.<br \/>\nEn constante formaci\u00f3n de estrategias y t\u00e9cnicas de optimizaci\u00f3n digital para su trabajo como redactora, en la actualidad tambi\u00e9n se encuentra estudiando Diet\u00e9tica. Llevar un estilo de vida saludable es algo que le apasiona y cree que la nutrici\u00f3n es una parte fundamental.<\/p>\n","protected":false},"excerpt":{"rendered":"El pasado mi\u00e9rcoles, Kiko Rivera e Irene Rosales sorprend\u00edan a todos reapareciendo juntos tras su separaci\u00f3n. El hijo&hellip;\n","protected":false},"author":2,"featured_media":110928,"comment_status":"","ping_status":"","sticky":false,"template":"","format":"standard","meta":{"footnotes":""},"categories":[174],"tags":[255,253,146,147,25,24,256,23],"class_list":{"0":"post-110927","1":"post","2":"type-post","3":"status-publish","4":"format-standard","5":"has-post-thumbnail","7":"category-famosos","8":"tag-celebrities","9":"tag-discover","10":"tag-entertainment","11":"tag-entretenimiento","12":"tag-es","13":"tag-espana","14":"tag-famosos","15":"tag-spain"},"share_on_mastodon":{"url":"","error":""},"_links":{"self":[{"href":"https:\/\/www.europesays.com\/es\/wp-json\/wp\/v2\/posts\/110927","targetHints":{"allow":["GET"]}}],"collection":[{"href":"https:\/\/www.europesays.com\/es\/wp-json\/wp\/v2\/posts"}],"about":[{"href":"https:\/\/www.europesays.com\/es\/wp-json\/wp\/v2\/types\/post"}],"author":[{"embeddable":true,"href":"https:\/\/www.europesays.com\/es\/wp-json\/wp\/v2\/users\/2"}],"replies":[{"embeddable":true,"href":"https:\/\/www.europesays.com\/es\/wp-json\/wp\/v2\/comments?post=110927"}],"version-history":[{"count":0,"href":"https:\/\/www.europesays.com\/es\/wp-json\/wp\/v2\/posts\/110927\/revisions"}],"wp:featuredmedia":[{"embeddable":true,"href":"https:\/\/www.europesays.com\/es\/wp-json\/wp\/v2\/media\/110928"}],"wp:attachment":[{"href":"https:\/\/www.europesays.com\/es\/wp-json\/wp\/v2\/media?parent=110927"}],"wp:term":[{"taxonomy":"category","embeddable":true,"href":"https:\/\/www.europesays.com\/es\/wp-json\/wp\/v2\/categories?post=110927"},{"taxonomy":"post_tag","embeddable":true,"href":"https:\/\/www.europesays.com\/es\/wp-json\/wp\/v2\/tags?post=110927"}],"curies":[{"name":"wp","href":"https:\/\/api.w.org\/{rel}","templated":true}]}}