{"id":110935,"date":"2025-09-12T21:36:12","date_gmt":"2025-09-12T21:36:12","guid":{"rendered":"https:\/\/www.europesays.com\/es\/110935\/"},"modified":"2025-09-12T21:36:12","modified_gmt":"2025-09-12T21:36:12","slug":"brand-new-day-muestra-a-tom-holland-con-jacob-batalon-llevando-una-camiseta-muy-interesante","status":"publish","type":"post","link":"https:\/\/www.europesays.com\/es\/110935\/","title":{"rendered":"Brand New Day muestra a Tom Holland con Jacob Batalon llevando una camiseta muy interesante"},"content":{"rendered":"<p>Una foto del set de <strong>Spider-Man: Brand New Day <\/strong>ha dado a los fans un vistazo a <strong>Jacob Batalon<\/strong>, quien regresar\u00e1 para la pel\u00edcula despu\u00e9s de interpretar al inseparable amigo Ned Leeds en la primera trilog\u00eda de <strong>Marvel<\/strong> con <strong>Tom Holland.<\/strong><\/p>\n<p>Adem\u00e1s, los fans se preguntan si \u2014al igual que Holland con su traje de Spidey\u2014 la foto tambi\u00e9n muestra a Batalon como su personaje, ya que lleva puesta una distintiva camiseta del MIT.<\/p>\n<p>El personaje de Batalon, Ned, se vio por \u00faltima vez al final de <strong>Spider-Man: No Way Home<\/strong> (2021). Al igual que MJ, Ned recibe una carta de aceptaci\u00f3n para asistir al prestigioso Massachusetts Institute of Technology al a\u00f1o siguiente.<\/p>\n<p>Dado que ambos personajes han olvidado a Peter Parker (debido al hechizo de Doctor Strange para salvar el multiverso), se da a entender que Ned y MJ asistir\u00e1n juntos al MIT, dejando Nueva York y cualquier posible reencuentro futuro con Spider-Man atr\u00e1s.<\/p>\n<blockquote class=\"twitter-tweet\">\n<p dir=\"ltr\" lang=\"en\">Tom Holland, Zendaya and Jacob Batalon on the set of <a href=\"https:\/\/twitter.com\/hashtag\/SpiderManBrandNewDay?src=hash&amp;ref_src=twsrc%5Etfw\" rel=\"nofollow noopener\" target=\"_blank\">#SpiderManBrandNewDay<\/a> <a href=\"https:\/\/t.co\/tMkottMAF5\" rel=\"nofollow\">pic.twitter.com\/tMkottMAF5<\/a><br \/>\n\u2014 Spidey\u2019s Source (@SpideysSource) <a href=\"https:\/\/twitter.com\/SpideysSource\/status\/1966201132273000627?ref_src=twsrc%5Etfw\" rel=\"nofollow noopener\" target=\"_blank\">September 11, 2025<\/a><\/p>\n<\/blockquote>\n<p>Ahora, esta nueva foto parece confirmar que eso <strong>es efectivamente lo que ocurri\u00f3 <\/strong>a continuaci\u00f3n, aunque los personajes todav\u00eda terminen apareciendo en <strong>Brand New Day<\/strong>. Hasta la fecha, la filmaci\u00f3n de la pel\u00edcula se ha llevado a cabo en Glasgow, Escocia, con calles redecoradas para parecerse a Nueva York. Tal vez Ned y MJ est\u00e9n de regreso visitando la Gran Manzana durante las vacaciones de primavera, lo que podr\u00eda llevar a alg\u00fan tipo de reencuentro con Peter. O, quiz\u00e1s, el personaje de <strong>Holland <\/strong>vaya a verlos a Boston.<\/p>\n<p>Hay rumores de lo que podemos esperar en la pel\u00edcula <strong>Spider-Man: Brand New Day <\/strong><\/p>\n<p>Se rumorea que el pr\u00f3ximo filme de <strong>Spider-Man <\/strong>enfrentar\u00e1 al trepamuros de<strong> Tom Holland <\/strong>contra una selecci\u00f3n de villanos urbanos, incluyendo <a href=\"https:\/\/es.ign.com\/spider-man-brand-new-day\/219584\/news\/el-hulk-de-mark-ruffalo-vuelve-al-ucm-en-spider-man-brand-new-day\" rel=\"nofollow noopener\" target=\"_blank\"><strong>el regreso de Escorpi\u00f3n<\/strong>, interpretado por Michael Mando<\/a>. La pel\u00edcula tambi\u00e9n contar\u00e1 con <a href=\"https:\/\/es.ign.com\/spider-man-brand-new-day\/218029\/news\/un-iconico-y-a-menudo-infravalorado-personaje-de-marvel-se-hace-un-hueco-en-spider-man-brand-new-day\" rel=\"nofollow noopener\" target=\"_blank\">Jon Bernthal, quien retomar\u00e1 su papel de Frank Castle, alias The Punisher<\/a>, y se rumorea que tambi\u00e9n incluir\u00e1 a Mark Ruffalo, retomando su papel de Bruce Banner, alias Hulk. <a href=\"https:\/\/es.ign.com\/spider-man-4-tom-holland-sequel\/214083\/news\/esta-actriz-de-stranger-things-se-une-al-elenco-de-spider-man-4-y-podria-interpretar-a-un-personaje\" rel=\"nofollow noopener\" target=\"_blank\">La estrella de Stranger Things, Sadie Sink, tambi\u00e9n tendr\u00e1 un papel importante<\/a>, el cual, hasta ahora, <strong>Marvel <\/strong>ha logrado mantener en secreto.<\/p>\n<p><strong>Spider-Man: Brand New Day <\/strong>est\u00e1 programada para debutar en cines el pr\u00f3ximo verano, <a href=\"https:\/\/x.com\/SpiderManMovie\/status\/1906906013137080379\" rel=\"noopener nofollow\" target=\"_blank\">el 31 de julio de 2026<\/a>.<\/p>\n<p>                <script async src=\"https:\/\/platform.twitter.com\/widgets.js\" charset=\"utf-8\"><\/script><\/p>\n","protected":false},"excerpt":{"rendered":"Una foto del set de Spider-Man: Brand New Day ha dado a los fans un vistazo a Jacob&hellip;\n","protected":false},"author":2,"featured_media":110936,"comment_status":"","ping_status":"","sticky":false,"template":"","format":"standard","meta":{"footnotes":""},"categories":[169],"tags":[177,146,147,25,24,176,175,23],"class_list":{"0":"post-110935","1":"post","2":"type-post","3":"status-publish","4":"format-standard","5":"has-post-thumbnail","7":"category-cine","8":"tag-cine","9":"tag-entertainment","10":"tag-entretenimiento","11":"tag-es","12":"tag-espana","13":"tag-film","14":"tag-movies","15":"tag-spain"},"share_on_mastodon":{"url":"","error":""},"_links":{"self":[{"href":"https:\/\/www.europesays.com\/es\/wp-json\/wp\/v2\/posts\/110935","targetHints":{"allow":["GET"]}}],"collection":[{"href":"https:\/\/www.europesays.com\/es\/wp-json\/wp\/v2\/posts"}],"about":[{"href":"https:\/\/www.europesays.com\/es\/wp-json\/wp\/v2\/types\/post"}],"author":[{"embeddable":true,"href":"https:\/\/www.europesays.com\/es\/wp-json\/wp\/v2\/users\/2"}],"replies":[{"embeddable":true,"href":"https:\/\/www.europesays.com\/es\/wp-json\/wp\/v2\/comments?post=110935"}],"version-history":[{"count":0,"href":"https:\/\/www.europesays.com\/es\/wp-json\/wp\/v2\/posts\/110935\/revisions"}],"wp:featuredmedia":[{"embeddable":true,"href":"https:\/\/www.europesays.com\/es\/wp-json\/wp\/v2\/media\/110936"}],"wp:attachment":[{"href":"https:\/\/www.europesays.com\/es\/wp-json\/wp\/v2\/media?parent=110935"}],"wp:term":[{"taxonomy":"category","embeddable":true,"href":"https:\/\/www.europesays.com\/es\/wp-json\/wp\/v2\/categories?post=110935"},{"taxonomy":"post_tag","embeddable":true,"href":"https:\/\/www.europesays.com\/es\/wp-json\/wp\/v2\/tags?post=110935"}],"curies":[{"name":"wp","href":"https:\/\/api.w.org\/{rel}","templated":true}]}}