{"id":110957,"date":"2025-09-12T21:50:08","date_gmt":"2025-09-12T21:50:08","guid":{"rendered":"https:\/\/www.europesays.com\/es\/110957\/"},"modified":"2025-09-12T21:50:08","modified_gmt":"2025-09-12T21:50:08","slug":"rafael-barbas-gana-la-contrarreloj-y-angel-sanchez-se-acerca-al-podio-en-la-vuelta-a-venezuela","status":"publish","type":"post","link":"https:\/\/www.europesays.com\/es\/110957\/","title":{"rendered":"Rafael Barbas gana la contrarreloj y \u00c1ngel S\u00e1nchez se acerca al podio en la Vuelta a Venezuela"},"content":{"rendered":"<p>\t\t\t&#13;<br \/>\n&#13;<\/p>\n<p><img loading=\"lazy\" decoding=\"async\" src=\"https:\/\/www.europesays.com\/es\/wp-content\/uploads\/2025\/09\/rafael-barbas-vuelta-venezuela-et6a-2025-vvenezuela-press.jpg\" width=\"556\" height=\"418\" class=\"setborder\" alt=\"Rafael Barbas gana la contrarreloj y \u00c1ngel S\u00e1nchez se acerca al podio en la Vuelta a Venezuela\" title=\"Rafael Barbas gana la contrarreloj y \u00c1ngel S\u00e1nchez se acerca al podio en la Vuelta a Venezuela\"\/><br \/>\n&#13;<br \/>\n&#13;<br \/>\n&#13;<br \/>\n<a href=\"https:\/\/www.esciclismo.com\/actualidad\/esciclismo\/\" rel=\"nofollow noopener\" target=\"_blank\">EsCiclismo.com<\/a> \u00b7 <a href=\"https:\/\/www.esciclismo.com\/actualidad\/carretera\/\" rel=\"nofollow noopener\" target=\"_blank\">Competici\u00f3n Carretera<\/a>  \u00b7 12\/09\/2025<\/p>\n<p>El ciclista portugu\u00e9s Rafael Barbas (Tavfer-Ovos Matinados) se impuso este viernes en la contrarreloj individual de 8,5 kil\u00f3metros disputada en Araure, correspondiente al primer sector de la sexta etapa de la 62\u00aa edici\u00f3n de la Vuelta a Venezuela. Barbas, de 24 a\u00f1os, marc\u00f3 un tiempo de 11 minutos y 7 segundos, a una media de 45,83 km\/h, logrando as\u00ed su primer triunfo UCI en la categor\u00eda \u00e9lite.<\/p>\n<p>&#13;<\/p>\n<p><b id=\"P1\"\/>La jornada matinal, desarrollada sobre un recorrido completamente urbano con inicio y final en Araure, sirvi\u00f3 para redefinir ligeramente la clasificaci\u00f3n general a falta del segundo sector de la jornada, previsto por la tarde entre Araure y San Felipe (148,5 km).<\/p>\n<p>&#13;<br \/>\nTop-3 europeo y buena actuaci\u00f3n del espa\u00f1ol \u00c1ngel S\u00e1nchez&#13;<\/p>\n<p><b id=\"P2\"\/>El venezolano Winston Maestre (Kino T\u00e1chira-Alicanto) fue segundo a 4 segundos del ganador, mientras que el espa\u00f1ol \u00c1ngel S\u00e1nchez (Tavfer-Ovos Matinados) firm\u00f3 una destacada tercera plaza a 5 segundos de su compa\u00f1ero Barbas. Con este resultado, el alicantino se acerca al podio provisional de la general, consolidando su condici\u00f3n de mejor espa\u00f1ol en la ronda venezolana.<\/p>\n<p>&#13;<\/p>\n<p>Por detr\u00e1s, Carlos Galvis (Polit\u00e1chira) y Juan Carlos L\u00f3pez (GW-Erco Shimano) completaron el Top-5, todos en menos de 10 segundos respecto al tiempo de Barbas.<\/p>\n<p>&#13;<br \/>\nMora, sin sobresaltos; Juan Ruiz cede tiempo&#13;<\/p>\n<p>El l\u00edder de la general, Luis Guillermo Mora (Gobierno de Trujillo), finaliz\u00f3 en la 13\u00aa posici\u00f3n a 23 segundos del ganador, un resultado que le permite mantener el maillot amarillo sin apuros, aunque su ventaja sobre Juan Carlos L\u00f3pez se ha visto ligeramente recortada a falta de confirmar tiempos oficiales acumulados.<\/p>\n<p>&#13;<\/p>\n<p><b id=\"P4\"\/>Peor le fue a Juan Ruiz (Gobierno de Trujillo), que cedi\u00f3 35 segundos y podr\u00eda perder su lugar en el podio si en el segundo sector no logra recuperar terreno.<\/p>\n<p>&#13;<br \/>\nSegundo sector: etapa en l\u00ednea hacia San Felipe&#13;<\/p>\n<p><b id=\"P5\"\/>La <a href=\"https:\/\/www.esciclismo.com\/especiales\/vuelta-venezuela\/\" rel=\"nofollow noopener\" target=\"_blank\">Vuelta a Venezuela<\/a> contin\u00faa este mismo viernes con el segundo sector de la etapa 6, una jornada en l\u00ednea de 148,5 kil\u00f3metros entre Araure y San Felipe. El recorrido, con 906 metros de desnivel y final levemente ascendente (1,2% en el \u00faltimo kil\u00f3metro), ofrece oportunidades tanto para fugas como para velocistas resistentes, en una tarde que podr\u00eda consolidar a\u00fan m\u00e1s las posiciones de cara al tramo final de la carrera.<\/p>\n<p>&#13;<\/p>\n<p><b>Clasificaciones de la Vuelta a Venezuela 2025<\/b><\/p>\n<p>&#13;<\/p>\n<p><b>Clasificaci\u00f3n del primer sector de la 6\u00aa etapa:<\/b><br \/>&#13;<br \/>\n1. Rafael Barbas (POR\/Tavfer-Ovos Matinados) &#8211; 11:07<br \/>&#13;<br \/>\n2. Winston Maestre (VEN\/Kino T\u00e1chira-Alicanto) a 0:04<br \/>&#13;<br \/>\n3. \u00c1ngel S\u00e1nchez (ESP\/Tavfer-Ovos Matinados) a 0:05<br \/>&#13;<br \/>\n4. Carlos Galvis (VEN\/Polit\u00e1chira) a 0:09<br \/>&#13;<br \/>\n5. Juan Carlos L\u00f3pez (COL\/GW-Erco Shimano) a 0:10<br \/>&#13;<br \/>\n6. C\u00e9sar Martingil (POR\/Tavfer-Ovos Matinados) a 0:10<br \/>&#13;<br \/>\n7. Camilo G\u00f3mez (COL\/GW-Erco Shimano) a 0:10<br \/>&#13;<br \/>\n8. Anderson Paredes (VEN\/Loter\u00eda del T\u00e1chira) a 0:15<br \/>&#13;<br \/>\n9. Leangel Linarez (VEN\/Tavfer-Ovos Matinados) a 0:16<br \/>&#13;<br \/>\n10. Franklin Chac\u00f3n (VEN\/Loter\u00eda del T\u00e1chira) a 0:16<\/p>\n<p>&#13;<br \/>\n&#13;<br \/>\n&#13;<br \/>\nEsCiclismo &#8211; Todos los derechos reservados. Est\u00e1 prohibido todo tipo de reproducci\u00f3n sin autorizaci\u00f3n expresa escrita.<br \/>&#13;<br \/>\n&#13;<\/p>\n<blockquote class=\"style-3\"><p>\ud83d\udce3<\/p>\n<p>Sigue toda la actualidad del mundo del ciclismo en nuestros canales de <a href=\"https:\/\/bit.ly\/WhatsappEsCiclismo\" target=\"_blank\" rel=\"noopener nofollow\"><b>WhatsApp<\/b><\/a> y <a href=\"https:\/\/bit.ly\/EsciclismoTelegram\" target=\"_blank\" rel=\"noopener nofollow\"><b>Telegram<\/b><\/a>, donde recibiras las noticias m\u00e1s destacadas.<\/p>\n<\/blockquote>\n","protected":false},"excerpt":{"rendered":"&#13; &#13; &#13; &#13; &#13; EsCiclismo.com \u00b7 Competici\u00f3n Carretera \u00b7 12\/09\/2025 El ciclista portugu\u00e9s Rafael Barbas (Tavfer-Ovos Matinados)&hellip;\n","protected":false},"author":2,"featured_media":110958,"comment_status":"","ping_status":"","sticky":false,"template":"","format":"standard","meta":{"footnotes":""},"categories":[273],"tags":[988,37842,8722,37841,313,1757,11218,37843,312,168,7368,2197,158,25,24,314,13056,15112,10100,5215,30385,737,36343,2750,36342,18858,977,12527,12081,292,23,167,36341,159,2886,11214,1192,381,1357],"class_list":{"0":"post-110957","1":"post","2":"type-post","3":"status-publish","4":"format-standard","5":"has-post-thumbnail","7":"category-ciclismo","8":"tag-anos","9":"tag-araure","10":"tag-asi","11":"tag-barbas","12":"tag-ciclismo","13":"tag-ciclista","14":"tag-contrarreloj","15":"tag-correspondiente","16":"tag-cycling","17":"tag-deportes","18":"tag-disputada","19":"tag-edicion","20":"tag-el","21":"tag-es","22":"tag-espana","23":"tag-etapa","24":"tag-h","25":"tag-impuso","26":"tag-individual","27":"tag-kilometros","28":"tag-logrando","29":"tag-marco","30":"tag-matinados","31":"tag-media","32":"tag-ovos","33":"tag-portugues","34":"tag-primer","35":"tag-rafael","36":"tag-sector","37":"tag-sexta","38":"tag-spain","39":"tag-sports","40":"tag-tavfer","41":"tag-tiempo","42":"tag-triunfo","43":"tag-uci","44":"tag-venezuela","45":"tag-viernes","46":"tag-vuelta"},"share_on_mastodon":{"url":"","error":""},"_links":{"self":[{"href":"https:\/\/www.europesays.com\/es\/wp-json\/wp\/v2\/posts\/110957","targetHints":{"allow":["GET"]}}],"collection":[{"href":"https:\/\/www.europesays.com\/es\/wp-json\/wp\/v2\/posts"}],"about":[{"href":"https:\/\/www.europesays.com\/es\/wp-json\/wp\/v2\/types\/post"}],"author":[{"embeddable":true,"href":"https:\/\/www.europesays.com\/es\/wp-json\/wp\/v2\/users\/2"}],"replies":[{"embeddable":true,"href":"https:\/\/www.europesays.com\/es\/wp-json\/wp\/v2\/comments?post=110957"}],"version-history":[{"count":0,"href":"https:\/\/www.europesays.com\/es\/wp-json\/wp\/v2\/posts\/110957\/revisions"}],"wp:featuredmedia":[{"embeddable":true,"href":"https:\/\/www.europesays.com\/es\/wp-json\/wp\/v2\/media\/110958"}],"wp:attachment":[{"href":"https:\/\/www.europesays.com\/es\/wp-json\/wp\/v2\/media?parent=110957"}],"wp:term":[{"taxonomy":"category","embeddable":true,"href":"https:\/\/www.europesays.com\/es\/wp-json\/wp\/v2\/categories?post=110957"},{"taxonomy":"post_tag","embeddable":true,"href":"https:\/\/www.europesays.com\/es\/wp-json\/wp\/v2\/tags?post=110957"}],"curies":[{"name":"wp","href":"https:\/\/api.w.org\/{rel}","templated":true}]}}