{"id":110966,"date":"2025-09-12T21:55:08","date_gmt":"2025-09-12T21:55:08","guid":{"rendered":"https:\/\/www.europesays.com\/es\/110966\/"},"modified":"2025-09-12T21:55:08","modified_gmt":"2025-09-12T21:55:08","slug":"esta-casa-ibicenca-banada-de-luz-nos-invita-a-seguir-sonando-con-un-verano-eterno","status":"publish","type":"post","link":"https:\/\/www.europesays.com\/es\/110966\/","title":{"rendered":"Esta casa ibicenca ba\u00f1ada de luz nos invita a seguir so\u00f1ando con un verano eterno"},"content":{"rendered":"<p><strong>Una casa ibicenca ba\u00f1ada de luz en la que seguir so\u00f1ando con un verano eterno<\/strong><\/p>\n<p>Esencia mediterr\u00e1nea, confort y sofisticaci\u00f3n definen esta casa ibicenca de nueva construcci\u00f3n que emplea <strong>materiales y t\u00e9cnicas locales para fundirse con el paisaje rural de la zona.<\/strong> En ella veranea una familia del norte de Europa que \u201cbuscaba un lugar donde desconectar y vivir la isla con calma\u201d, en palabras de Ana Mart\u00edn, de <a data-offer-url=\"https:\/\/estudiomartinpelaz.com\/\" class=\"external-link\" data-event-click=\"{&quot;element&quot;:&quot;ExternalLink&quot;,&quot;outgoingURL&quot;:&quot;https:\/\/estudiomartinpelaz.com\/&quot;}\" href=\"https:\/\/estudiomartinpelaz.com\/\" rel=\"nofollow noopener\" target=\"_blank\">Estudio Mart\u00edn Pelaz<\/a>. \u201c<strong>Quer\u00edan una casa luminosa y acogedora,<\/strong> un refugio donde compartir tiempo en familia y disfrutar de los largos d\u00edas de verano en Ibiza\u201d.<\/p>\n<p>Para conseguir esa luminosidad que a\u00f1oraban los due\u00f1os, <a data-offer-url=\"https:\/\/blakstadibiza.com\/es\/\" class=\"external-link\" data-event-click=\"{&quot;element&quot;:&quot;ExternalLink&quot;,&quot;outgoingURL&quot;:&quot;https:\/\/blakstadibiza.com\/es\/&quot;}\" href=\"https:\/\/blakstadibiza.com\/es\/\" rel=\"nofollow noopener\" target=\"_blank\">Blakstad Design Consultants<\/a>, estudio a cargo de la construcci\u00f3n, dot\u00f3 a los espacios de <strong>grandes ventanales que conectan el interior con el exterior<\/strong> y abundantes tragaluces. \u201c<strong>El mayor desaf\u00edo fue integrar los lucernarios<\/strong> que estaban repartidos por toda la casa. Desde el inicio supimos que deb\u00edan convertirse en un elemento a favor del proyecto, y no en algo que rompiera la armon\u00eda del dise\u00f1o\u201d, recuerda Mart\u00edn.<\/p>\n<p>\u201cAlgunos de ellos, adem\u00e1s, <strong>necesitaban alojar luminarias colgantes<\/strong>, lo que nos oblig\u00f3 a buscar soluciones muy cuidadas: investigamos durante semanas hasta dar con l\u00e1mparas que se integraran con la est\u00e9tica general y dise\u00f1amos peque\u00f1as estructuras ligeras para instalarlas sin que parecieran un a\u00f1adido. Fue un proceso muy artesanal, de prueba y error, pero al final <strong>conseguimos que estos puntos de luz se sintieran naturales,<\/strong> casi como si siempre hubieran estado ah\u00ed. Las l\u00e1mparas colgantes de la entrada son un buen ejemplo: hoy son uno de los rincones favoritos de la familia y aportan una bienvenida muy especial a la casa\u201d, asegura.<\/p>\n<p>En el estudio, mesa dise\u00f1ada por Estudio Mart\u00edn Pelaz; silla de Vitra; l\u00e1mpara de techo y de mesa de Santa &amp; Cole; escultura floral crudo de Maria Sejas Balda; jarr\u00f3n negro de Maria Sejas Balda y jarr\u00f3n crudo de Ana Grajales.Sonia Sabnani<\/p>\n<p>Esa bienvenida resulta igualmente c\u00e1lida gracias a la materialidad de la estancia, con <strong>suelo de piedra y una gran puerta de madera maciza.<\/strong> \u201cPara sumar textura y car\u00e1cter, colocamos piedra natural en la entrada -que recibe a la familia con un gesto muy org\u00e1nico- y piezas de barro en los pasillos de los dormitorios, que generan un ambiente acogedor y casi artesanal\u201d, explica la interiorista, que conceptualiz\u00f3 estas ideas junto con el arquitecto encargado del proyecto, Antonio Miguel D\u00edaz.<\/p>\n<p>Para el resto de la vivienda se ha empleado un <strong>terrazo continuo en tonos neutros<\/strong> que aporta fluidez entre las estancias y empasta perfectamente con la paleta serena y terrosa de las paredes, revestidas con <strong><a href=\"https:\/\/www.revistaad.es\/articulos\/tendencia-pintura-paredes-2023\" rel=\"nofollow noopener\" target=\"_blank\">pintura a la cal<\/a> en un tono arena muy suave<\/strong>. \u201cRefleja la luz de forma preciosa durante el d\u00eda\u201d, describe Mart\u00edn. <strong>Madera de casta\u00f1o, yeso y tejidos naturales<\/strong> conforman el resto de la composici\u00f3n crom\u00e1tica, creando un ambiente org\u00e1nico, sensorial y lleno de matices.<\/p>\n<p>\u00abLa atm\u00f3sfera de la vivienda es de esas que te hacen sentir inmediatamente en casa. Se percibe <strong>calma y confort,<\/strong> pero tambi\u00e9n cercan\u00eda y personalidad en cada rinc\u00f3n. Los cuadros, los textiles, la luz que entra por los lucernarios\u2026 todo contribuye a que <strong>el espacio se sienta vivido y acogedor.<\/strong> Es un lugar donde la familia puede relajarse, disfrutar de momentos juntos y sentir que esta segunda residencia realmente refleja su forma de vivir y de ser\u00bb, culmina la profesional.<\/p>\n","protected":false},"excerpt":{"rendered":"Una casa ibicenca ba\u00f1ada de luz en la que seguir so\u00f1ando con un verano eterno Esencia mediterr\u00e1nea, confort&hellip;\n","protected":false},"author":2,"featured_media":110967,"comment_status":"","ping_status":"","sticky":false,"template":"","format":"standard","meta":{"footnotes":""},"categories":[173],"tags":[229,233,231,230,1530,232,234,146,147,25,24,23],"class_list":{"0":"post-110966","1":"post","2":"type-post","3":"status-publish","4":"format-standard","5":"has-post-thumbnail","7":"category-arte-y-diseno","8":"tag-arte","9":"tag-arte-y-diseno","10":"tag-arts","11":"tag-arts-and-design","12":"tag-casas-ad","13":"tag-design","14":"tag-diseno","15":"tag-entertainment","16":"tag-entretenimiento","17":"tag-es","18":"tag-espana","19":"tag-spain"},"share_on_mastodon":{"url":"","error":""},"_links":{"self":[{"href":"https:\/\/www.europesays.com\/es\/wp-json\/wp\/v2\/posts\/110966","targetHints":{"allow":["GET"]}}],"collection":[{"href":"https:\/\/www.europesays.com\/es\/wp-json\/wp\/v2\/posts"}],"about":[{"href":"https:\/\/www.europesays.com\/es\/wp-json\/wp\/v2\/types\/post"}],"author":[{"embeddable":true,"href":"https:\/\/www.europesays.com\/es\/wp-json\/wp\/v2\/users\/2"}],"replies":[{"embeddable":true,"href":"https:\/\/www.europesays.com\/es\/wp-json\/wp\/v2\/comments?post=110966"}],"version-history":[{"count":0,"href":"https:\/\/www.europesays.com\/es\/wp-json\/wp\/v2\/posts\/110966\/revisions"}],"wp:featuredmedia":[{"embeddable":true,"href":"https:\/\/www.europesays.com\/es\/wp-json\/wp\/v2\/media\/110967"}],"wp:attachment":[{"href":"https:\/\/www.europesays.com\/es\/wp-json\/wp\/v2\/media?parent=110966"}],"wp:term":[{"taxonomy":"category","embeddable":true,"href":"https:\/\/www.europesays.com\/es\/wp-json\/wp\/v2\/categories?post=110966"},{"taxonomy":"post_tag","embeddable":true,"href":"https:\/\/www.europesays.com\/es\/wp-json\/wp\/v2\/tags?post=110966"}],"curies":[{"name":"wp","href":"https:\/\/api.w.org\/{rel}","templated":true}]}}