{"id":110974,"date":"2025-09-12T22:01:09","date_gmt":"2025-09-12T22:01:09","guid":{"rendered":"https:\/\/www.europesays.com\/es\/110974\/"},"modified":"2025-09-12T22:01:09","modified_gmt":"2025-09-12T22:01:09","slug":"descubren-nuevo-cronometro-humano-para-combatir-infecciones","status":"publish","type":"post","link":"https:\/\/www.europesays.com\/es\/110974\/","title":{"rendered":"Descubren nuevo cron\u00f3metro humano para combatir infecciones"},"content":{"rendered":"<p>El sistema inmunitario est\u00e1 estrechamente regulado por diversas se\u00f1ales que controlan las respuestas a pat\u00f3genos externos, a la vez que suprimen la autorreactividad.\u00a0La mayor\u00eda de los organismos tienen funciones biol\u00f3gicas que se sincronizan en un per\u00edodo de 24 horas, conocido como ritmo circadiano. En los humanos y muchos otros mam\u00edferos, &#8230;            &#13;\n        <\/p>\n<p> &#13;<br \/>\n&#13;<br \/>\n&#13;<br \/>\n&#13;<\/p>\n<p>El sistema inmunitario est\u00e1 estrechamente regulado por diversas se\u00f1ales que controlan las respuestas a pat\u00f3genos externos, a la vez que suprimen la autorreactividad.\u00a0La <strong>mayor\u00eda de los organismos tienen funciones biol\u00f3gicas que se sincronizan en un per\u00edodo de 24 horas<\/strong>, conocido como ritmo circadiano. En los humanos y muchos otros mam\u00edferos, la luz establece estos ciclos programando una regi\u00f3n del cerebro que env\u00eda se\u00f1ales qu\u00edmicas a todo el cuerpo para sincronizar los relojes circadianos en c\u00e9lulas, tejidos y \u00f3rganos.<\/p>\n<p>Ahora,\u00a0Investigadores del Centro M\u00e9dico Southwestern de la Universidad de Texas en Dallas (EEUU) han descubierto nuevo \u00abcron\u00f3metro\u00bb para combatir infecciones y que <strong>modifica dr\u00e1sticamente las defensas inmunitarias del organismo<\/strong>, lo que ofrece informaci\u00f3n sobre por qu\u00e9 la respuesta de las c\u00e9lulas T antivirales var\u00eda a lo largo del d\u00eda.<\/p>\n<p>En concreto, hallaron una prote\u00edna en la superficie de los linfocitos T, que se une a la adrenalina y que parece actuar como un cron\u00f3metro para la funci\u00f3n de las c\u00e9lulas en la lucha contra las infecciones. Esta v\u00eda suprime la inflamaci\u00f3n y, al mismo tiempo, aumenta la vulnerabilidad a las enfermedades. Ello podr\u00eda dar respuesta a explicar por qu\u00e9<strong> las personas pueden ser m\u00e1s susceptibles a ciertas infecciones<\/strong> o experimentar s\u00edntomas m\u00e1s graves en distintos momentos durante un per\u00edodo de 24 horas.<\/p>\n<p>Otro ejemplo de que el sistema inmunol\u00f3gico funciona seg\u00fan su propio ciclo diario es el de las vacunas tienden a generar una mayor respuesta inmunol\u00f3gica cuando se administran por la ma\u00f1ana que por la noche.<\/p>\n<p> &#13;<br \/>\n&#13;<br \/>\n&#13;<\/p>\n<p>\u00abEl receptor de adrenalina activa el reloj interno de las c\u00e9lulas T espec\u00edficas del virus, lo que regula su respuesta a las infecciones virales en diferentes momentos del d\u00eda\u00bb, explic\u00f3, al respecto, el <strong>Dr. David Farrar, <\/strong>profesor asociado de\u00a0 Inmunolog\u00eda y \u00a0Biolog\u00eda Molecular en la Universidad de Texas Southwestern (UT Southwestern). El Dr. Farrar codirigi\u00f3 el estudio junto con la Dra. Drashya Sharma, profesora de Inmunolog\u00eda en la UTSW.<\/p>\n<p><strong>El papel de la adrenalina<\/strong><\/p>\n<p>Para comprender mejor la funci\u00f3n del receptor de adrenalina en las c\u00e9lulas T, utilizaron ingenier\u00eda gen\u00e9tica para eliminar este receptor (ADRB2) de la superficie de las c\u00e9lulas T. Sorprendentemente, entre <strong>m\u00e1s de 300 genes afectados por este cambio,<\/strong> los investigadores encontraron varios genes importantes para el mantenimiento de los ritmos circadianos.<\/p>\n<p>Por otra parte,\u00a0constataron que la eliminaci\u00f3n de ADRB2 tuvo un efecto inconsistente en estos genes del reloj circadiano. Mientras que algunos perdieron su expresi\u00f3n r\u00edtmica, otros adoptaron ritmos anormales, bien alter\u00e1ndose cuando se expresaban normalmente dentro de un ciclo de 24 horas o con ciclos fuera de dicho per\u00edodo.<\/p>\n<p>Los resultados del estudio, publicado en &#8216;Science Avances&#8217; concluyen que <strong>la adrenalina producida por las c\u00e9lulas cerebrales aumenta al despertar y disminuye al acostarse<\/strong>, un ciclo opuesto a la actividad inmunitaria. Dado que algunos genes del reloj circadiano en las c\u00e9lulas T contin\u00faan funcionando incluso en ausencia de ADRB2, a\u00f1adieron los investigadores, la adrenalina es probablemente solo una de las diversas se\u00f1ales qu\u00edmicas que dirigen los ritmos circadianos en las c\u00e9lulas T.<\/p>\n<p>Estos hallazgos, seg\u00fan los autores del trabajo, podr\u00edan conducir a <strong>nuevas estrategias para el tratamiento de infecciones y el uso de inmunoterapias<\/strong>, e inclusive para combatir el c\u00e1ncer y la limitaci\u00f3n de los efectos de los factores que alteran el reloj biol\u00f3gico, como el jet lag y el trabajo a turnos.<\/p>\n","protected":false},"excerpt":{"rendered":"El sistema inmunitario est\u00e1 estrechamente regulado por diversas se\u00f1ales que controlan las respuestas a pat\u00f3genos externos, a la&hellip;\n","protected":false},"author":2,"featured_media":110975,"comment_status":"","ping_status":"","sticky":false,"template":"","format":"standard","meta":{"footnotes":""},"categories":[92],"tags":[6862,8645,4234,37849,37844,5213,28536,37848,25,24,37847,8602,14001,3575,165,13838,297,4296,2218,3356,8380,33452,524,5074,21123,3477,3479,37845,166,8643,6625,23,37846,9162],"class_list":{"0":"post-110974","1":"post","2":"type-post","3":"status-publish","4":"format-standard","5":"has-post-thumbnail","7":"category-salud","8":"tag-cientifica","9":"tag-ciertas","10":"tag-combatir","11":"tag-cronometrador","12":"tag-cronometro","13":"tag-descubren","14":"tag-distintos","15":"tag-encontrado","16":"tag-es","17":"tag-espana","18":"tag-experimentar","19":"tag-explicacion","20":"tag-graves","21":"tag-han","22":"tag-health","23":"tag-hecho","24":"tag-horas","25":"tag-humano","26":"tag-infecciones","27":"tag-investigadores","28":"tag-momentos","29":"tag-norteamericanos","30":"tag-nuevo","31":"tag-organismo","32":"tag-periodo","33":"tag-personas","34":"tag-podria","35":"tag-puedan","36":"tag-salud","37":"tag-ser","38":"tag-sintomas","39":"tag-spain","40":"tag-susceptibles","41":"tag-tener"},"share_on_mastodon":{"url":"","error":""},"_links":{"self":[{"href":"https:\/\/www.europesays.com\/es\/wp-json\/wp\/v2\/posts\/110974","targetHints":{"allow":["GET"]}}],"collection":[{"href":"https:\/\/www.europesays.com\/es\/wp-json\/wp\/v2\/posts"}],"about":[{"href":"https:\/\/www.europesays.com\/es\/wp-json\/wp\/v2\/types\/post"}],"author":[{"embeddable":true,"href":"https:\/\/www.europesays.com\/es\/wp-json\/wp\/v2\/users\/2"}],"replies":[{"embeddable":true,"href":"https:\/\/www.europesays.com\/es\/wp-json\/wp\/v2\/comments?post=110974"}],"version-history":[{"count":0,"href":"https:\/\/www.europesays.com\/es\/wp-json\/wp\/v2\/posts\/110974\/revisions"}],"wp:featuredmedia":[{"embeddable":true,"href":"https:\/\/www.europesays.com\/es\/wp-json\/wp\/v2\/media\/110975"}],"wp:attachment":[{"href":"https:\/\/www.europesays.com\/es\/wp-json\/wp\/v2\/media?parent=110974"}],"wp:term":[{"taxonomy":"category","embeddable":true,"href":"https:\/\/www.europesays.com\/es\/wp-json\/wp\/v2\/categories?post=110974"},{"taxonomy":"post_tag","embeddable":true,"href":"https:\/\/www.europesays.com\/es\/wp-json\/wp\/v2\/tags?post=110974"}],"curies":[{"name":"wp","href":"https:\/\/api.w.org\/{rel}","templated":true}]}}