{"id":110996,"date":"2025-09-12T22:14:11","date_gmt":"2025-09-12T22:14:11","guid":{"rendered":"https:\/\/www.europesays.com\/es\/110996\/"},"modified":"2025-09-12T22:14:11","modified_gmt":"2025-09-12T22:14:11","slug":"celebran-los-10-anos-de-formula-1-en-mexico","status":"publish","type":"post","link":"https:\/\/www.europesays.com\/es\/110996\/","title":{"rendered":"Celebran los 10 a\u00f1os de F\u00f3rmula 1 en M\u00e9xico"},"content":{"rendered":"<p class=\"mb-4 text-lg md:leading-8 break-words\">CIUDAD DE M\u00c9XICO, septiembre 12 (EL UNIVERSAL).- Este 2025 se celebran 10 a\u00f1os desde que la F\u00f3rmula 1 regres\u00f3 al pa\u00eds, por lo que se lanz\u00f3 una exposici\u00f3n fotogr\u00e1fica en el Bosque de Chapultepec para conmemorar la d\u00e9cada que lleva la categor\u00eda reina en M\u00e9xico.<\/p>\n<p class=\"mb-4 text-lg md:leading-8 break-words\">Esta exposici\u00f3n tambi\u00e9n sirve para calentar los motores rumbo al Gran Premio de M\u00e9xico 2025, el cual se corre el 26 de octubre.<\/p>\n<p class=\"mb-4 text-lg md:leading-8 break-words\">\u00abHace casi una d\u00e9cada, en el 2015, los motores volvieron a rugir en el Aut\u00f3dromo Hermanos Rodr\u00edguez. Ese regreso marc\u00f3 el inicio de una nueva etapa, la tercera era de la F\u00f3rmula 1 en nuestro pa\u00eds. Una era que ha estado llena de velocidad, emoci\u00f3n, y sobre todo de una pasi\u00f3n de una afici\u00f3n que no tiene comparaci\u00f3n alguna\u00bb, expres\u00f3 el Federico Gonz\u00e1lez Compe\u00e1n, director general del Gran Premio de M\u00e9xico.<\/p>\n<p class=\"mb-4 text-lg md:leading-8 break-words\">Los aficionados podr\u00e1n caminar a lo largo de las emblem\u00e1ticas rejas del Parque de Chapultepec para recordar los grandes momentos que se han vivido durante estos \u00faltimos 10 a\u00f1os de la F1 en suelo azteca.<\/p>\n<p class=\"mb-4 text-lg md:leading-8 break-words\">Durante el recorrido se encontrar\u00e1n con un total de 60 fotos que seguramente los har\u00e1n vibrar de emoci\u00f3n. Aunque seguro algunas m\u00e1s que otras, como los festejos de Checo P\u00e9rez al terminar tercero en el GP de M\u00e9xico en 2021 y 2022.<\/p>\n<p class=\"mb-4 text-lg md:leading-8 break-words\">No obstante, tambi\u00e9n podr\u00edan derramar una que otra l\u00e1grima al recordar la fat\u00eddica carrera de 2023, donde Checo qued\u00f3 fuera de la contienda al chocar con Leclerc en la primera curva del Aut\u00f3dromo Hermanos Rodr\u00edguez cuando reci\u00e9n arrancaba.<\/p>\n<p class=\"mb-4 text-lg md:leading-8 break-words\">Esos y muchos otros momentos se pueden apreciar durante la incre\u00edble exposici\u00f3n de fotos, que presume con orgullo la administraci\u00f3n del Gran Premio de M\u00e9xico.<\/p>\n","protected":false},"excerpt":{"rendered":"CIUDAD DE M\u00c9XICO, septiembre 12 (EL UNIVERSAL).- Este 2025 se celebran 10 a\u00f1os desde que la F\u00f3rmula 1&hellip;\n","protected":false},"author":2,"featured_media":110997,"comment_status":"","ping_status":"","sticky":false,"template":"","format":"standard","meta":{"footnotes":""},"categories":[270],"tags":[37858,37859,168,25,24,306,37861,271,272,16702,1906,37860,23,167],"class_list":{"0":"post-110996","1":"post","2":"type-post","3":"status-publish","4":"format-standard","5":"has-post-thumbnail","7":"category-formula-1","8":"tag-autodromo-hermanos-rodriguez","9":"tag-bosque-de-chapultepec","10":"tag-deportes","11":"tag-es","12":"tag-espana","13":"tag-f1","14":"tag-federico-gonzalez-compean","15":"tag-formula-1","16":"tag-formula1","17":"tag-gran-premio-de-mexico","18":"tag-mexico","19":"tag-parque-de-chapultepec","20":"tag-spain","21":"tag-sports"},"share_on_mastodon":{"url":"","error":""},"_links":{"self":[{"href":"https:\/\/www.europesays.com\/es\/wp-json\/wp\/v2\/posts\/110996","targetHints":{"allow":["GET"]}}],"collection":[{"href":"https:\/\/www.europesays.com\/es\/wp-json\/wp\/v2\/posts"}],"about":[{"href":"https:\/\/www.europesays.com\/es\/wp-json\/wp\/v2\/types\/post"}],"author":[{"embeddable":true,"href":"https:\/\/www.europesays.com\/es\/wp-json\/wp\/v2\/users\/2"}],"replies":[{"embeddable":true,"href":"https:\/\/www.europesays.com\/es\/wp-json\/wp\/v2\/comments?post=110996"}],"version-history":[{"count":0,"href":"https:\/\/www.europesays.com\/es\/wp-json\/wp\/v2\/posts\/110996\/revisions"}],"wp:featuredmedia":[{"embeddable":true,"href":"https:\/\/www.europesays.com\/es\/wp-json\/wp\/v2\/media\/110997"}],"wp:attachment":[{"href":"https:\/\/www.europesays.com\/es\/wp-json\/wp\/v2\/media?parent=110996"}],"wp:term":[{"taxonomy":"category","embeddable":true,"href":"https:\/\/www.europesays.com\/es\/wp-json\/wp\/v2\/categories?post=110996"},{"taxonomy":"post_tag","embeddable":true,"href":"https:\/\/www.europesays.com\/es\/wp-json\/wp\/v2\/tags?post=110996"}],"curies":[{"name":"wp","href":"https:\/\/api.w.org\/{rel}","templated":true}]}}