{"id":111014,"date":"2025-09-12T22:24:08","date_gmt":"2025-09-12T22:24:08","guid":{"rendered":"https:\/\/www.europesays.com\/es\/111014\/"},"modified":"2025-09-12T22:24:08","modified_gmt":"2025-09-12T22:24:08","slug":"euskadi-detecta-un-caso-de-tuberculosis-en-la-universidad-y-activa-el-protocolo-para-analizar-a-70-contactos","status":"publish","type":"post","link":"https:\/\/www.europesays.com\/es\/111014\/","title":{"rendered":"Euskadi detecta un caso de tuberculosis en la Universidad y activa el protocolo para analizar a 70 contactos"},"content":{"rendered":"<p class=\"article-text\">\n        La detecci\u00f3n de un caso de tuberculosis en la Facultad de Ciencia y Tecnolog\u00eda de la Universidad p\u00fablica vasca (EHU) ha obligado a activar un protocolo para estudiar a siete decenas de personas que han tenido contacto con el positivo. \u201cEl objetivo de este procedimiento es descartar posibles nuevos casos y garantizar una adecuada protecci\u00f3n de la salud de todas las personas implicadas\u201d, se explica en una nota del Departamento de Salud del Gobierno vasco. Se ha trasladado, en cualquier caso, un mensaje de tranquilidad, pues se se\u00f1ala que la mayor\u00eda de los resultados de estos an\u00e1lisis entre los contactos suelen resultar negativos e, incluso cuando son positivos, revisten un riesgo \u201cmuy bajo\u201d de llegar a desarrollar la enfermedad. Es una actuaci\u00f3n \u201cestrictamente preventiva\u201d.\n    <\/p>\n<p>    <a href=\"https:\/\/www.eldiario.es\/euskadi\/1-636-llamadas-socorro-bilbao-avisar-suicidio-matar-sistema-no-funciona_1_12592425.html\" data-mrf-recirculation=\"saber-mas\" data-dl-event=\"saber-mas\" rel=\"nofollow noopener\" target=\"_blank\"><\/p>\n<p class=\"know-more__title\">Las 1.636 llamadas de socorro en Bilbao para avisar de un suicidio: \u201cMe voy a matar porque el sistema no funciona\u201d<\/p>\n<p>            <img decoding=\"async\" class=\"lazy\" loading=\"lazy\" data-src=\"https:\/\/static.eldiario.es\/clip\/597a38b6-9a8d-401b-99ba-a932b7d39080_16-9-aspect-ratio_default_0.jpg\" src=\"data:image\/svg+xml,%3Csvg xmlns=\" http:=\"\" viewbox=\"0 0 880 495\" alt=\"Las 1.636 llamadas de socorro en Bilbao para avisar de un suicidio: \u201cMe voy a matar porque el sistema no funciona\u201d\"\/><\/p>\n<p>                        <\/a><\/p>\n<p class=\"article-text\">\n        El caso se ha detectado en la Facultad de Ciencia y Tecnolog\u00eda de la EHU, que se encuentra en Leioa, en el campus de Bizkaia de la Universidad p\u00fablica vasca. Salud y Osakidetza, coordinados con la Unidad de Epidemiolog\u00eda de la Direcci\u00f3n de Salud P\u00fablica, han conseguido identificar a setenta contactos, que son alumnos y profesores. Se les va a someter a pruebas en los pr\u00f3ximos d\u00edas.\n    <\/p>\n<p class=\"article-text\">\n        \u00bfQu\u00e9 es la tuberculosis? Es una enfermedad respiratoria infecciosa que requiere de contactos estrechos y prolongados para transmitirse. Aunque el estudio de los contactos forma parte de las actuaciones habituales enmarcadas en el Programa de Prevenci\u00f3n y Control de la Tuberculosis en Euskadi, desde Salud se recalca que \u201cen la mayor\u00eda de estos estudios los resultados son negativos\u201d. \u201cEntre los contactos con resultado positivo, el riesgo de desarrollar la enfermedad es muy bajo, existiendo profilaxis y tratamientos muy eficaces\u201d, se a\u00f1ade. Este tratamiento, se explica, \u201ces altamente eficaz, permitiendo la curaci\u00f3n completa de la enfermedad cuando se sigue de manera adecuada\u201d.\n    <\/p>\n<p>    <a href=\"https:\/\/www.eldiario.es\/euskadi\/ambulancias-osakidetza-han-tenido-200-accidentes-2024-informe-oficial_1_12596101.html\" data-mrf-recirculation=\"saber-mas-abajo\" data-dl-event=\"saber-mas-abajo\" rel=\"nofollow noopener\" target=\"_blank\"><\/p>\n<p class=\"know-more__title\">Las ambulancias de Osakidetza han tenido al menos 200 accidentes desde 2024, seg\u00fan un informe oficial<\/p>\n<p>            <img decoding=\"async\" class=\"lazy\" loading=\"lazy\" data-src=\"https:\/\/static.eldiario.es\/clip\/94966f35-d66c-408d-8802-8e52fb3ab7e0_16-9-aspect-ratio_default_0.jpg\" src=\"data:image\/svg+xml,%3Csvg xmlns=\" http:=\"\" viewbox=\"0 0 880 495\" alt=\"Las ambulancias de Osakidetza han tenido al menos 200 accidentes desde 2024, seg\u00fan un informe oficial\"\/><\/p>\n<p>                        <\/a><\/p>\n<p class=\"article-text\">\n        Salud ha transmitido un mensaje de tranquilidad, aseverando que \u201clas medidas necesarias est\u00e1n en marcha para garantizar la seguridad y el bienestar de la comunidad universitaria y de la poblaci\u00f3n en general\u201d. Se recuerda a la ciudadan\u00eda que tiene a su disposici\u00f3n el 900 20 30 50, que es el n\u00famero de tel\u00e9fono del Consejo Sanitario de Euskadi. Brinda atenci\u00f3n tel\u00e9fonica las 24 horas del d\u00eda los 365 d\u00edas del a\u00f1o.\n    <\/p>\n<p>                    elDiario.es\/Euskadi<\/p>\n<p class=\"article-text\">\n        \u00bfNos sigues en redes sociales? elDiario.es\/Euskadi est\u00e1 en\u00a0<a href=\"https:\/\/bsky.app\/profile\/eldiarioeus.bsky.social\" target=\"_blank\" data-mrf-recirculation=\"links-noticia\" class=\"link\" rel=\"nofollow noopener\">Bluesky<\/a>,\u00a0<a href=\"https:\/\/twitter.com\/eldiarioeus\" target=\"_blank\" data-mrf-recirculation=\"links-noticia\" class=\"link\" rel=\"nofollow noopener\">X<\/a>\u00a0e\u00a0<a href=\"https:\/\/www.instagram.com\/eldiarioeus\/\" target=\"_blank\" data-mrf-recirculation=\"links-noticia\" class=\"link\" rel=\"nofollow noopener\">Instagram<\/a>. Y te enviamos alertas informativas por\u00a0<a href=\"https:\/\/telegram.me\/eldiarioeus\" target=\"_blank\" data-mrf-recirculation=\"links-noticia\" class=\"link\" rel=\"nofollow noopener\">Telegram<\/a>\u00a0y\u00a0<a href=\"https:\/\/www.whatsapp.com\/channel\/0029Va9Dx2MLNSZzLvNjNr3P\" target=\"_blank\" data-mrf-recirculation=\"links-noticia\" class=\"link\" rel=\"nofollow noopener\">WhatsApp<\/a>. Cada semana, te enviamos un bolet\u00edn a tu correo electr\u00f3nico. \u00a1<a href=\"https:\/\/usuarios.eldiario.es\/boletines?_gl=1*pa2ll6*_gcl_au*MTk0OTg1OTU2Mi4xNzMwMTk3MDYx*_ga*Njk1MjI5NDQyLjE3Mjk1MjAxNjg.*_ga_4RZPWREGF3*MTczNDE3ODQ5Ny4xMTYuMS4xNzM0MTc5OTEyLjEzLjAuMA..\" target=\"_blank\" data-mrf-recirculation=\"links-noticia\" class=\"link\" rel=\"nofollow noopener\">Ap\u00fantate<\/a>! Recuerda que puedes ser socio o socia de elDiario.es clicando en\u00a0<a href=\"https:\/\/usuarios.eldiario.es\/hazte_socio\/?utm_source=euskadi&amp;utm_campaign=eell&amp;utm_medium=all&amp;mc_cid=f16fc896fb&amp;mc_eid=05624d2e2d\" target=\"_blank\" data-mrf-recirculation=\"links-noticia\" class=\"link\" rel=\"nofollow noopener\">este enlace<\/a>. Y, para m\u00e1s informaci\u00f3n, puedes llamar o escribirnos al\u00a0625 88 87 80.\n    <\/p>\n<p>                                <script async src=\"https:\/\/platform.twitter.com\/widgets.js\" charset=\"utf-8\"><\/script><script async src=\"\/\/www.instagram.com\/embed.js\"><\/script><\/p>\n","protected":false},"excerpt":{"rendered":"La detecci\u00f3n de un caso de tuberculosis en la Facultad de Ciencia y Tecnolog\u00eda de la Universidad p\u00fablica&hellip;\n","protected":false},"author":2,"featured_media":111015,"comment_status":"","ping_status":"","sticky":false,"template":"","format":"standard","meta":{"footnotes":""},"categories":[92],"tags":[517,3935,14300,14314,3285,14302,2601,4144,14316,14313,767,1349,2026,13451,14315,1813,3854,14299,14298,14307,12226,14318,6246,25,24,5691,14308,4910,3705,3978,6927,165,12252,1982,2178,14297,14317,7600,11701,14311,14312,14305,14303,6115,264,14304,952,14310,14309,14306,14301,166,3905,492,23,7192,2177],"class_list":{"0":"post-111014","1":"post","2":"type-post","3":"status-publish","4":"format-standard","5":"has-post-thumbnail","7":"category-salud","8":"tag-actualidad","9":"tag-alava","10":"tag-andar-en-bici","11":"tag-barakaldo","12":"tag-bbva","13":"tag-belen-ferreras","14":"tag-bilbao","15":"tag-bizkaia","16":"tag-brands","17":"tag-caso-de-miguel","18":"tag-corrupcion","19":"tag-donostia","20":"tag-educacion","21":"tag-eh-bildu","22":"tag-eibar","23":"tag-ela","24":"tag-eldiario-es","25":"tag-eldiario-es-euskadi","26":"tag-eldiario-eus","27":"tag-eldiarionorte-es","28":"tag-emergencia-climatica","29":"tag-eroski","30":"tag-ertzaintza","31":"tag-es","32":"tag-espana","33":"tag-euskadi","34":"tag-euskal-herria","35":"tag-feminismo","36":"tag-gernika","37":"tag-getxo","38":"tag-gipuzkoa","39":"tag-health","40":"tag-hondarribia","41":"tag-ignacio-escolar","42":"tag-igualdad","43":"tag-iker-rioja-andueza","44":"tag-imanol-pradales","45":"tag-irun","46":"tag-kutxabank","47":"tag-lab","48":"tag-lanbide","49":"tag-maialen-ferreira","50":"tag-montai","51":"tag-osakidetza","52":"tag-pais-vasco","53":"tag-pnv","54":"tag-politica","55":"tag-pp-vasco","56":"tag-pse-ee","57":"tag-rodrigo-saiz","58":"tag-ruben-pereda","59":"tag-salud","60":"tag-sindicatos","61":"tag-sociedad","62":"tag-spain","63":"tag-upv-ehu","64":"tag-vitoria"},"share_on_mastodon":{"url":"","error":""},"_links":{"self":[{"href":"https:\/\/www.europesays.com\/es\/wp-json\/wp\/v2\/posts\/111014","targetHints":{"allow":["GET"]}}],"collection":[{"href":"https:\/\/www.europesays.com\/es\/wp-json\/wp\/v2\/posts"}],"about":[{"href":"https:\/\/www.europesays.com\/es\/wp-json\/wp\/v2\/types\/post"}],"author":[{"embeddable":true,"href":"https:\/\/www.europesays.com\/es\/wp-json\/wp\/v2\/users\/2"}],"replies":[{"embeddable":true,"href":"https:\/\/www.europesays.com\/es\/wp-json\/wp\/v2\/comments?post=111014"}],"version-history":[{"count":0,"href":"https:\/\/www.europesays.com\/es\/wp-json\/wp\/v2\/posts\/111014\/revisions"}],"wp:featuredmedia":[{"embeddable":true,"href":"https:\/\/www.europesays.com\/es\/wp-json\/wp\/v2\/media\/111015"}],"wp:attachment":[{"href":"https:\/\/www.europesays.com\/es\/wp-json\/wp\/v2\/media?parent=111014"}],"wp:term":[{"taxonomy":"category","embeddable":true,"href":"https:\/\/www.europesays.com\/es\/wp-json\/wp\/v2\/categories?post=111014"},{"taxonomy":"post_tag","embeddable":true,"href":"https:\/\/www.europesays.com\/es\/wp-json\/wp\/v2\/tags?post=111014"}],"curies":[{"name":"wp","href":"https:\/\/api.w.org\/{rel}","templated":true}]}}