{"id":111022,"date":"2025-09-12T22:28:08","date_gmt":"2025-09-12T22:28:08","guid":{"rendered":"https:\/\/www.europesays.com\/es\/111022\/"},"modified":"2025-09-12T22:28:08","modified_gmt":"2025-09-12T22:28:08","slug":"encuentran-en-estado-critico-a-la-influencer-marian-izaguirre-tras-cinco-dias-desaparecida","status":"publish","type":"post","link":"https:\/\/www.europesays.com\/es\/111022\/","title":{"rendered":"Encuentran en estado cr\u00edtico a la influencer Marian Izaguirre tras cinco d\u00edas desaparecida"},"content":{"rendered":"<p>La joven de 23 a\u00f1os fue localizada en un hotel de Morelia (M\u00e9xico) y permanece hospitalizada. Las autoridades investigan un posible caso de violencia intrafamiliar<\/p>\n<p><img fetchpriority=\"high\" class=\"voc-img\" src=\"https:\/\/www.europesays.com\/es\/wp-content\/uploads\/2025\/09\/mexico-kRDG-U701532194266ojG-1200x840@diario_abc.PNG\" loading=\"eager\" decoding=\"async\" alt=\"Encuentran en estado cr\u00edtico a la influencer Marian Izaguirre tras cinco d\u00edas desaparecida\" width=\"1200\" height=\"840\"\/><\/p>\n<p>Encuentran en estado cr\u00edtico a la influencer Marian Izaguirre tras cinco d\u00edas desaparecida    @marianizaguirrep  <\/p>\n<p>12\/09\/2025<br \/>\n<br \/><strong><br \/>\nActualizado a las 18:08h.<br \/>\n<\/strong><\/p>\n<p class=\"voc-p\" style=\"\">La <a href=\"https:\/\/www.abc.es\/gente\/matan-tiros-influencer-mexicana-retransmitia-directo-tiktok-20250514084955-nt.html\" title=\"www.abc.es\" data-voc-vtm-id=\"in-text-traffic\" data-mrf-link=\"www.abc.es\" rel=\"nofollow noopener\" target=\"_blank\">influencer mexicana<\/a> Marian Izaguirre, de 23 a\u00f1os, fue encontrada con vida el pasado s\u00e1bado 6 de septiembre en la ciudad de Morelia, (M\u00e9xico), despu\u00e9s de haber estado desaparecida durante cinco d\u00edas. La joven, conocida en redes sociales por sus m\u00e1s de 4 millones de seguidores en TikTok, se encuentra en estado cr\u00edtico y permanece ingresada en el Hospital de la Mujer.<\/p>\n<p class=\"voc-p\" style=\"\">El gobernador de Michoac\u00e1n, Alfredo Ram\u00edrez Bedolla, inform\u00f3 que las<strong> primeras investigaciones apuntan a que la desaparici\u00f3n de la tiktoker <\/strong>estar\u00eda relacionada con un caso de violencia intrafamiliar. Seg\u00fan explic\u00f3, Marian sali\u00f3 de la ciudad de Uruapan tras una fuerte discusi\u00f3n con su madre y se traslad\u00f3 por su cuenta a Morelia, donde se hosped\u00f3 en un hotel hasta ser localizada.<\/p>\n<p class=\"voc-p\" style=\"\">\u00abFue encontrada en condiciones muy delicadas y desde entonces<strong> recibe atenci\u00f3n m\u00e9dica intensiva.<\/strong> Hay una investigaci\u00f3n en curso y todo indica que se trata de un caso de violencia familiar\u00bb, se\u00f1al\u00f3 el mandatario.<\/p>\n<p class=\"voc-p\" style=\"\">La Fiscal\u00eda de Michoac\u00e1n activ\u00f3 el 2 de septiembre la Alerta Alba<strong>, un protocolo de b\u00fasqueda para mujeres en riesgo,<\/strong> tras tener indicios de que la influencer podr\u00eda ser v\u00edctima de violencia. Finalmente, el 6 de septiembre, agentes de seguridad la hallaron en Morelia y la trasladaron de urgencia al hospital.<\/p>\n<p class=\"voc-p\" style=\"\">El caso qued\u00f3 a cargo de la Fiscal\u00eda Especializada en Violencia Familiar y de G\u00e9nero, que ya orden\u00f3 medidas de protecci\u00f3n para la joven mientras contin\u00faan las investigaciones con el objetivo de esclarecer las circunstancias de su desaparici\u00f3n y el grave estado en que fue encontrada.<\/p>\n<p>Reportar un error<\/p>\n","protected":false},"excerpt":{"rendered":"La joven de 23 a\u00f1os fue localizada en un hotel de Morelia (M\u00e9xico) y permanece hospitalizada. Las autoridades&hellip;\n","protected":false},"author":2,"featured_media":111023,"comment_status":"","ping_status":"","sticky":false,"template":"","format":"standard","meta":{"footnotes":""},"categories":[42],"tags":[17,18,5810,2474,6250,960,4996,693,13,14,11,5764,61,62,63,64,37867,19,20,37866,9,10,15,16,12,575,21,22,65,66,67],"class_list":{"0":"post-111022","1":"post","2":"type-post","3":"status-publish","4":"format-standard","5":"has-post-thumbnail","7":"category-internacional","8":"tag-breaking-news","9":"tag-breakingnews","10":"tag-cinco","11":"tag-critico","12":"tag-desaparecida","13":"tag-dias","14":"tag-encuentran","15":"tag-estado","16":"tag-featured-news","17":"tag-featurednews","18":"tag-headlines","19":"tag-influencer","20":"tag-internacional","21":"tag-international","22":"tag-international-news","23":"tag-internationalnews","24":"tag-izaguirre","25":"tag-latest-news","26":"tag-latestnews","27":"tag-marian","28":"tag-news","29":"tag-noticias","30":"tag-noticias-destacadas","31":"tag-noticiasdestacadas","32":"tag-titulares","33":"tag-tras","34":"tag-ultimas-noticias","35":"tag-ultimasnoticias","36":"tag-world","37":"tag-world-news","38":"tag-worldnews"},"share_on_mastodon":{"url":"","error":""},"_links":{"self":[{"href":"https:\/\/www.europesays.com\/es\/wp-json\/wp\/v2\/posts\/111022","targetHints":{"allow":["GET"]}}],"collection":[{"href":"https:\/\/www.europesays.com\/es\/wp-json\/wp\/v2\/posts"}],"about":[{"href":"https:\/\/www.europesays.com\/es\/wp-json\/wp\/v2\/types\/post"}],"author":[{"embeddable":true,"href":"https:\/\/www.europesays.com\/es\/wp-json\/wp\/v2\/users\/2"}],"replies":[{"embeddable":true,"href":"https:\/\/www.europesays.com\/es\/wp-json\/wp\/v2\/comments?post=111022"}],"version-history":[{"count":0,"href":"https:\/\/www.europesays.com\/es\/wp-json\/wp\/v2\/posts\/111022\/revisions"}],"wp:featuredmedia":[{"embeddable":true,"href":"https:\/\/www.europesays.com\/es\/wp-json\/wp\/v2\/media\/111023"}],"wp:attachment":[{"href":"https:\/\/www.europesays.com\/es\/wp-json\/wp\/v2\/media?parent=111022"}],"wp:term":[{"taxonomy":"category","embeddable":true,"href":"https:\/\/www.europesays.com\/es\/wp-json\/wp\/v2\/categories?post=111022"},{"taxonomy":"post_tag","embeddable":true,"href":"https:\/\/www.europesays.com\/es\/wp-json\/wp\/v2\/tags?post=111022"}],"curies":[{"name":"wp","href":"https:\/\/api.w.org\/{rel}","templated":true}]}}