{"id":111026,"date":"2025-09-12T22:30:18","date_gmt":"2025-09-12T22:30:18","guid":{"rendered":"https:\/\/www.europesays.com\/es\/111026\/"},"modified":"2025-09-12T22:30:18","modified_gmt":"2025-09-12T22:30:18","slug":"la-otan-reforzara-las-fronteras-con-rusia-tras-el-ataque-contra-polonia-pero-trump-asume-que-los-drones-entraron-por-error","status":"publish","type":"post","link":"https:\/\/www.europesays.com\/es\/111026\/","title":{"rendered":"La OTAN reforzar\u00e1 las fronteras con Rusia tras el ataque contra Polonia pero Trump asume que los drones entraron \u00abpor error\u00bb"},"content":{"rendered":"<p class=\"paragraph\" data-end=\"1060\" data-start=\"472\" id=\"paragraph_1\">La <strong data-end=\"483\" data-start=\"475\">OTAN<\/strong> anunci\u00f3 este viernes un refuerzo inmediato de sus defensas en Europa del Este tras la incursi\u00f3n de una veintena de drones rusos en territorio polaco esta misma semana. El secretario general\u00a0<strong data-end=\"689\" data-start=\"675\">Mark Rutte<\/strong>\u00a0afirm\u00f3 que \u00abno fue un incidente aislado\u00bb y denunci\u00f3 el aumento de las violaciones del espacio a\u00e9reo en Ruman\u00eda, Lituania, Letonia y Estonia.<\/p>\n<p class=\"paragraph\" data-end=\"1060\" data-start=\"472\" id=\"paragraph_2\">Subray\u00f3 que defender \u00abcada pulgada\u00bb de los aliados es prioritario y confirm\u00f3 que la operaci\u00f3n Eastern Sentry (Centinela del este, en castellano) integrar\u00e1 medios a\u00e9reos y terrestres a lo largo de toda la frontera oriental de la organizaci\u00f3n.<\/p>\n<p class=\"paragraph\" data-end=\"1060\" data-start=\"472\" id=\"paragraph_3\">No empezar\u00e1, finalmente, en el oeste de Ucrania.<\/p>\n<p class=\"paragraph\" data-end=\"1484\" data-start=\"1062\" id=\"paragraph_4\">El jefe militar aliado\u00a0<strong data-end=\"1107\" data-start=\"1086\">Alexus Grynkewich<\/strong>\u00a0explic\u00f3 que ya ha emitido la orden para que el dispositivo comience de inmediato. Indic\u00f3 que Eastern Sentry consolidar\u00e1 bater\u00edas antia\u00e9reas y sistemas de vigilancia con el respaldo de Francia, Alemania, Reino Unido y Dinamarca.<\/p>\n<p class=\"paragraph\" data-end=\"1484\" data-start=\"1062\" id=\"paragraph_5\">\u00abLa situaci\u00f3n trasciende las fronteras de Polonia\u00bb, se\u00f1al\u00f3. \u00abLo que afecta a uno afecta a todos\u00bb.\u00a0Estados Unidos no participar\u00e1 en este despliegue.<\/p>\n<p class=\"paragraph\" data-end=\"1853\" data-start=\"1486\" id=\"paragraph_6\">En Washington, el presidente <strong data-end=\"1533\" data-start=\"1517\">Donald Trump<\/strong> se distanci\u00f3 de la estrategia de sus socios europeos. En declaraciones a Fox News, sostuvo que no piensa \u00abdefender a nadie\u00bb y sugiri\u00f3 que la entrada de aparatos rusos en Polonia \u00abpodr\u00eda haber sido un error\u00bb.<\/p>\n<p class=\"paragraph\" data-end=\"1853\" data-start=\"1486\" id=\"paragraph_7\">Sus palabras despertaron inquietud entre los aliados. Consideran el episodio una grave escalada de Mosc\u00fa.<\/p>\n<blockquote class=\"twitter-tweet\" data-media-max-width=\"560\">\n<p dir=\"ltr\" lang=\"en\">Fox host: What are you going to do about Putin, we saw drones in Poland<\/p>\n<p>Trump: \u201cI\u2019m not going to defend anybody but they were actually knocked down and fell into airspace\u201d<\/p>\n<p>Trump is Putin\u2019s puppet<br \/><a href=\"https:\/\/t.co\/uKRh5Y2MOz\" rel=\"nofollow\">pic.twitter.com\/uKRh5Y2MOz<\/a><\/p>\n<p>\u2014 Republicans against Trump (@RpsAgainstTrump) <a href=\"https:\/\/twitter.com\/RpsAgainstTrump\/status\/1966484417750110424?ref_src=twsrc%5Etfw\" rel=\"nofollow noopener\" target=\"_blank\">September 12, 2025<\/a><\/p><\/blockquote>\n<p class=\"paragraph\" data-end=\"2539\" data-start=\"1855\" id=\"paragraph_8\">El primer ministro polaco\u00a0<strong data-end=\"1897\" data-start=\"1882\">Donald Tusk<\/strong>\u00a0respondi\u00f3 con firmeza en la red X: \u00abTambi\u00e9n querr\u00edamos que el ataque con drones en Polonia fuera un error. Pero no lo fue. Y lo sabemos\u00bb.<\/p>\n<p class=\"paragraph\" data-end=\"2539\" data-start=\"1855\" id=\"paragraph_9\">Varsovia descart\u00f3 as\u00ed que se tratara de un accidente y reclam\u00f3 a Washington un mayor compromiso con la seguridad europea. El Gobierno polaco ha solicitado adem\u00e1s una reuni\u00f3n urgente del Consejo de Seguridad de la ONU, prevista para este viernes, tras el derribo por cazas aliados de parte de los 19 drones que violaron su espacio a\u00e9reo el mi\u00e9rcoles.<\/p>\n<p class=\"paragraph\" data-end=\"2539\" data-start=\"1855\" id=\"paragraph_10\">Fue la primera vez desde el inicio de la invasi\u00f3n rusa a gran escala de Ucrania, en 2022, que fuerzas de la OTAN derribaron directamente equipos militares de Mosc\u00fa.<\/p>\n<p class=\"paragraph\" data-end=\"3049\" data-start=\"2541\" id=\"paragraph_11\">Mientras tanto, el ministro de Exteriores dan\u00e9s, <strong data-end=\"2614\" data-start=\"2590\">Lars L\u00f8kke Rasmussen<\/strong>, visit\u00f3 Kiev para promover un nuevo paquete de sanciones de la Uni\u00f3n Europea contra el Kremlin. Propuso medidas \u00ablo m\u00e1s duras posible\u00bb para limitar la flota clandestina de transporte y restringir el acceso ruso al sistema financiero.<\/p>\n<p class=\"paragraph\" data-end=\"3049\" data-start=\"2541\" id=\"paragraph_12\">Dinamarca, que ejerce la presidencia rotatoria del Consejo, aspira a aprobar antes de diciembre una nueva ronda de sanciones y pidi\u00f3 mayor coordinaci\u00f3n con Washington en el castigo econ\u00f3mico.<\/p>\n<p>                                    <script async src=\"https:\/\/platform.twitter.com\/widgets.js\" charset=\"utf-8\"><\/script><\/p>\n","protected":false},"excerpt":{"rendered":"La OTAN anunci\u00f3 este viernes un refuerzo inmediato de sus defensas en Europa del Este tras la incursi\u00f3n&hellip;\n","protected":false},"author":2,"featured_media":111027,"comment_status":"","ping_status":"","sticky":false,"template":"","format":"standard","meta":{"footnotes":""},"categories":[5],"tags":[17,18,25,24,700,13,14,11,19,20,9,10,15,16,1613,7027,23,12,21,22],"class_list":{"0":"post-111026","1":"post","2":"type-post","3":"status-publish","4":"format-standard","5":"has-post-thumbnail","7":"category-titulares","8":"tag-breaking-news","9":"tag-breakingnews","10":"tag-es","11":"tag-espana","12":"tag-europa","13":"tag-featured-news","14":"tag-featurednews","15":"tag-headlines","16":"tag-latest-news","17":"tag-latestnews","18":"tag-news","19":"tag-noticias","20":"tag-noticias-destacadas","21":"tag-noticiasdestacadas","22":"tag-otan","23":"tag-polonia","24":"tag-spain","25":"tag-titulares","26":"tag-ultimas-noticias","27":"tag-ultimasnoticias"},"share_on_mastodon":{"url":"","error":""},"_links":{"self":[{"href":"https:\/\/www.europesays.com\/es\/wp-json\/wp\/v2\/posts\/111026","targetHints":{"allow":["GET"]}}],"collection":[{"href":"https:\/\/www.europesays.com\/es\/wp-json\/wp\/v2\/posts"}],"about":[{"href":"https:\/\/www.europesays.com\/es\/wp-json\/wp\/v2\/types\/post"}],"author":[{"embeddable":true,"href":"https:\/\/www.europesays.com\/es\/wp-json\/wp\/v2\/users\/2"}],"replies":[{"embeddable":true,"href":"https:\/\/www.europesays.com\/es\/wp-json\/wp\/v2\/comments?post=111026"}],"version-history":[{"count":0,"href":"https:\/\/www.europesays.com\/es\/wp-json\/wp\/v2\/posts\/111026\/revisions"}],"wp:featuredmedia":[{"embeddable":true,"href":"https:\/\/www.europesays.com\/es\/wp-json\/wp\/v2\/media\/111027"}],"wp:attachment":[{"href":"https:\/\/www.europesays.com\/es\/wp-json\/wp\/v2\/media?parent=111026"}],"wp:term":[{"taxonomy":"category","embeddable":true,"href":"https:\/\/www.europesays.com\/es\/wp-json\/wp\/v2\/categories?post=111026"},{"taxonomy":"post_tag","embeddable":true,"href":"https:\/\/www.europesays.com\/es\/wp-json\/wp\/v2\/tags?post=111026"}],"curies":[{"name":"wp","href":"https:\/\/api.w.org\/{rel}","templated":true}]}}