{"id":111028,"date":"2025-09-12T22:31:10","date_gmt":"2025-09-12T22:31:10","guid":{"rendered":"https:\/\/www.europesays.com\/es\/111028\/"},"modified":"2025-09-12T22:31:10","modified_gmt":"2025-09-12T22:31:10","slug":"el-club-leizaran-de-balonmano-celebra-este-sabado-su-xiv-torneo-de-pretemporada","status":"publish","type":"post","link":"https:\/\/www.europesays.com\/es\/111028\/","title":{"rendered":"El club Leizaran de balonmano celebra este s\u00e1bado su XIV Torneo de Pretemporada"},"content":{"rendered":"<p> Muchos deportistas locales est\u00e1n apurando la pretemporada y los entrenamientos con ganas de dar inicio a un nuevo curso liguero. En Andoain, el balonmano  &#8230; ser\u00e1 este s\u00e1bado protagonista en el XIV Torneo de Pretemporada organizado por el club Leizaran. Durante todo el d\u00eda habr\u00e1 partidos tanto en el front\u00f3n como en el polideportivo.<\/p>\n<p class=\"v-p\">En el caso del club andoaindarra, el Leizaran participar\u00e1 con dos equipos cadetes y dos juveniles. Adem\u00e1s de los locales, otros cuantos clubes tomar\u00e1n parte en los encuentros de las categor\u00edas infantil, cadete, juvenil y s\u00e9nior por la ma\u00f1ana en el Polideportivo y el Front\u00f3n. <\/p>\n<p class=\"v-p\">En cuanto a los horarios, lo dicho, los partidos se dividir\u00e1n entre el espacio de Allurralde y el de Arrate. Por un lado, en el Polideportivo se medir\u00e1n: Leizaran Horia-Saieko (a las 9.00 horas), Leizaran Camacho Construcci\u00f3n-Ordizia (9.40), Leizaran Javier Zeramikak-Saieko (10.20); Burlada-Ordizia (11.20), Saieko-Egues (12.00), Leizaran Horia-Burlada (12.40), Leizaran Horia-Egues (13.40), Mientrass que en Arrate los partidos ser\u00e1n los siguientes: Ordizia-Leizaran Horia (9.20), Leizaran Oianume-Saieko (9.55), Ordizia-Egues (10.30), Saieko-Burlada (11.05), Leizaran Horia-Egues (11.40), Burlada-Leizaran Oianume (12.15) y Leizaran Camacho Construcci\u00f3n-Burlada (12.50). <\/p>\n<p class=\"v-p\">Ya por la tarde, tras los resultados de la ma\u00f1ana, el polideportivo Allurralde acoger\u00e1 tanto los partidos correspondientes a los terceros y cuartos puestos, as\u00ed como las finales infantil, cadete y juveniles. Eso ser\u00e1 desde las 15.30 horas. Los organizadores prev\u00e9n que la entrega de premios se realice sobre las 18.45 horas. Y despu\u00e9s, a partir de las 19.15 horas, el equipo s\u00e9nior del Leizaran Ernio Inmobiliaria disputar\u00e1 un encuentro contra el equipo s\u00e9nior del Burlada. <\/p>\n<p class=\"v-p\">El buen ambiente en torno al balonmano est\u00e1 asegurado, un a\u00f1o m\u00e1s, en la celebraci\u00f3n de este torneo de pretemporada. <\/p>\n","protected":false},"excerpt":{"rendered":"Muchos deportistas locales est\u00e1n apurando la pretemporada y los entrenamientos con ganas de dar inicio a un nuevo&hellip;\n","protected":false},"author":2,"featured_media":111029,"comment_status":"","ping_status":"","sticky":false,"template":"","format":"standard","meta":{"footnotes":""},"categories":[278],"tags":[376,6951,1798,168,25,24,375,315,37868,961,23,167,775,37869],"class_list":{"0":"post-111028","1":"post","2":"type-post","3":"status-publish","4":"format-standard","5":"has-post-thumbnail","7":"category-balonmano","8":"tag-balonmano","9":"tag-celebra","10":"tag-club","11":"tag-deportes","12":"tag-es","13":"tag-espana","14":"tag-handball","15":"tag-hoy","16":"tag-leizaran","17":"tag-pretemporada","18":"tag-spain","19":"tag-sports","20":"tag-torneo","21":"tag-xiv"},"share_on_mastodon":{"url":"","error":""},"_links":{"self":[{"href":"https:\/\/www.europesays.com\/es\/wp-json\/wp\/v2\/posts\/111028","targetHints":{"allow":["GET"]}}],"collection":[{"href":"https:\/\/www.europesays.com\/es\/wp-json\/wp\/v2\/posts"}],"about":[{"href":"https:\/\/www.europesays.com\/es\/wp-json\/wp\/v2\/types\/post"}],"author":[{"embeddable":true,"href":"https:\/\/www.europesays.com\/es\/wp-json\/wp\/v2\/users\/2"}],"replies":[{"embeddable":true,"href":"https:\/\/www.europesays.com\/es\/wp-json\/wp\/v2\/comments?post=111028"}],"version-history":[{"count":0,"href":"https:\/\/www.europesays.com\/es\/wp-json\/wp\/v2\/posts\/111028\/revisions"}],"wp:featuredmedia":[{"embeddable":true,"href":"https:\/\/www.europesays.com\/es\/wp-json\/wp\/v2\/media\/111029"}],"wp:attachment":[{"href":"https:\/\/www.europesays.com\/es\/wp-json\/wp\/v2\/media?parent=111028"}],"wp:term":[{"taxonomy":"category","embeddable":true,"href":"https:\/\/www.europesays.com\/es\/wp-json\/wp\/v2\/categories?post=111028"},{"taxonomy":"post_tag","embeddable":true,"href":"https:\/\/www.europesays.com\/es\/wp-json\/wp\/v2\/tags?post=111028"}],"curies":[{"name":"wp","href":"https:\/\/api.w.org\/{rel}","templated":true}]}}