{"id":111032,"date":"2025-09-12T22:33:11","date_gmt":"2025-09-12T22:33:11","guid":{"rendered":"https:\/\/www.europesays.com\/es\/111032\/"},"modified":"2025-09-12T22:33:11","modified_gmt":"2025-09-12T22:33:11","slug":"he-alcanzado-una-madurez-diferente-el-principe-de-peru-listo-para-levantar-cabeza-y-carrera-en-la-ufc","status":"publish","type":"post","link":"https:\/\/www.europesays.com\/es\/111032\/","title":{"rendered":"He alcanzado una madurez diferente. El Pr\u00edncipe de Per\u00fa listo para levantar cabeza y carrera en la UFC"},"content":{"rendered":"<p class=\"mb-4 text-lg md:leading-8 break-words\">Claudio Puelles vuelve a escena este s\u00e1bado en la cartelera de Noche UFC, donde el peruano se medir\u00e1 al brasile\u00f1o Joaqu\u00edn Silva en un duelo de estilos y car\u00e1cter. Despu\u00e9s de m\u00e1s de un a\u00f1o fuera del oct\u00e1gono, regresa con una mentalidad renovada y un f\u00edsico que asegura estar en su punto m\u00e1s alto.<\/p>\n<p class=\"mb-4 text-lg md:leading-8 break-words\">Las lesiones lo hab\u00edan alejado del p\u00fablico, pero el lime\u00f1o aprovech\u00f3 este tiempo para madurar, reencontrarse con su esencia como peleador y replantear su manera de entrenar. Lejos de caer en la desesperaci\u00f3n, convirti\u00f3 la pausa en una oportunidad de crecimiento y aprendizaje, tanto dentro como fuera de la jaula.<\/p>\n<p class=\"mb-4 text-lg md:leading-8 break-words\">Consciente de que cada paso cuenta en la UFC, Puelles habl\u00f3 de su largo campamento, del aprendizaje que le dejaron las derrotas, de su visi\u00f3n sobre Joaqu\u00edn Silva y de c\u00f3mo espera llevar adelante su carrera de aqu\u00ed en adelante.<\/p>\n<p class=\"mb-4 text-lg md:leading-8 break-words\">Esta es la conversaci\u00f3n exclusiva con el peleador peruano en la semana de su esperado regreso.<\/p>\n<p class=\"mb-4 text-lg md:leading-8 break-words\"><b>\u00bfEste ha sido el campamento m\u00e1s largo de tu carrera?<\/b><\/p>\n<p class=\"mb-4 text-lg md:leading-8 break-words\">\u201cS\u00ed, sin dudas. Ha sido una preparaci\u00f3n desde octubre del a\u00f1o pasado, casi un a\u00f1o entero de entrenamientos diarios. Desde que me operaron la mano y me recuper\u00e9, no par\u00e9 m\u00e1s. Me avisaron con nueve semanas de antelaci\u00f3n para esta pelea, pero ya estaba listo para aceptar un combate incluso con poco aviso\u2019\u2019.<\/p>\n<p class=\"mb-4 text-lg md:leading-8 break-words\"><b>\u00bfQu\u00e9 fue lo que m\u00e1s mejoraste: mentalidad, f\u00edsico o t\u00e9cnica?<\/b><\/p>\n<p class=\"mb-4 text-lg md:leading-8 break-words\">\u201cCreo que una combinaci\u00f3n de todo. Despu\u00e9s de mi \u00faltima pelea, aunque fue una decisi\u00f3n controversial, sal\u00ed con m\u00e1s confianza. Ten\u00eda tiempo sin subir al oct\u00e1gono, enfrent\u00e9 a un rival duro y, aunque ven\u00eda de una derrota, esa experiencia me fortaleci\u00f3. He evolucionado t\u00e9cnicamente y tambi\u00e9n mentalmente\u2019\u2019.<\/p>\n<p class=\"mb-4 text-lg md:leading-8 break-words\"><b>\u00bfQu\u00e9 descubriste de ti mismo en este periodo lejos de la jaula?<\/b><\/p>\n<p class=\"mb-4 text-lg md:leading-8 break-words\">\u201cQue hab\u00eda ca\u00eddo en el ciclo de entrenar solo cuando ten\u00eda pelea. Eso no es vida de atleta. Ahora aprend\u00ed a mantener un ritmo constante todo el a\u00f1o, a no depender \u00fanicamente de un campamento. Es un proceso de prueba y error, pero siento que alcanc\u00e9 una madurez diferente\u2019\u2019.<\/p>\n<p class=\"mb-4 text-lg md:leading-8 break-words\"><b>\u00bfFue m\u00e1s duro lo que viviste tras la pelea con Dan Hooker que lo que vino despu\u00e9s en M\u00e9xico?<\/b><\/p>\n<p class=\"mb-4 text-lg md:leading-8 break-words\">\u201cCon Hooker me frustr\u00e9 porque ni siquiera pude mostrar lo que hab\u00eda entrenado. Para la segunda pelea, contra el franc\u00e9s en M\u00e9xico, me avisaron con poco tiempo y llegu\u00e9 con muchos nervios. Pero fue una decisi\u00f3n dividida contra un rival dur\u00edsimo que despu\u00e9s gan\u00f3 cinco seguidas. Esa pelea me dio confianza, aunque no me dieran la victoria\u2019\u2019.<\/p>\n<p class=\"mb-4 text-lg md:leading-8 break-words\"><b>\u00bfSientes que esas derrotas eran necesarias para crecer?<\/b><\/p>\n<p class=\"mb-4 text-lg md:leading-8 break-words\">\u201cS\u00ed, as\u00ed lo veo. No puedo cambiar el pasado, pero s\u00ed construir un futuro diferente. Han sido dos a\u00f1os de cambios y aprendizajes. Eso me ha hecho evolucionar\u2019\u2019.<\/p>\n<p class=\"mb-4 text-lg md:leading-8 break-words\"><b>\u00bfQu\u00e9 ves en Joaqu\u00edn Silva, tu rival de este s\u00e1bado?<\/b><\/p>\n<p class=\"mb-4 text-lg md:leading-8 break-words\">\u201cEs un peleador fuerte, experimentado y duro, aunque siento que ha bajado un poco su ritmo en los \u00faltimos a\u00f1os. No deja de ser peligroso, pero yo creo que estoy en un nivel superior. Al final, esto se define por estrategia, preparaci\u00f3n f\u00edsica y mental\u2019\u2019.<\/p>\n<p class=\"mb-4 text-lg md:leading-8 break-words\"><b>\u00bfY qu\u00e9 viene despu\u00e9s de esta pelea? \u00bfC\u00f3mo quieres manejar tu carrera?<\/b><\/p>\n<p class=\"mb-4 text-lg md:leading-8 break-words\">\u201cQuiero constancia. En un mundo ideal, pelear tres veces al a\u00f1o: febrero, mitad de a\u00f1o y final de temporada. Al menos dos, siempre. S\u00e9 que no todo depende de m\u00ed, pero mi meta es esa\u2019\u2019.<\/p>\n","protected":false},"excerpt":{"rendered":"Claudio Puelles vuelve a escena este s\u00e1bado en la cartelera de Noche UFC, donde el peruano se medir\u00e1&hellip;\n","protected":false},"author":2,"featured_media":111033,"comment_status":"","ping_status":"","sticky":false,"template":"","format":"standard","meta":{"footnotes":""},"categories":[276],"tags":[37871,168,25,24,37870,23,167,343],"class_list":{"0":"post-111032","1":"post","2":"type-post","3":"status-publish","4":"format-standard","5":"has-post-thumbnail","7":"category-ufc","8":"tag-claudio-puelles","9":"tag-deportes","10":"tag-es","11":"tag-espana","12":"tag-joaquin-silva","13":"tag-spain","14":"tag-sports","15":"tag-ufc"},"share_on_mastodon":{"url":"","error":""},"_links":{"self":[{"href":"https:\/\/www.europesays.com\/es\/wp-json\/wp\/v2\/posts\/111032","targetHints":{"allow":["GET"]}}],"collection":[{"href":"https:\/\/www.europesays.com\/es\/wp-json\/wp\/v2\/posts"}],"about":[{"href":"https:\/\/www.europesays.com\/es\/wp-json\/wp\/v2\/types\/post"}],"author":[{"embeddable":true,"href":"https:\/\/www.europesays.com\/es\/wp-json\/wp\/v2\/users\/2"}],"replies":[{"embeddable":true,"href":"https:\/\/www.europesays.com\/es\/wp-json\/wp\/v2\/comments?post=111032"}],"version-history":[{"count":0,"href":"https:\/\/www.europesays.com\/es\/wp-json\/wp\/v2\/posts\/111032\/revisions"}],"wp:featuredmedia":[{"embeddable":true,"href":"https:\/\/www.europesays.com\/es\/wp-json\/wp\/v2\/media\/111033"}],"wp:attachment":[{"href":"https:\/\/www.europesays.com\/es\/wp-json\/wp\/v2\/media?parent=111032"}],"wp:term":[{"taxonomy":"category","embeddable":true,"href":"https:\/\/www.europesays.com\/es\/wp-json\/wp\/v2\/categories?post=111032"},{"taxonomy":"post_tag","embeddable":true,"href":"https:\/\/www.europesays.com\/es\/wp-json\/wp\/v2\/tags?post=111032"}],"curies":[{"name":"wp","href":"https:\/\/api.w.org\/{rel}","templated":true}]}}