{"id":111036,"date":"2025-09-12T22:36:03","date_gmt":"2025-09-12T22:36:03","guid":{"rendered":"https:\/\/www.europesays.com\/es\/111036\/"},"modified":"2025-09-12T22:36:03","modified_gmt":"2025-09-12T22:36:03","slug":"alaphilippe-vuelve-a-sonreir-en-tudor-con-triunfo-en-quebec-en-el-regreso-de-pogacar","status":"publish","type":"post","link":"https:\/\/www.europesays.com\/es\/111036\/","title":{"rendered":"Alaphilippe vuelve a sonre\u00edr en Tudor con triunfo en Quebec en el regreso de Pogacar"},"content":{"rendered":"<p class=\"\"><a href=\"https:\/\/as.com\/ciclismo\/mas_ciclismo\/pogacar-inicia-su-recta-final-de-temporada-en-canada-n\/\" target=\"_self\" rel=\"nofollow noopener\" title=\"https:\/\/as.com\/ciclismo\/mas_ciclismo\/pogacar-inicia-su-recta-final-de-temporada-en-canada-n\/\"><b>Tadej Pogacar volv\u00eda a escena<\/b><\/a> un mes y medio despu\u00e9s de acabar el Tour de Francia con su cuarto t\u00edtulo en la Grande Boucle. Sin embargo, dadas las cotas de excelencia a las que nos tiene acostumbrados, firm\u00f3 un <b>regreso gris en un GP de Quebec<\/b> (Canad\u00e1) del que se marcha un a\u00f1o m\u00e1s sin conocer la victoria. A pesar de atacar con todo, marca de la casa, el esloveno no consigui\u00f3 hacer da\u00f1o en el tramo final y se dej\u00f3 ir en los \u00faltimos kil\u00f3metros para cruzar meta en <b>29\u00ba lugar, su primer resultado fuera del podio en lo que va de temporada.<\/b><\/p>\n<p class=\"\">El gran protagonista del d\u00eda fue otro ilustre del pelot\u00f3n, que si bien ya no volver\u00e1 a ser el que era todav\u00eda demuestra a cuentagotas su enorme calidad. Y es que <b>Julian Alaphilippe <\/b>(33 a\u00f1os) <b>se llev\u00f3 la victoria con un poderoso cambio de ritmo en el \u00faltimo paso por la Cota de la Monta\u00f1a,<\/b> con el que logr\u00f3 soltar a Pavel Sivakov (2\u00ba) y Alberto Bettiol (3\u00ba), sus acompa\u00f1antes en el podio. Un \u00e9xito muy especial para el franc\u00e9s, ya que con su <a href=\"https:\/\/as.com\/ciclismo\/mas_ciclismo\/el-tudor-revoluciona-el-peloton-con-el-fichaje-de-julian-alaphilippe-n\/\" target=\"_self\" rel=\"nofollow noopener\" title=\"https:\/\/as.com\/ciclismo\/mas_ciclismo\/el-tudor-revoluciona-el-peloton-con-el-fichaje-de-julian-alaphilippe-n\/\">primer triunfo en el <b>Tudor <\/b>(y en 2025)<\/a> puso fin a una sequ\u00eda de un a\u00f1o y un mes sin victorias (el \u00faltimo precedente fue en la cuarta etapa del Tour de Chequia).<\/p>\n<p class=\"\">Sobre ese recorrido de 216 km y repetidas ascensiones, con aroma a ese <a href=\"https:\/\/as.com\/noticias\/mundial-ciclismo\/\" target=\"_self\" rel=\"nofollow noopener\" title=\"https:\/\/as.com\/noticias\/mundial-ciclismo\/\">Mundial que tanto anhela con revalidar Pogacar en Ruanda<\/a> el pr\u00f3ximo 28 de septiembre, Filip Maciejuk, Luca Vergallito y los locales Philippe Jacob y F\u00e9lix Bouchard protagonizaron la escapada de la carrera. Su traves\u00eda, consolidada con unos 5 minutos de ventaja, estuvo en calma hasta llegados los \u00faltimos <b>85 km, punto en el que el UAE decidi\u00f3 agitar la carrera.<\/b> Primero fue Wellens el que atac\u00f3 para formar un corte que r\u00e1pidamente qued\u00f3 sofocado. Pero no cej\u00f3 el empe\u00f1o de que Pogacar tuviera un compa\u00f1ero por delante ante un posible ataque posterior. As\u00ed las cosas,<b> Politt lider\u00f3 un grupo perseguidor <\/b>en el que tambi\u00e9n estaba Pithie. El primer objetivo estaba cumplido.<\/p>\n<p class=\"\">Esa situaci\u00f3n oblig\u00f3 al <b>Visma a asumir la responsabilidad en el pelot\u00f3n<\/b> en los \u00faltimos 60 km, trabajo de desgaste en favor de los intereses de su l\u00edder, Van Aert. Lo que estaba por venir en el tramo final era la cr\u00f3nica de un ataque anunciado, m\u00e1xime cuando hombres como <b>Alaphilippe y Skjelmose lograron filtrarse<\/b> por delante hasta llegar al primer grupo de escapados. Y el esloveno as\u00ed lo hizo: en el pen\u00faltimo paso por la Cota de la Monta\u00f1a arranc\u00f3 con su caracter\u00edstica explosividad, pero ni la dureza de la subida (600 m al 9%) ni probablemente sus piernas alcanzaron el list\u00f3n deseado.<\/p>\n<p>Noticias relacionadas<\/p>\n<p class=\"\">Girmay y Lapeira le siguieron la estela, algo nada habitual, y despu\u00e9s de que el trabajo de su compa\u00f1ero McNulty tampoco permiti\u00f3 acercarle al grupo de cabeza, Pogacar, entre dos aguas, decidi\u00f3 levantar el pie. <b>Ganar en solitario en esta prueba es tarea casi imposible, algo que hist\u00f3ricamente solo sucedi\u00f3 con Cosnefroy y Voeckler.<\/b> Curiosamente, otro franc\u00e9s estuvo a punto de unirse a ese hito, pero Alaphilippe alz\u00f3 los brazos con Sivakov y Bettiol pis\u00e1ndole los talones. Lo de menos, despu\u00e9s de otro d\u00eda brillante en su ilustr\u00edsima carrera que jam\u00e1s olvidar\u00e1.<\/p>\n<p><a title=\"Resultados del GP Quebec 2025\" href=\"\" rel=\"\">Resultados del GP Quebec 2025<\/a><\/p>\n<ul>\n<li>1\u00ba Julian Alaphilippe (Tudor) &#8211; 5h 04:32<\/li>\n<li>2\u00ba Pavel Sivakov (UAE) &#8211; a 2<\/li>\n<li>3\u00ba Alberto Bettiol (Astana) &#8211; 4<\/li>\n<li>4\u00ba Mattias Skjelmose (Lidl-Trek) &#8211; 14<\/li>\n<li>21\u00ba <strong>Roger Adri\u00e0<\/strong> (Red Bull Bora) &#8211; 17<\/li>\n<li>29\u00ba Tadej Pogacar (UAE) &#8211;\u00a0 26<\/li>\n<\/ul>\n<p class=\"\"><b>\u00a1Tus opiniones importan!<\/b> Comenta en los art\u00edculos y suscr\u00edbete gratis a nuestra <a href=\"https:\/\/asfan.as.com\/newsletters\/\" target=\"_blank\" rel=\"nofollow noopener\" title=\"https:\/\/asfan.as.com\/newsletters\/\">newsletter<\/a> y a las alertas informativas en la <a href=\"https:\/\/as.com\/aplicacion-de-as-n\/\" target=\"_blank\" rel=\"nofollow noopener\" title=\"https:\/\/as.com\/aplicacion-de-as-n\/\">App<\/a> o el canal de <a href=\"https:\/\/www.whatsapp.com\/channel\/0029VaAasdA7j6g745nz9M10\" target=\"_blank\" rel=\"nofollow noopener\" title=\"https:\/\/www.whatsapp.com\/channel\/0029VaAasdA7j6g745nz9M10\">WhatsApp<\/a>. \u00bfBuscas licenciar contenido? Haz clic <a href=\"https:\/\/profesional.elpais.com\/soluciones-sindicacion?utm_medium=interno&amp;utm_source=crosslinking&amp;utm_campaign=sindicacion_as_pie_articulos\" target=\"_blank\" rel=\"nofollow noopener\" title=\"https:\/\/profesional.elpais.com\/soluciones-sindicacion?utm_medium=interno&amp;utm_source=crosslinking&amp;utm_campaign=sindicacion_as_pie_articulos\">aqu\u00ed<\/a><\/p>\n","protected":false},"excerpt":{"rendered":"Tadej Pogacar volv\u00eda a escena un mes y medio despu\u00e9s de acabar el Tour de Francia con su&hellip;\n","protected":false},"author":2,"featured_media":111037,"comment_status":"","ping_status":"","sticky":false,"template":"","format":"standard","meta":{"footnotes":""},"categories":[273],"tags":[313,312,168,25,24,23,167],"class_list":{"0":"post-111036","1":"post","2":"type-post","3":"status-publish","4":"format-standard","5":"has-post-thumbnail","7":"category-ciclismo","8":"tag-ciclismo","9":"tag-cycling","10":"tag-deportes","11":"tag-es","12":"tag-espana","13":"tag-spain","14":"tag-sports"},"share_on_mastodon":{"url":"","error":""},"_links":{"self":[{"href":"https:\/\/www.europesays.com\/es\/wp-json\/wp\/v2\/posts\/111036","targetHints":{"allow":["GET"]}}],"collection":[{"href":"https:\/\/www.europesays.com\/es\/wp-json\/wp\/v2\/posts"}],"about":[{"href":"https:\/\/www.europesays.com\/es\/wp-json\/wp\/v2\/types\/post"}],"author":[{"embeddable":true,"href":"https:\/\/www.europesays.com\/es\/wp-json\/wp\/v2\/users\/2"}],"replies":[{"embeddable":true,"href":"https:\/\/www.europesays.com\/es\/wp-json\/wp\/v2\/comments?post=111036"}],"version-history":[{"count":0,"href":"https:\/\/www.europesays.com\/es\/wp-json\/wp\/v2\/posts\/111036\/revisions"}],"wp:featuredmedia":[{"embeddable":true,"href":"https:\/\/www.europesays.com\/es\/wp-json\/wp\/v2\/media\/111037"}],"wp:attachment":[{"href":"https:\/\/www.europesays.com\/es\/wp-json\/wp\/v2\/media?parent=111036"}],"wp:term":[{"taxonomy":"category","embeddable":true,"href":"https:\/\/www.europesays.com\/es\/wp-json\/wp\/v2\/categories?post=111036"},{"taxonomy":"post_tag","embeddable":true,"href":"https:\/\/www.europesays.com\/es\/wp-json\/wp\/v2\/tags?post=111036"}],"curies":[{"name":"wp","href":"https:\/\/api.w.org\/{rel}","templated":true}]}}