{"id":111038,"date":"2025-09-12T22:37:09","date_gmt":"2025-09-12T22:37:09","guid":{"rendered":"https:\/\/www.europesays.com\/es\/111038\/"},"modified":"2025-09-12T22:37:09","modified_gmt":"2025-09-12T22:37:09","slug":"quieren-que-gane-lando-norris","status":"publish","type":"post","link":"https:\/\/www.europesays.com\/es\/111038\/","title":{"rendered":"Quieren que gane Lando Norris"},"content":{"rendered":"<p data-journey-content=\"true\" data-node-id=\"3\" class=\"css-i9p093 emevuu60\">Desde que comenz\u00f3 la temporada 2025, McLaren ya demostr\u00f3 que iba a tener un monoplaza competitivo como para pelear ambos campeonatos. Pasado el GP de Italia, los papaya tienen una ventaja superior a los 300 puntos en el mundial de constructores, mientras que en el de pilotos, tanto Lando Norris como Oscar Piastri son los principales contendientes a llevarse el gato al agua. Una pelea interna que hac\u00eda a algunos recordar lo ocurrido en 2007, pero que por el momento, est\u00e1 siendo diferente.<\/p>\n<p>Bernie Ecclestone critica la gesti\u00f3n de McLaren<\/p>\n<p data-journey-content=\"true\" data-node-id=\"7\" class=\"css-i9p093 emevuu60\">El punto de inflexi\u00f3n lleg\u00f3 en el<strong data-node-id=\"7.1\"> GP de Canad\u00e1, donde el \u20184\u2019 trat\u00f3 de adelantar a su compa\u00f1ero de equipo en la recta de meta,<\/strong> lo que se sald\u00f3 con el abandono del brit\u00e1nico por una maniobra mal calculada, y que casi termina tambi\u00e9n con la carrera del \u201881\u2019. Una acci\u00f3n de la que posteriormente quiso disculparse el propio Lando Norris, <a href=\"https:\/\/www.caranddriver.com\/es\/formula-1\/a65069010\/lando-norris-accidente-mclaren-f1-oscar-piastri-gp-canada-ridiculo\/\" target=\"_blank\" data-vars-ga-outbound-link=\"https:\/\/www.caranddriver.com\/es\/formula-1\/a65069010\/lando-norris-accidente-mclaren-f1-oscar-piastri-gp-canada-ridiculo\/\" data-vars-ga-ux-element=\"Hyperlink\" data-vars-ga-call-to-action=\"asegurando que hab\u00eda sido \u201cest\u00fapida\u201d y que no volver\u00eda a suceder.\" data-node-id=\"7.3\" class=\"body-link css-168zq96 emevuu60\" rel=\"nofollow noopener\">asegurando que hab\u00eda sido \u201cest\u00fapida\u201d y que no volver\u00eda a suceder.<\/a> Un mensaje que iba en la l\u00ednea de cumplir las famosas \u2018papaya rules\u2019, en la que ambos deben respetarse en pista. <\/p>\n<p data-journey-content=\"true\" data-node-id=\"9\" class=\"css-i9p093 emevuu60\">Durante el GP de Italia, Oscar Piastri se afianzaba en la 2\u00aa posici\u00f3n, lejos de su compa\u00f1ero de equipo. <strong data-node-id=\"9.1\">Esto hizo que el equipo McLaren parara al australiano en boxes antes que al brit\u00e1nico, pero una mala parada con el \u20184\u2019, <\/strong><a href=\"https:\/\/www.caranddriver.com\/es\/formula-1\/a66003810\/lando-norris-polemicas-papaya-rules-oscar-piastri-gp-italia-justo\/\" target=\"_blank\" data-vars-ga-outbound-link=\"https:\/\/www.caranddriver.com\/es\/formula-1\/a66003810\/lando-norris-polemicas-papaya-rules-oscar-piastri-gp-italia-justo\/\" data-vars-ga-ux-element=\"Hyperlink\" data-vars-ga-call-to-action=\"provocar\u00eda un intercambio de posici\u00f3n entre ambos pilotos\" data-node-id=\"9.2\" class=\"body-link css-168zq96 emevuu60\" rel=\"nofollow noopener\">provocar\u00eda un intercambio de posici\u00f3n entre ambos pilotos<\/a>. Posteriormente, desde la radio reportaron al \u201881\u2019 devolver la posici\u00f3n, algo a lo que finalmente accedi\u00f3. Un episodio criticado por algunas figuras del mundo de F\u00f3rmula 1, entre ellas Bernie Ecclestone.<\/p>\n<p><img draggable=\"true\" alt=\"lando norris y oscar piastri mclaren f1\" title=\"Lando Norris y Oscar Piastri McLaren F1\" loading=\"lazy\" width=\"5796\" height=\"3864\" decoding=\"async\" data-nimg=\"1\" style=\"color:transparent;width:100%;height:auto;\"   src=\"https:\/\/www.europesays.com\/es\/wp-content\/uploads\/2025\/09\/gettyimages-2233761140-68c4391c2ac43.jpg\" class=\"css-0 e1g79fud0\"\/><a target=\"_blank\" rel=\"noopener nofollow\" data-theme-key=\"base-link\" href=\"https:\/\/pinterest.com\/pin\/create\/button\/?url=https:\/\/www.caranddriver.com\/es\/formula-1\/a66066529\/bernie-ecclestone-carga-mclaren-f1-decision-oscar-piastri-lando-norris\/&amp;description=&amp;media=https:\/\/hips.hearstapps.com\/hmg-prod\/images\/gettyimages-2233761140-68c4391c2ac43.jpg?resize=1600:*\" class=\"pinterest css-on9hn5 e1c1bym14\"><img decoding=\"async\" data-dynamic-svg=\"true\" src=\"https:\/\/www.caranddriver.com\/_assets\/design-tokens\/fre\/static\/icons\/social\/pinterest.e8cf655.svg?primary=%2523ffffff\" loading=\"lazy\" data-testid=\"dynamic-svg-base\" height=\"auto\" width=\"auto\" alt=\"pinterest\" class=\"css-4lml0h e1mlxuuw1\"\/><\/a><\/p>\n<p>NurPhoto<\/p>\n<p data-journey-content=\"true\" data-node-id=\"14\" class=\"css-i9p093 emevuu60\">\u201c<strong data-node-id=\"14.1\">En el equipo McLaren siguen hablando de equidad&#8230; pero, \u00bfes justo que Piastri sea penalizado por un error cometido por el equipo? No<\/strong>\u201d, dec\u00eda el exdue\u00f1o de la F1 en declaraciones para el diario alem\u00e1n Blick<\/p>\n<p data-journey-content=\"true\" data-node-id=\"16\" class=\"css-i9p093 emevuu60\">\u201c<strong data-node-id=\"16.1\">McLaren preferir\u00eda a un campe\u00f3n del mundo llamado Lando Norris\u201d<\/strong>, prosigui\u00f3.<\/p>\n<p data-journey-content=\"true\" data-node-id=\"18\" class=\"css-i9p093 emevuu60\">\u201cErrores como las paradas en boxes o los da\u00f1os en el motor y las roturas de suspensi\u00f3n se han vuelto m\u00e1s raros,<strong data-node-id=\"18.1\"> pero forman parte del deporte. McLaren deber\u00eda haberlo aceptado y dejar las posiciones como estaban<\/strong>\u201d, concluy\u00f3 Bernie Ecclestone.<\/p>\n<p data-journey-content=\"true\" data-node-id=\"20\" class=\"css-i9p093 emevuu60\">Es as\u00ed como el exdue\u00f1o de la F1 ha querido criticar la gesti\u00f3n de <a href=\"https:\/\/www.caranddriver.com\/es\/formula-1\/equipos\/a3490\/mclaren\/\" target=\"_blank\" data-vars-ga-outbound-link=\"https:\/\/www.caranddriver.com\/es\/formula-1\/equipos\/a3490\/mclaren\/\" data-vars-ga-ux-element=\"Hyperlink\" data-vars-ga-call-to-action=\"McLaren\" data-node-id=\"20.1\" class=\"body-link css-168zq96 emevuu60\" rel=\"nofollow noopener\">McLaren<\/a> con Oscar Piastri y Lando Norris durante el GP de Italia.<\/p>\n<p>Contenidos relacionados<\/p>\n","protected":false},"excerpt":{"rendered":"Desde que comenz\u00f3 la temporada 2025, McLaren ya demostr\u00f3 que iba a tener un monoplaza competitivo como para&hellip;\n","protected":false},"author":2,"featured_media":111039,"comment_status":"","ping_status":"","sticky":false,"template":"","format":"standard","meta":{"footnotes":""},"categories":[270],"tags":[168,253,25,24,306,271,272,23,167],"class_list":{"0":"post-111038","1":"post","2":"type-post","3":"status-publish","4":"format-standard","5":"has-post-thumbnail","7":"category-formula-1","8":"tag-deportes","9":"tag-discover","10":"tag-es","11":"tag-espana","12":"tag-f1","13":"tag-formula-1","14":"tag-formula1","15":"tag-spain","16":"tag-sports"},"share_on_mastodon":{"url":"","error":""},"_links":{"self":[{"href":"https:\/\/www.europesays.com\/es\/wp-json\/wp\/v2\/posts\/111038","targetHints":{"allow":["GET"]}}],"collection":[{"href":"https:\/\/www.europesays.com\/es\/wp-json\/wp\/v2\/posts"}],"about":[{"href":"https:\/\/www.europesays.com\/es\/wp-json\/wp\/v2\/types\/post"}],"author":[{"embeddable":true,"href":"https:\/\/www.europesays.com\/es\/wp-json\/wp\/v2\/users\/2"}],"replies":[{"embeddable":true,"href":"https:\/\/www.europesays.com\/es\/wp-json\/wp\/v2\/comments?post=111038"}],"version-history":[{"count":0,"href":"https:\/\/www.europesays.com\/es\/wp-json\/wp\/v2\/posts\/111038\/revisions"}],"wp:featuredmedia":[{"embeddable":true,"href":"https:\/\/www.europesays.com\/es\/wp-json\/wp\/v2\/media\/111039"}],"wp:attachment":[{"href":"https:\/\/www.europesays.com\/es\/wp-json\/wp\/v2\/media?parent=111038"}],"wp:term":[{"taxonomy":"category","embeddable":true,"href":"https:\/\/www.europesays.com\/es\/wp-json\/wp\/v2\/categories?post=111038"},{"taxonomy":"post_tag","embeddable":true,"href":"https:\/\/www.europesays.com\/es\/wp-json\/wp\/v2\/tags?post=111038"}],"curies":[{"name":"wp","href":"https:\/\/api.w.org\/{rel}","templated":true}]}}