{"id":111046,"date":"2025-09-12T22:41:13","date_gmt":"2025-09-12T22:41:13","guid":{"rendered":"https:\/\/www.europesays.com\/es\/111046\/"},"modified":"2025-09-12T22:41:13","modified_gmt":"2025-09-12T22:41:13","slug":"quien-es-annie-leibovitz-la-protagonista-de-la-nueva-exposicion-de-la-fundacion-marta-ortega-perez-en-a-coruna-la-voz-de-galicia","status":"publish","type":"post","link":"https:\/\/www.europesays.com\/es\/111046\/","title":{"rendered":"Qui\u00e9n es Annie Leibovitz, la protagonista de la nueva exposici\u00f3n de la Fundaci\u00f3n Marta Ortega P\u00e9rez en A Coru\u00f1a &#8211; La Voz de Galicia"},"content":{"rendered":"<ol>\n<li><a href=\"https:\/\/news.google.com\/rss\/articles\/CBMi5wFBVV95cUxPU3lWeV9zQ0Nrdjk2SmlneDd2V1hjTEYwUEt4a04yQ1VsWGJqTjMyNzdDNUdVQk5VNUhMTnlVNEdTb0hvdm9kMmtnelBPSTFaa29qYzVtVmZGdnRET3A5S3pQbkRtMjFoQlJwbFJNWkVMUFJOMC1CbWpfUzVYdkpCZkQyQ3NXU1JEaG9NSG5nTHpBdkZoR1dBNTZ0ZUlTb0lwYWxndWtwcDNpSDlaeXF1cXZ3MGp1dVBaQmwxMGRqbGg1QTB3T0xVWkpjbnVPNjNSWWR6Zk5pYVdxelVNMHdoejc4Vll6TXc?oc=5\" target=\"_blank\" rel=\"nofollow noopener\">Qui\u00e9n es Annie Leibovitz, la protagonista de la nueva exposici\u00f3n de la Fundaci\u00f3n Marta Ortega P\u00e9rez en A Coru\u00f1a<\/a>&nbsp;&nbsp;La Voz de Galicia<\/li>\n<li><a href=\"https:\/\/news.google.com\/rss\/articles\/CBMivwFBVV95cUxNY3JrVjFiUmZZSTZ5WVZkaTE4M3JKTE1USG1YcWdYTG1QLXdwZERpUWVxX3dzalh6VG1vV0VCRUhJaWE1NzhYZGJHMk04T3pYRU40R3FPbWpSaVQtQU12WEtBaVQ5enBsT0txV0JZSnVieVZPMXJwMnphdHl0WFNsdGlhSVNfOC1GUWFGN1pTQ2JFSUpTaUIzTE5zSjU2Y0pndnozQ3ctN2tucG1HS19LNHBPUVFZZzk2Sk5OQkhhbw?oc=5\" target=\"_blank\" rel=\"nofollow noopener\">Annie Leibovitz, protagonista de la sexta exposici\u00f3n de la Fundaci\u00f3n Marta Ortega<\/a>&nbsp;&nbsp;EL PA\u00cdS<\/li>\n<li><a href=\"https:\/\/news.google.com\/rss\/articles\/CBMiqAFBVV95cUxNVzlaWTVuT0JxRUZ4a3IyY1hqYW9GdGhzQmY5Rlk4T1J3cWtCc2lnbW1mb3FJSzB3aldFN1ZIZFhfemRQekRLbzYzVldRLWhNQXNUWDFSU0g0bUl2ZTNsRXR4aWd2bEtDV0xleF9xZUJkQzRkWS1Cbk5fRTd1ZDNSaGE5bl9wRndqWmVhN0pwUnFPT3lEam1QVXQxa0pacnZjWU9nVDRYYV8?oc=5\" target=\"_blank\" rel=\"nofollow noopener\">\u00abSus im\u00e1genes de mujeres mayores son de una dignidad y belleza sin parang\u00f3n\u00bb: Marta Ortega homenajear\u00e1 a Annie Leibovitz con su primera gran retrospectiva en Espa\u00f1a<\/a>&nbsp;&nbsp;Vanity Fair Espa\u00f1a<\/li>\n<li><a href=\"https:\/\/news.google.com\/rss\/articles\/CBMiuwFBVV95cUxNSWFnQTMzdXpGRWJhYVBob3JsWmhQWWQ0ZTZsMWlrZkFmcWZtb2dSaFc2a2VsdUN1ZUZmRk9NX2lXb1FXY0dvYWo2YUdmUHB6SkhnSG8tSkNiMXlseFJkcWRtNGNENkVnMmJnWmdtel9iRUk0RkpPLURDRmJ6cUd0QTg5ZnlWdmdCZDlOTHRENXc0THBfT2h0dVRlVlhqLWdDbXczNV93Q24xbVdxSlk4QTJYYUlTcS11UVBZ?oc=5\" target=\"_blank\" rel=\"nofollow noopener\">La Coru\u00f1a acoger\u00e1 la primera retrospectiva de la fot\u00f3grafa Annie Leibovitz en Espa\u00f1a<\/a>&nbsp;&nbsp;ABC<\/li>\n<li><a href=\"https:\/\/news.google.com\/rss\/articles\/CBMi0gFBVV95cUxNbmJpT09WSUJEZDlCOEE5S1BPUWt0TFdCclduSU5CMW9jRzZncklDamNVZ3ZoNEEyWk5aRl95NWJNNjJ1bWFHUXJRLTlQZnVyS0Y1anZlRUFjb3JGTmpmWnl1bF9WQnlVQUoyQzVjNFhoUF9uLXgwMmdVb2ZTYmRsbFNPMUhZRTUxSTZNeURmT2pUc3l0QWxocmxKTGdsSmNCSUNzX1hkODROTXJ1Ykt0X0hyWFVlTmZVaDJNZ25yTEo0dldZRmY5S1ZSeVFjT1JzYmfSAdcBQVVfeXFMT3E1U0FPX0RuNElfZ09YcC1qWFdSWE8zZlN3NnVQYkxaamJHRWFIUXd0V0psSUxXOEc0ZGhLS3hLZGw0d2pFZ05CR3hyYjBOU1hsRkRCaTk5bENuRjE3aktucGNYQzl1UkFmSVlZaWJSVmEwRGNIcTk0NGRsRGJTN3lhM2JlVWxwUlpMVTVrakxiUVJrZF9tNWZZX3hZaVBIbDZGNW1MMHJTdUhPc2JwbHVVR3plSC1qRXgybEN6NTNickljenp0WlJpWXl1dmVQbWlVOWFNa00?oc=5\" target=\"_blank\" rel=\"nofollow noopener\">Marta Ortega, tras los pasos de Letizia: por qu\u00e9 ha decidido apostar por Annie Leibovitz, la retratista de la Reina<\/a>&nbsp;&nbsp;Mujerhoy<\/li>\n<\/ol>\n","protected":false},"excerpt":{"rendered":"Qui\u00e9n es Annie Leibovitz, la protagonista de la nueva exposici\u00f3n de la Fundaci\u00f3n Marta Ortega P\u00e9rez en A&hellip;\n","protected":false},"author":2,"featured_media":111047,"comment_status":"","ping_status":"","sticky":false,"template":"","format":"standard","meta":{"footnotes":""},"categories":[173],"tags":[229,233,231,230,232,234,146,147,25,24,244,23],"class_list":{"0":"post-111046","1":"post","2":"type-post","3":"status-publish","4":"format-standard","5":"has-post-thumbnail","7":"category-arte-y-diseno","8":"tag-arte","9":"tag-arte-y-diseno","10":"tag-arts","11":"tag-arts-and-design","12":"tag-design","13":"tag-diseno","14":"tag-entertainment","15":"tag-entretenimiento","16":"tag-es","17":"tag-espana","18":"tag-fotografia","19":"tag-spain"},"share_on_mastodon":{"url":"","error":""},"_links":{"self":[{"href":"https:\/\/www.europesays.com\/es\/wp-json\/wp\/v2\/posts\/111046","targetHints":{"allow":["GET"]}}],"collection":[{"href":"https:\/\/www.europesays.com\/es\/wp-json\/wp\/v2\/posts"}],"about":[{"href":"https:\/\/www.europesays.com\/es\/wp-json\/wp\/v2\/types\/post"}],"author":[{"embeddable":true,"href":"https:\/\/www.europesays.com\/es\/wp-json\/wp\/v2\/users\/2"}],"replies":[{"embeddable":true,"href":"https:\/\/www.europesays.com\/es\/wp-json\/wp\/v2\/comments?post=111046"}],"version-history":[{"count":0,"href":"https:\/\/www.europesays.com\/es\/wp-json\/wp\/v2\/posts\/111046\/revisions"}],"wp:featuredmedia":[{"embeddable":true,"href":"https:\/\/www.europesays.com\/es\/wp-json\/wp\/v2\/media\/111047"}],"wp:attachment":[{"href":"https:\/\/www.europesays.com\/es\/wp-json\/wp\/v2\/media?parent=111046"}],"wp:term":[{"taxonomy":"category","embeddable":true,"href":"https:\/\/www.europesays.com\/es\/wp-json\/wp\/v2\/categories?post=111046"},{"taxonomy":"post_tag","embeddable":true,"href":"https:\/\/www.europesays.com\/es\/wp-json\/wp\/v2\/tags?post=111046"}],"curies":[{"name":"wp","href":"https:\/\/api.w.org\/{rel}","templated":true}]}}