{"id":111056,"date":"2025-09-12T22:47:07","date_gmt":"2025-09-12T22:47:07","guid":{"rendered":"https:\/\/www.europesays.com\/es\/111056\/"},"modified":"2025-09-12T22:47:07","modified_gmt":"2025-09-12T22:47:07","slug":"investigadores-vascos-patentan-una-nueva-generacion-de-farmacos-quimioterapicos","status":"publish","type":"post","link":"https:\/\/www.europesays.com\/es\/111056\/","title":{"rendered":"Investigadores vascos patentan una nueva generaci\u00f3n de f\u00e1rmacos quimioter\u00e1picos"},"content":{"rendered":"<p>En unos a\u00f1os, los pacientes con colangiocarcinoma, un tipo de c\u00e1ncer hep\u00e1tico sumamente agresivo, podr\u00edan tener un mejor pron\u00f3stico. Investigadores vascos han patentado un nuevo  &#8230; grupo de f\u00e1rmacos quimioter\u00e1picos que resultar\u00eda \u00abm\u00e1s eficaz y selectivo\u00bb que la quimio convencional. La investigaci\u00f3n se ha centrado en este conjunto heterog\u00e9neo de tumores que se desarrollan en los conductos biliares, \u00abpero podr\u00eda aplicarse a otros tipos de c\u00e1ncer y ya se ha probado tambi\u00e9n en tumores de mama y ovario\u00bb, avanza Jes\u00fas Ba\u00f1ales, responsable del Grupo de Enfermedades Hep\u00e1ticas de Biogipuzkoa e investigador de Ikerbasque. <\/p>\n<p class=\"v-p\">\u00abEsta nueva f\u00f3rmula quimioterap\u00e9utica se perfila como una alternativa prometedora. El compuesto ha demostrado una notable capacidad para reducir la supervivencia de c\u00e9lulas tumorales incluso en casos en los que la enfermedad ya no responde a los tratamientos convencionales\u00bb. Esto es, las c\u00e9lulas hasta ahora resistentes a la quimio, pueden no serlo -de acuerdo a los datos que tienen- a esta \u00ab\u00faltima generaci\u00f3n de medicamentos\u00bb. Los planes de los investigadores pasan por poder hacer un ensayo cl\u00ednico a nivel nacional \u00aben un plazo de cinco a diez a\u00f1os\u00bb.<\/p>\n<p class=\"v-p\">\u00abEn la actualidad, un f\u00e1rmaco habitual en los tratamientos oncol\u00f3gicos es el cisplatino, un agente que induce un da\u00f1o parcial a las c\u00e9lulas cancerosas. La cuesti\u00f3n es que estas c\u00e9lulas van aprendiendo a reparar el da\u00f1o causado por el tratamiento y a protegerse y se hacen resistentes\u00bb, explica Ba\u00f1ales. Los compuestos que ha dise\u00f1ado el catedr\u00e1tico de Qu\u00edmica Org\u00e1nica de la EHU y director cient\u00edfico de Ikerbasque, Fernando Coss\u00edo, permiten \u00abatacar m\u00e1s eficazmente a las c\u00e9lulas enfermas, de modo que no puedan &#8216;repararse&#8217; para seguir expandi\u00e9ndose\u00bb. <\/p>\n<p>\u00abQueremos hacer un ensayo cl\u00ednico a nivel nacional en un plazo de 5 a 10 a\u00f1os\u00bb<\/p>\n<p class=\"v-a-pst__p\">\nJes\u00fas Ba\u00f1ales\n<\/p>\n<p class=\"v-a-pst__j\">\nInvestigador de Ikerbasque\n<\/p>\n<p class=\"v-p\">\u00abSus caracter\u00edsticas moleculares permiten que act\u00fae como un caballo de Troya, entrando en alta concentraci\u00f3n en las c\u00e9lulas tumorales y aniquil\u00e1ndolas. La quimio actual rompe una de las dos hebras de ADN, cadenas con material gen\u00e9tico que se entrelazan. Pero el que hemos desarrollado rompe las dos, lo que resulta sumamente eficaz para que la c\u00e9lula muera y no tenga capacidad de adaptarse y reparar el da\u00f1o\u00bb, se\u00f1ala Ba\u00f1ales, uno de los coordinadores de estudio.<\/p>\n<p>Reducir la toxicidad<\/p>\n<p class=\"v-p\">No solo eso. \u00abEl ataque es m\u00e1s selectivo, ya que solo afecta a las c\u00e9lulas cancerosas y no a las sanas, de manera que se reduce notablemente la toxicidad\u00bb. Lo saben porque han inoculado el compuesto a dos tipos de muestras biol\u00f3gicas: c\u00e9lulas tumorales y c\u00e9lulas sanas. \u00abLos f\u00e1rmacos solo destruyeron las c\u00e9lulas enfermas\u00bb. Y esto marca una importante diferencia. \u00abMuchos f\u00e1rmacos no llegan a consolidarse precisamente por la toxicidad, porque no solo da\u00f1an a las c\u00e9lulas tumorales, sino a las sanas, lo que hace que algunas personas no toleren el tratamiento\u00bb, explica Ba\u00f1ales, uno de los coordinadores del estudio. Adem\u00e1s, han comprobado que en modelos animales es \u00abun tratamiento a priori muy seguro\u00bb.<\/p>\n<p class=\"v-p\">Han centrado la investigaci\u00f3n en un tipo de c\u00e1ncer hep\u00e1tico con alta mortalidad que \u00abse suele diagnosticar en etapas tan avanzadas que las opciones terap\u00e9uticas son en su mayor\u00eda paliativas\u00bb, pero podr\u00eda aplicarse \u00aba otros tumores s\u00f3lidos\u00bb, avanzan. Una vez patentado el hallazgo, los investigadores centrar\u00e1n los trabajos en \u00abavanzar en la seguridad del f\u00e1rmaco\u00bb. En el futuro, adem\u00e1s de una alternativa a la quimioterapia convencional, \u00abpodr\u00eda combinarse con la inmunoterapia\u00bb. En el estudio han colaborado investigadores de la Universidad de Glasgow y de Salamanca, adem\u00e1s del Donostia International Physics Center (DIPC). <\/p>\n","protected":false},"excerpt":{"rendered":"En unos a\u00f1os, los pacientes con colangiocarcinoma, un tipo de c\u00e1ncer hep\u00e1tico sumamente agresivo, podr\u00edan tener un mejor&hellip;\n","protected":false},"author":2,"featured_media":111057,"comment_status":"","ping_status":"","sticky":false,"template":"","format":"standard","meta":{"footnotes":""},"categories":[92],"tags":[25,24,3277,4936,165,3356,795,37878,37879,166,23,12826],"class_list":{"0":"post-111056","1":"post","2":"type-post","3":"status-publish","4":"format-standard","5":"has-post-thumbnail","7":"category-salud","8":"tag-es","9":"tag-espana","10":"tag-farmacos","11":"tag-generacion","12":"tag-health","13":"tag-investigadores","14":"tag-nueva","15":"tag-patenta","16":"tag-quimioterapicos","17":"tag-salud","18":"tag-spain","19":"tag-vascos"},"share_on_mastodon":{"url":"","error":""},"_links":{"self":[{"href":"https:\/\/www.europesays.com\/es\/wp-json\/wp\/v2\/posts\/111056","targetHints":{"allow":["GET"]}}],"collection":[{"href":"https:\/\/www.europesays.com\/es\/wp-json\/wp\/v2\/posts"}],"about":[{"href":"https:\/\/www.europesays.com\/es\/wp-json\/wp\/v2\/types\/post"}],"author":[{"embeddable":true,"href":"https:\/\/www.europesays.com\/es\/wp-json\/wp\/v2\/users\/2"}],"replies":[{"embeddable":true,"href":"https:\/\/www.europesays.com\/es\/wp-json\/wp\/v2\/comments?post=111056"}],"version-history":[{"count":0,"href":"https:\/\/www.europesays.com\/es\/wp-json\/wp\/v2\/posts\/111056\/revisions"}],"wp:featuredmedia":[{"embeddable":true,"href":"https:\/\/www.europesays.com\/es\/wp-json\/wp\/v2\/media\/111057"}],"wp:attachment":[{"href":"https:\/\/www.europesays.com\/es\/wp-json\/wp\/v2\/media?parent=111056"}],"wp:term":[{"taxonomy":"category","embeddable":true,"href":"https:\/\/www.europesays.com\/es\/wp-json\/wp\/v2\/categories?post=111056"},{"taxonomy":"post_tag","embeddable":true,"href":"https:\/\/www.europesays.com\/es\/wp-json\/wp\/v2\/tags?post=111056"}],"curies":[{"name":"wp","href":"https:\/\/api.w.org\/{rel}","templated":true}]}}