{"id":11106,"date":"2025-07-29T07:10:07","date_gmt":"2025-07-29T07:10:07","guid":{"rendered":"https:\/\/www.europesays.com\/es\/11106\/"},"modified":"2025-07-29T07:10:07","modified_gmt":"2025-07-29T07:10:07","slug":"quien-es-franklin-richards-todo-sobre-el-bebe-que-podria-cambiar-el-mcu-para-siempre","status":"publish","type":"post","link":"https:\/\/www.europesays.com\/es\/11106\/","title":{"rendered":"\u00bfQui\u00e9n es Franklin Richards? Todo sobre el beb\u00e9 que podr\u00eda cambiar el MCU para siempre"},"content":{"rendered":"<p class=\"c-paragraph\">Al final, ha resultado que el remedio para las penas de <b>Marvel <\/b>era volver a los or\u00edgenes. Al menos,\u00a0<a href=\"https:\/\/www.20minutos.es\/cinemania\/noticias\/cuatro-fantasticos-ver-pelicula-marvel-pedro-pascal-5733502\/\" title=\"La mejor pel\u00edcula de Marvel desde &#039;Endgame&#039;: 4 razones para ver &#039;Los 4 Fant\u00e1sticos: Primeros pasos&#039;\" rel=\"nofollow noopener\" target=\"_blank\">Los 4 Fant\u00e1sticos: Primeros pasos<\/a> nos ha devuelto un poquito de fe en la Casa de las Ideas y su <b>MCU <\/b>a base de retomar el c\u00f3mic con el que <b>Stan Lee <\/b>y <b>Jack Kirby <\/b>fundaron su universo superheroico, convirtiendo a <b>Pedro Pascal, Vanessa Kirby, Ebon Moss-Bachrach <\/b>y <b>Joseph Quinn <\/b>en una familia tan poderosa como chiflada.\u00a0<\/p>\n<p class=\"c-paragraph\">Resulta, adem\u00e1s, que dicha familia no se compone solo de un matrimonio de frikis, el cu\u00f1ado juerguista y el amigo que se les apalanca en casa (sin olvidar a\u00a0<b>H.E.R.B.I.E, <\/b>ese robot tan majete). El director <b>Matt Shakman <\/b>y los guionistas del filme han introducido tambi\u00e9n un ingrediente tan peliagudo como los desaf\u00edos de la paternidad mediante la figura de <b>Franklin Richards, <\/b>un ni\u00f1o cuyos primeros d\u00edas de vida han sido trepidantes cuanto menos.\u00a0<\/p>\n<p class=\"c-paragraph\">Mucho ojo, adem\u00e1s, porque el peque\u00f1o Franklin no solo sirve para aumentar el factor riqui\u00f1o de la pel\u00edcula o para dotarla de un macguffin y una motivaci\u00f3n para el villano\u00a0<b><a href=\"https:\/\/www.20minutos.es\/cinemania\/noticias\/cuatro-fantasticos-primeros-pasos-galactus-como-hizo-devorador-mundos-5729198\/\" title=\"&#039;Los 4 Fant\u00e1sticos: Primeros pasos&#039;: c\u00f3mo se cre\u00f3 a Galactus, el devorador de mundos, explicado por el director\" rel=\"nofollow noopener\" target=\"_blank\">Galactus<\/a>. <\/b>Ah\u00ed donde lo ves, este bebito es un personaje de largu\u00edsimo recorrido en los c\u00f3mics&#8230; y una presencia que podr\u00eda cambiar para siempre el Universo Cinematogr\u00e1fico Marvel.\u00a0<\/p>\n<p>Cuando un h\u00e9roe y una hero\u00edna se quieren mucho&#8230;<\/p>\n<p class=\"c-paragraph\">Es bien sabido que, en los c\u00f3mics de superh\u00e9roes, el tiempo se estira m\u00e1s que <b>Reed Richards <\/b>haciendo gimnasia. De ah\u00ed que, aunque a todos los efectos siga siendo un ni\u00f1o, Franklin tenga en realidad <b>57 a\u00f1os: <\/b>los Marvel zombies de primera hornada le vieron llegar al mundo en el anual n\u00famero 6 de Fantastic Four, publicado en 1968.<\/p>\n<p class=\"c-paragraph\">El parto, ya que estamos, result\u00f3 todav\u00eda m\u00e1s complicado de lo que vemos en la pel\u00edcula, con Reed, <b>Ben Grimm <\/b>y <b>Johnny Storm\u00a0<\/b>viajando a la <b>Zona Negativa <\/b>(y zurr\u00e1ndose a lo grande con <b>Annihilus) <\/b>mientras la inhumana <b>Cristal <\/b>acompa\u00f1aba a la pobre Sue en el paritorio. Al menos la cosa acababa bien, y los lectores marvelitas pod\u00edan familiarizarse desde entonces con el reto\u00f1o.\u00a0<\/p>\n<p class=\"c-paragraph\">Bautizado como <b>\u00abFranklin\u00a0Benjamin\u00a0Richards\u00bb <\/b>(en honor a su t\u00edo adoptivo\u00a0Ben Grimm), el beb\u00e9 no solo era una consecuencia natural del matrimonio entre Reed y Sue,<b>\u00a0<\/b>que se hab\u00eda celebrado dos a\u00f1os antes.<b>\u00a0<\/b>Seg\u00fan explic\u00f3 <b>Stan Lee, <\/b>siempre pesetero, su presencia ayudaba a enganchar a unos lectores que se preguntaban <b>cu\u00e1les ser\u00edan sus superpoderes.\u00a0<\/b>\u00a0<\/p>\n<p class=\"c-paragraph\">Con el tiempo, dichos poderes acabaron superando cualquier expectativa. Porque Franklin es uno de los poqu\u00edsimos seres del Universo Marvel (por no decir el \u00fanico) <b>capaz de alterar la naturaleza de la realidad. <\/b>Y si te resulta inquietante que dicha habilidad est\u00e9 en manos de un ni\u00f1o peque\u00f1o, puedes dar por seguro que no eres el \u00fanico.\u00a0<\/p>\n<p class=\"c-paragraph\">As\u00ed, pap\u00e1 Reed decidi\u00f3 colocarle a su hijo un <b>inhibidor de poderes <\/b>que le permitiera crecer como un ni\u00f1o normal. Algo que facilit\u00f3 el trabajo de sus canguros, entre ellos\u00a0<b>Jarvis <\/b>(el mayordomo de los <b>Vengadores) <\/b>y la mism\u00edsima <b>Agatha Harkness, <\/b>en una versi\u00f3n mucho m\u00e1s bondadosa que la interpretada por <b>Kathryn Hahn.\u00a0<\/b><\/p>\n<p class=\"c-paragraph\">Conforme iba creciendo (muy despacio, seg\u00fan corresponde al comic book time caracter\u00edstico de Marvel), Franklin acab\u00f3 compartiendo con sus pap\u00e1s la vocaci\u00f3n heroica. De ah\u00ed que, casi veinte a\u00f1os despu\u00e9s de su aparici\u00f3n, pasara a formar parte de la <b>Power Pack, <\/b>un supergrupo infantil que debut\u00f3 en 1984.<\/p>\n<p class=\"c-paragraph\">Asimismo, siendo hijo de quien es y con los poderes que tiene, Franklin ha sido el objetivo de supervillanos de todo pelaje. Durante las d\u00e9cadas le hemos visto amenazado por Annihilus, <b>Mefisto, Onslaught, <\/b>su abuelo <b>Nathaniel Richards <\/b>y un <b>Doctor Muerte <\/b>a causa de cuyos manejos (y los del guionista <b>Mark Waid)<\/b> acab\u00f3 pasando una temporada en el infierno, entre muchos otros.<\/p>\n<p class=\"c-paragraph\">Por si fuera poco con todo esto, el chaval tuvo que asumir en 1999 que ya no era el peque de la casa debido al nacimiento de su hermana <b>Valeria Richards. <\/b>La cual, adem\u00e1s de ser una chinche y una listilla, <b>es la ahijada del Doctor Muerte.<\/b> El se\u00f1or de Latveria reclam\u00f3 ese honor tras haber asistido a su madre en el parto, demostrando una vez m\u00e1s que las relaciones entre los Cuatro Fant\u00e1sticos y su archienemigo siempre han sido, como m\u00ednimo, complicadas.\u00a0<\/p>\n<p>Vale, pero, \u00bfpor qu\u00e9 tanto foll\u00f3n?<\/p>\n<p class=\"c-paragraph\">Con una familia como la suya, estaba claro que Franklin Richards no iba a tener una infancia normal. Ahora bien, si te preguntas a qu\u00e9 viene tanto revuelo por su aparici\u00f3n en el MCU, esta no se debe tanto a qui\u00e9n es como <b>a lo que podr\u00eda llegar a hacer.\u00a0<\/b><\/p>\n<p class=\"c-paragraph\">Porque, a resultas de su c\u00f3ctel gen\u00e9tico-c\u00f3smico, el Franklin de los c\u00f3mics es inmortal&#8230; y sus poderes crecer\u00e1n con el paso de los milenios hasta convertirle en un ser casi omnipotente. Debido a esto, los <b>Celestiales <\/b>le han considerado un candidato en potencia para unirse a sus filas, y es muy probable que acabe transform\u00e1ndose en <b>el Galactus de un universo futuro.<\/b><\/p>\n<p class=\"c-paragraph\">En lo que respecta al MCU, los poderes de Franklin son <b>una excusa perfecta para llevar a cabo crossovers y reboots, <\/b>como ese con el que ya nos ha amenazado <a href=\"https:\/\/www.20minutos.es\/cinemania\/noticias\/marvel-reinicio-mcu-nuevos-actores-tony-stark-steve-rogers-5733106\/\" title=\"Sorpresa en Marvel: nuevos actores para Tony Stark y Steve Rogers con un reinicio total del MCU despu\u00e9s de 2027\" rel=\"nofollow noopener\" target=\"_blank\">Kevin Feige.<\/a>\u00a0Seguramente, en los despachos de Marvel Studios ya se han tramado planes que vinculen este potencial con la llegada de los <b>X-Men<\/b> y, en general, con un lavado de cara que estimule la taquilla del estudio.\u00a0<\/p>\n<p class=\"c-paragraph\">De momento, nosotros solo podemos aconsejaros leer sus aventuras en vi\u00f1etas, especialmente aquellos obra de <b>Chris Eliopoulos:<\/b> no por su importancia para la continuidad de Marvel, ojo, sino porque son divertid\u00edsimos.<\/p>\n","protected":false},"excerpt":{"rendered":"Al final, ha resultado que el remedio para las penas de Marvel era volver a los or\u00edgenes. Al&hellip;\n","protected":false},"author":2,"featured_media":11107,"comment_status":"","ping_status":"","sticky":false,"template":"","format":"standard","meta":{"footnotes":""},"categories":[169],"tags":[177,179,178,146,147,25,24,176,2631,175,23],"class_list":{"0":"post-11106","1":"post","2":"type-post","3":"status-publish","4":"format-standard","5":"has-post-thumbnail","7":"category-cine","8":"tag-cine","9":"tag-cinemania-noticias","10":"tag-cinemania-streaming","11":"tag-entertainment","12":"tag-entretenimiento","13":"tag-es","14":"tag-espana","15":"tag-film","16":"tag-marvel","17":"tag-movies","18":"tag-spain"},"share_on_mastodon":{"url":"","error":""},"_links":{"self":[{"href":"https:\/\/www.europesays.com\/es\/wp-json\/wp\/v2\/posts\/11106","targetHints":{"allow":["GET"]}}],"collection":[{"href":"https:\/\/www.europesays.com\/es\/wp-json\/wp\/v2\/posts"}],"about":[{"href":"https:\/\/www.europesays.com\/es\/wp-json\/wp\/v2\/types\/post"}],"author":[{"embeddable":true,"href":"https:\/\/www.europesays.com\/es\/wp-json\/wp\/v2\/users\/2"}],"replies":[{"embeddable":true,"href":"https:\/\/www.europesays.com\/es\/wp-json\/wp\/v2\/comments?post=11106"}],"version-history":[{"count":0,"href":"https:\/\/www.europesays.com\/es\/wp-json\/wp\/v2\/posts\/11106\/revisions"}],"wp:featuredmedia":[{"embeddable":true,"href":"https:\/\/www.europesays.com\/es\/wp-json\/wp\/v2\/media\/11107"}],"wp:attachment":[{"href":"https:\/\/www.europesays.com\/es\/wp-json\/wp\/v2\/media?parent=11106"}],"wp:term":[{"taxonomy":"category","embeddable":true,"href":"https:\/\/www.europesays.com\/es\/wp-json\/wp\/v2\/categories?post=11106"},{"taxonomy":"post_tag","embeddable":true,"href":"https:\/\/www.europesays.com\/es\/wp-json\/wp\/v2\/tags?post=11106"}],"curies":[{"name":"wp","href":"https:\/\/api.w.org\/{rel}","templated":true}]}}