{"id":111060,"date":"2025-09-12T22:49:11","date_gmt":"2025-09-12T22:49:11","guid":{"rendered":"https:\/\/www.europesays.com\/es\/111060\/"},"modified":"2025-09-12T22:49:11","modified_gmt":"2025-09-12T22:49:11","slug":"vodafone-espana-comercializara-los-nuevos-productos-de-apple-sala-de-prensa-vodafone","status":"publish","type":"post","link":"https:\/\/www.europesays.com\/es\/111060\/","title":{"rendered":"Vodafone Espa\u00f1a comercializar\u00e1 los nuevos productos de Apple &#8211; Sala de Prensa Vodafone"},"content":{"rendered":"<ol>\n<li><a href=\"https:\/\/news.google.com\/rss\/articles\/CBMickFVX3lxTE9GS1NkenV3M0tIbS00RXU3MkZCR2MweTFKa3pCajJMQWVKZk5YTDdOQTVnakJGNmRxeWpielpqSTNYMndUWm9HMGtvWTJHVDd2b1ViS0w2MFg2ckswdmt4bVk2VnMxcjVXT0JMM2lTV0NLUQ?oc=5\" target=\"_blank\" rel=\"nofollow noopener\">Vodafone Espa\u00f1a comercializar\u00e1 los nuevos productos de Apple<\/a>&nbsp;&nbsp;Sala de Prensa Vodafone<\/li>\n<li><a href=\"https:\/\/news.google.com\/rss\/articles\/CBMie0FVX3lxTE5xMXBQRWI4VmVXRHNTNmh1T0RlQU8yMWo2ZFZwT0pUUENvOEZtRWZMRkFMMlltS2Z6LXZPYmNPcXVqd0ZETWh0THRiQ1hUTldhSE5KUEtPb1Z1ODdCenM2bVF5cmY4eVdXTmRJSFF2TElRX3hGMEJDbWVTcw?oc=5\" target=\"_blank\" rel=\"nofollow noopener\">Apple iPhone 17 Pro 256GB Naranja C\u00f3smico<\/a>&nbsp;&nbsp;PC Componentes<\/li>\n<li><a href=\"https:\/\/news.google.com\/rss\/articles\/CBMiuAFBVV95cUxNZHJfSjRONXBQemZ6SGtzMDFnMlZRNXJTSXU2WEpwYUNEN2lyNFNCejdqUUpHbHNCWWNuZzNWcmVkbTFOSWVNVXYtY09zSDZQblJOamRIUnZXNHBUVC1CYVpSaVNIVDF0U28xWVlMSzdGV1JTZFRBYlpaeXUzeFBlNUhwZVRfNUZZUi03bFBieWxMUEhvQjE3Zl9fd3NxdUhIMmFIaG14Znd1ZGN4eElrYVVhbnAwVml2?oc=5\" target=\"_blank\" rel=\"nofollow noopener\">iPhone Air, el truco de \u2018magia\u2019 de Apple para ofrecer menos por m\u00e1s dinero<\/a>&nbsp;&nbsp;EL PA\u00cdS<\/li>\n<li><a href=\"https:\/\/news.google.com\/rss\/articles\/CBMigwFBVV95cUxQQ3o4ZVAxcElIeE5Ta0Y5N2djQUUyOHpfRm0xYVFZbm5tWkNDb1p3UkZBcnZGVjRVb0lmemJCdFhoUjY5OGM4ejVrbzdON2YzRU5WazU5UFZpQkNMdlZuUlluaTZVSFpsaTRPYjRYVWVwdkVneDVrdzRUd3NYeGpLUmc0NNIBiAFBVV95cUxQcFZwRl9GWG1ycnBMdUVhUU1jNm5fWldlTmp1NUhRTW1yeXBsUy1kMzVnMElhUGVqcGNmY1dtVGhmRlpJSnE0YmRQcldhTl9iZ3o4b3NIQy0wMnR1UkNoUmktTnJqcVdRZ0ktdjZ2eVpia3hDc2tmYW9rODRSTldaUG9Sdk9iS2lj?oc=5\" target=\"_blank\" rel=\"nofollow noopener\">Todo lo que el iPhone ten\u00eda que cambiar<\/a>&nbsp;&nbsp;La Vanguardia<\/li>\n<li><a href=\"https:\/\/news.google.com\/rss\/articles\/CBMinAFBVV95cUxNcXBxZGRieUMwS1U0c21ZX0RDd2hvQXcwTDRienA1YkZ3RldHVlhyTjA4TFJ1WHdQX0pzc1lza3Q4eHNiVkhLM1ZUejdVUEhlYVUtR0pQRWUxaFVuYWx6NURjZGJfajJzTEYzakMxQkNPaUhVNUpUNmxXTHQ2TkF0UlhPMVBmeFpoa0ZzbGNscWZWNzdnSWgzakw0RTbSAbABQVVfeXFMTWlseWtzdXlJWnRXLXVJclVkSEF6Sk5oaFg2WmMxSmRHcUFFSzhpQ3NiZXRRTWVRTHgwTURhR244U3FGZ0dqY3BpYXFoNUpIWDRPd1lHMVh4cDNVVmZhMmpIRkFLcUZMeGtQV2xNdzJYd0U5cE9iS29nYWplajBhOGwxZDRFMmlOWFNoV0FtUWNQMDhXUDd0M0w0MGk1ZjYtQ0JiZG5NYmVoa25EVS1KQnM?oc=5\" target=\"_blank\" rel=\"nofollow noopener\">Preventa del iPhone 17: \u00bfa qu\u00e9 hora inicia y cu\u00e1ndo te lo entregan?<\/a>&nbsp;&nbsp;Diario AS<\/li>\n<\/ol>\n","protected":false},"excerpt":{"rendered":"Vodafone Espa\u00f1a comercializar\u00e1 los nuevos productos de Apple&nbsp;&nbsp;Sala de Prensa Vodafone Apple iPhone 17 Pro 256GB Naranja C\u00f3smico&nbsp;&nbsp;PC&hellip;\n","protected":false},"author":2,"featured_media":111061,"comment_status":"","ping_status":"","sticky":false,"template":"","format":"standard","meta":{"footnotes":""},"categories":[81],"tags":[119,123,124,25,24,117,121,122,23,118,120],"class_list":{"0":"post-111060","1":"post","2":"type-post","3":"status-publish","4":"format-standard","5":"has-post-thumbnail","7":"category-ciencia-y-tecnologia","8":"tag-ciencia","9":"tag-ciencia-y-tecnologia","10":"tag-cienciaytecnologia","11":"tag-es","12":"tag-espana","13":"tag-science","14":"tag-science-and-technology","15":"tag-scienceandtechnology","16":"tag-spain","17":"tag-technology","18":"tag-tecnologia"},"share_on_mastodon":{"url":"","error":""},"_links":{"self":[{"href":"https:\/\/www.europesays.com\/es\/wp-json\/wp\/v2\/posts\/111060","targetHints":{"allow":["GET"]}}],"collection":[{"href":"https:\/\/www.europesays.com\/es\/wp-json\/wp\/v2\/posts"}],"about":[{"href":"https:\/\/www.europesays.com\/es\/wp-json\/wp\/v2\/types\/post"}],"author":[{"embeddable":true,"href":"https:\/\/www.europesays.com\/es\/wp-json\/wp\/v2\/users\/2"}],"replies":[{"embeddable":true,"href":"https:\/\/www.europesays.com\/es\/wp-json\/wp\/v2\/comments?post=111060"}],"version-history":[{"count":0,"href":"https:\/\/www.europesays.com\/es\/wp-json\/wp\/v2\/posts\/111060\/revisions"}],"wp:featuredmedia":[{"embeddable":true,"href":"https:\/\/www.europesays.com\/es\/wp-json\/wp\/v2\/media\/111061"}],"wp:attachment":[{"href":"https:\/\/www.europesays.com\/es\/wp-json\/wp\/v2\/media?parent=111060"}],"wp:term":[{"taxonomy":"category","embeddable":true,"href":"https:\/\/www.europesays.com\/es\/wp-json\/wp\/v2\/categories?post=111060"},{"taxonomy":"post_tag","embeddable":true,"href":"https:\/\/www.europesays.com\/es\/wp-json\/wp\/v2\/tags?post=111060"}],"curies":[{"name":"wp","href":"https:\/\/api.w.org\/{rel}","templated":true}]}}