{"id":111066,"date":"2025-09-12T22:53:51","date_gmt":"2025-09-12T22:53:51","guid":{"rendered":"https:\/\/www.europesays.com\/es\/111066\/"},"modified":"2025-09-12T22:53:51","modified_gmt":"2025-09-12T22:53:51","slug":"la-diputacion-de-albacete-arropa-a-amac-en-la-presentacion-de-sus-calendarios-solidarios-2026-que-ven-la-luz-un-ano-mas-con-el-impulso-de-la-institucion","status":"publish","type":"post","link":"https:\/\/www.europesays.com\/es\/111066\/","title":{"rendered":"La Diputaci\u00f3n de Albacete arropa a AMAC en la presentaci\u00f3n de sus calendarios solidarios 2026 que ven la luz, un a\u00f1o m\u00e1s, con el impulso de la instituci\u00f3n"},"content":{"rendered":"<p align=\"justify\">Feria de Albacete, 12 de septiembre de 2025.- Como es tradici\u00f3n, en el coraz\u00f3n de la Feria, la Asociaci\u00f3n de Mujeres Afectadas de C\u00e1ncer de mama y ginecol\u00f3gico de Albacete (AMAC) ha presentado sus calendarios solidarios 2026, y la diputada de ATM, Llanos S\u00e1nchez, les ha acompa\u00f1ado en esta cita tan especial. <\/p>\n<p align=\"justify\">Recordando que este 2025 la entidad que preside otra Llanos S\u00e1nchez ha cumplido su 25 aniversario, la responsable provincial ha puesto en valor su trabajo de apoyo, orientaci\u00f3n, acompa\u00f1amiento y sensibilizaci\u00f3n, y ha asegurado que su labor tiene nombres concretos, historias reales, y emociones profundas, se\u00f1alando que \u201ccada a\u00f1o, con este calendario, esas realidades se vuelven visibles, tangibles y admirables\u201d. <\/p>\n<p align=\"justify\">La diputada ha asegurado que \u00e9stos no son s\u00f3lo una herramienta para anotar fechas, sino una forma de visibilizar la enfermedad, y se ha dirigido a las 16 protagonistas, agradeci\u00e9ndoles su generosidad por \u201cmostrarla sin filtros\u201d, asegurando que las mujeres de AMAC \u201cson ejemplo e inspiraci\u00f3n\u201d, al tiempo que ha agradecido el trabajo a todo el equipo humano de esta asociaci\u00f3n y a quienes han colaborado en este proyecto. <\/p>\n<p align=\"justify\">As\u00ed, les ha trasladado una cari\u00f1osa felicitaci\u00f3n por esta nueva edici\u00f3n de los calendarios, en la que una vez m\u00e1s han contado con el respaldo del Gobierno provincial para su edici\u00f3n, reafirmando tambi\u00e9n el compromiso de la Diputaci\u00f3n con AMAC, que m\u00e1s all\u00e1 de este proyecto (en el que colabora con la impresi\u00f3n de 500 ejemplares de pared, tantos como solicita la asociaci\u00f3n) o de la colaboraci\u00f3n econ\u00f3mica a trav\u00e9s de un convenio anual (por valor de 14.800 euros) para impulsar la prestaci\u00f3n del servicio de atenci\u00f3n en fisioterapia de drenaje linf\u00e1tico en la provincia, \u201ces apoyo, es escucha activa, es admiraci\u00f3n y acompa\u00f1amiento\u201d.<\/p>\n<p align=\"justify\">Y estos calendarios de pared y los de mesa, dedicados este a\u00f1o al linfedema, se podr\u00e1n adquirir en el stand que la asociaci\u00f3n tiene en el Recinto Ferial y en su sede (en la calle Puerta de Chinchilla, n\u00ba 3) por un donativo de 5 euros y 4 euros, respectivamente.<\/p>\n<p align=\"justify\">\u201cDesde la Diputaci\u00f3n Provincial queremos deciros con total rotundidad: <strong>no est\u00e1is solas; c<\/strong>ont\u00e1is con nuestro apoyo, con nuestra admiraci\u00f3n, con nuestro cari\u00f1o y con nuestro compromiso. Apoyar a AMAC es apostar por una sociedad m\u00e1s justa, m\u00e1s humana y m\u00e1s consciente\u201d, ha afirmado la responsable provincial, tendi\u00e9ndoles la mano para seguir sumando esfuerzos en los proyectos en los que trabajan, al tiempo que ha animado a comprar estos calendarios solidarios, recordando que cada euro recaudado es una inversi\u00f3n en vida.<\/p>\n<p align=\"justify\">Durante el acto se ha presentado la que ser\u00e1 la mascota de AMAC, Merlina, una mariposa con una bonita historia, y tambi\u00e9n se ha anunciado el nombre del Premio Pentesilea, que ser\u00e1 para la Asociaci\u00f3n de Mujeres Eva Luna de Mahora, y el Lazo de Honor para la maestra Mari Carmen S\u00e1ez Moreno, autora del \u2018Cultivando emociones\u2019, un libro cuya recaudaci\u00f3n se destina a AMAC.<\/p>\n<p align=\"justify\">Tambi\u00e9n se ha reconocido a los fot\u00f3grafos Juan Carlos Navarro y Ra\u00fal Abell\u00e1n, por su colaboraci\u00f3n con la entidad.<\/p>\n","protected":false},"excerpt":{"rendered":"Feria de Albacete, 12 de septiembre de 2025.- Como es tradici\u00f3n, en el coraz\u00f3n de la Feria, la&hellip;\n","protected":false},"author":2,"featured_media":111067,"comment_status":"","ping_status":"","sticky":false,"template":"","format":"standard","meta":{"footnotes":""},"categories":[5],"tags":[17,18,4007,25,24,13,14,11,19,20,9,10,15,16,23,12,21,22],"class_list":{"0":"post-111066","1":"post","2":"type-post","3":"status-publish","4":"format-standard","5":"has-post-thumbnail","7":"category-titulares","8":"tag-breaking-news","9":"tag-breakingnews","10":"tag-destacado","11":"tag-es","12":"tag-espana","13":"tag-featured-news","14":"tag-featurednews","15":"tag-headlines","16":"tag-latest-news","17":"tag-latestnews","18":"tag-news","19":"tag-noticias","20":"tag-noticias-destacadas","21":"tag-noticiasdestacadas","22":"tag-spain","23":"tag-titulares","24":"tag-ultimas-noticias","25":"tag-ultimasnoticias"},"share_on_mastodon":{"url":"","error":""},"_links":{"self":[{"href":"https:\/\/www.europesays.com\/es\/wp-json\/wp\/v2\/posts\/111066","targetHints":{"allow":["GET"]}}],"collection":[{"href":"https:\/\/www.europesays.com\/es\/wp-json\/wp\/v2\/posts"}],"about":[{"href":"https:\/\/www.europesays.com\/es\/wp-json\/wp\/v2\/types\/post"}],"author":[{"embeddable":true,"href":"https:\/\/www.europesays.com\/es\/wp-json\/wp\/v2\/users\/2"}],"replies":[{"embeddable":true,"href":"https:\/\/www.europesays.com\/es\/wp-json\/wp\/v2\/comments?post=111066"}],"version-history":[{"count":0,"href":"https:\/\/www.europesays.com\/es\/wp-json\/wp\/v2\/posts\/111066\/revisions"}],"wp:featuredmedia":[{"embeddable":true,"href":"https:\/\/www.europesays.com\/es\/wp-json\/wp\/v2\/media\/111067"}],"wp:attachment":[{"href":"https:\/\/www.europesays.com\/es\/wp-json\/wp\/v2\/media?parent=111066"}],"wp:term":[{"taxonomy":"category","embeddable":true,"href":"https:\/\/www.europesays.com\/es\/wp-json\/wp\/v2\/categories?post=111066"},{"taxonomy":"post_tag","embeddable":true,"href":"https:\/\/www.europesays.com\/es\/wp-json\/wp\/v2\/tags?post=111066"}],"curies":[{"name":"wp","href":"https:\/\/api.w.org\/{rel}","templated":true}]}}