{"id":111068,"date":"2025-09-12T22:54:09","date_gmt":"2025-09-12T22:54:09","guid":{"rendered":"https:\/\/www.europesays.com\/es\/111068\/"},"modified":"2025-09-12T22:54:09","modified_gmt":"2025-09-12T22:54:09","slug":"el-tolosa-eskubaloia-a-superar-la-falta-de-iker-elola-con-victoria-contra-el-pulpo","status":"publish","type":"post","link":"https:\/\/www.europesays.com\/es\/111068\/","title":{"rendered":"El Tolosa Eskubaloia, a superar la falta de Iker Elola con victoria contra el Pulpo"},"content":{"rendered":"<p> Una sensaci\u00f3n indeseable invade al Tolosa Eskubaloia de cara a este arranque de temporada. El entrenador urdi\u00f1a, Alex Nogu\u00e9s, traslada la \u00abincertidumbre\u00bb que vive  &#8230; la plantilla, que este s\u00e1bado a las 16.00 horas se enfrentar\u00e1 en casa, en el polideportivo Usabal, al Labarra Nikol Pulpo. Hace escasos d\u00edas, la salida del central y lateral izquierdo Iker Elola, fichado por Anaitasuna de Divisi\u00f3n de Honor Plata, categor\u00eda superior a la Primera Nacional, ha \u00abtrastocado bastante\u00bb todo el trabajo de pretemporada. Cabe se\u00f1alar que el tolosarra marc\u00f3 172 goles en veintinueve partidos, por lo que \u00abhabr\u00e1 que ver c\u00f3mo asimila\u00bb el equipo esta p\u00e9rdida.<\/p>\n<p class=\"v-p\">Una marcha inesperada de un \u00abjugador emblema\u00bb en la estrategia del club tolosarra, y que exigir\u00e1 que otros balonmanistas den \u00abun paso adelante\u00bb. \u00abNo hay mal que por bien no venga\u00bb, relata optimista Nogu\u00e9s: \u00abhay que pensar en lo que tenemos e intentar modificarlo, que la plantilla se haga a la idea. No est\u00e1 Elola y no va a jugar, pero habr\u00e1 otro jugador u otros jugadores que van a tener m\u00e1s minutos. El equipo debe seguir aspirando a lo m\u00e1ximo, a ganar cada fin de semana\u00bb, cuenta, depositando su confianza en el vestuario actual y en la cantera. <\/p>\n<p class=\"v-p\">No ser\u00e1 la \u00fanica falta en este estreno en Usabal. El equipo tampoco podr\u00e1 contar con Eneko Ortiz y Gaizka Sanz, ambos baja por lesi\u00f3n de mu\u00f1eca, e Ibai Otxoa y Ander Ega\u00f1a, por motivos laborales. Se espera que los lesionados regresen a finales de este mes, mientras que Otxoa y Ega\u00f1a estar\u00e1n disponibles la pr\u00f3xima jornada.<\/p>\n<p>\n\u00abHabr\u00e1 otro jugador o jugadores que van a tener que dar un paso adelante. El equipo debe seguir aspirando a lo m\u00e1ximo\u00bb\n<\/p>\n<p class=\"v-p\">Por tanto, los urdi\u00f1as llegan \u00abjustos\u00bb y suplir\u00e1n las cuatro bajas m\u00e1s la de Elola con jugadores del equipo juvenil, lo que hace que este primer partido, que \u00absiempre es especial\u00bb, tenga un extra de emoci\u00f3n. Y por supuesto, refleja la necesidad de que la afici\u00f3n arrope al primer equipo en esta nueva campa\u00f1a, que es el \u00aboctavo jugador en balonmano\u00bb. No hay mayor soluci\u00f3n a los contratiempos que la satisfacci\u00f3n de una trabajada victoria.<\/p>\n<p class=\"v-p\">El rival, el Pulpo zumaiarra, es un equipo que funciona como \u00abun bloque\u00bb, con un juego de ataque \u00aben continuidad y juego de cruces, con mucha penetraci\u00f3n y movilidad de bal\u00f3n\u00bb, y que en defensa cumple en su cometido. Pero sobre todo se identifica como un conjunto que \u00abnunca tira un resultado, vaya ganando o perdiendo. Va a ser un partido que nos exigir\u00e1 estar concentrados hasta que finalice\u00bb, explica el t\u00e9cnico del Tolosa Eskubaloia.<\/p>\n<p class=\"v-p\">La pretemporada se cerr\u00f3 con la Euskal Kopa, clasific\u00e1ndose como segundos de grupo a las semifinales, venciendo por 28-32 a Saizar Usurbil y perdiendo 29-33 contra Ilcapo Hondarribia-Bidasoa. La pr\u00f3xima fase ser\u00e1 ante el Amenabar Zarautz, a una fecha por determinar.<\/p>\n","protected":false},"excerpt":{"rendered":"Una sensaci\u00f3n indeseable invade al Tolosa Eskubaloia de cara a este arranque de temporada. El entrenador urdi\u00f1a, Alex&hellip;\n","protected":false},"author":2,"featured_media":111069,"comment_status":"","ping_status":"","sticky":false,"template":"","format":"standard","meta":{"footnotes":""},"categories":[278],"tags":[376,168,37880,25,14124,24,1998,375,12929,37881,23,167,10965,23212,1261],"class_list":{"0":"post-111068","1":"post","2":"type-post","3":"status-publish","4":"format-standard","5":"has-post-thumbnail","7":"category-balonmano","8":"tag-balonmano","9":"tag-deportes","10":"tag-elola","11":"tag-es","12":"tag-eskubaloia","13":"tag-espana","14":"tag-falta","15":"tag-handball","16":"tag-iker","17":"tag-pulpo","18":"tag-spain","19":"tag-sports","20":"tag-superar","21":"tag-tolosa","22":"tag-victoria"},"share_on_mastodon":{"url":"","error":""},"_links":{"self":[{"href":"https:\/\/www.europesays.com\/es\/wp-json\/wp\/v2\/posts\/111068","targetHints":{"allow":["GET"]}}],"collection":[{"href":"https:\/\/www.europesays.com\/es\/wp-json\/wp\/v2\/posts"}],"about":[{"href":"https:\/\/www.europesays.com\/es\/wp-json\/wp\/v2\/types\/post"}],"author":[{"embeddable":true,"href":"https:\/\/www.europesays.com\/es\/wp-json\/wp\/v2\/users\/2"}],"replies":[{"embeddable":true,"href":"https:\/\/www.europesays.com\/es\/wp-json\/wp\/v2\/comments?post=111068"}],"version-history":[{"count":0,"href":"https:\/\/www.europesays.com\/es\/wp-json\/wp\/v2\/posts\/111068\/revisions"}],"wp:featuredmedia":[{"embeddable":true,"href":"https:\/\/www.europesays.com\/es\/wp-json\/wp\/v2\/media\/111069"}],"wp:attachment":[{"href":"https:\/\/www.europesays.com\/es\/wp-json\/wp\/v2\/media?parent=111068"}],"wp:term":[{"taxonomy":"category","embeddable":true,"href":"https:\/\/www.europesays.com\/es\/wp-json\/wp\/v2\/categories?post=111068"},{"taxonomy":"post_tag","embeddable":true,"href":"https:\/\/www.europesays.com\/es\/wp-json\/wp\/v2\/tags?post=111068"}],"curies":[{"name":"wp","href":"https:\/\/api.w.org\/{rel}","templated":true}]}}