{"id":111070,"date":"2025-09-12T22:55:16","date_gmt":"2025-09-12T22:55:16","guid":{"rendered":"https:\/\/www.europesays.com\/es\/111070\/"},"modified":"2025-09-12T22:55:16","modified_gmt":"2025-09-12T22:55:16","slug":"el-cid-y-el-fandi-salen-a-hombros-de-una-plaza-de-bolanos-de-calatrava-recuperada-para-el-toreo","status":"publish","type":"post","link":"https:\/\/www.europesays.com\/es\/111070\/","title":{"rendered":"El Cid y El Fandi salen a hombros de una plaza de Bola\u00f1os de Calatrava recuperada para el toreo"},"content":{"rendered":"<p class=\"paragraph\" id=\"paragraph_1\">La plaza de <a href=\"https:\/\/www.elespanol.com\/eldigitalcastillalamancha\/region\/20250618\/expectacion-desbordada-tarde-corpus-morante-roca-rey-abarrotaran-plaza-toros-toledo\/1003743810922_0.html?utm_cmp_rs=linksinline\" rel=\"nofollow noopener\" target=\"_blank\">toros<\/a> de Bola\u00f1os de Calatrava (Ciudad Real) vuelve a contar. Tras dos a\u00f1os de experiencias fallidas, <strong>este viernes se ha llenado m\u00e1s de media plaza para un espect\u00e1culo en el que El Cid y El Fandi han salido a hombros. <\/strong><\/p>\n<p class=\"paragraph\" id=\"paragraph_2\"><strong>El Fandi se llev\u00f3 la palma arrasando en los tres tercios y cortando cuatro orejas<\/strong>. Dos pase\u00f3 El Cid del quinto, perdiendo otras tantas con los aceros del primero de su lote.<\/p>\n<p class=\"paragraph\" id=\"paragraph_3\">La espada impidi\u00f3 la triple puerta grande, ya que An\u00edbal Ruiz pinch\u00f3 al toro de su reencuentro con la afici\u00f3n ciudadreale\u00f1a.<\/p>\n<p class=\"paragraph\" id=\"paragraph_4\">Seg\u00fan ha informado Marenostrum, <strong>los toros han sido de Las Monjas, bien presentados y de variado juego.<\/strong> Los mejores han sido el segundo y el tercero.<\/p>\n","protected":false},"excerpt":{"rendered":"La plaza de toros de Bola\u00f1os de Calatrava (Ciudad Real) vuelve a contar. Tras dos a\u00f1os de experiencias&hellip;\n","protected":false},"author":2,"featured_media":111071,"comment_status":"","ping_status":"","sticky":false,"template":"","format":"standard","meta":{"footnotes":""},"categories":[277],"tags":[373,4091,168,25,24,3799,23,167,374],"class_list":{"0":"post-111070","1":"post","2":"type-post","3":"status-publish","4":"format-standard","5":"has-post-thumbnail","7":"category-toreo","8":"tag-bullfighting","9":"tag-castilla-la-mancha","10":"tag-deportes","11":"tag-es","12":"tag-espana","13":"tag-ocio","14":"tag-spain","15":"tag-sports","16":"tag-toreo"},"share_on_mastodon":{"url":"","error":""},"_links":{"self":[{"href":"https:\/\/www.europesays.com\/es\/wp-json\/wp\/v2\/posts\/111070","targetHints":{"allow":["GET"]}}],"collection":[{"href":"https:\/\/www.europesays.com\/es\/wp-json\/wp\/v2\/posts"}],"about":[{"href":"https:\/\/www.europesays.com\/es\/wp-json\/wp\/v2\/types\/post"}],"author":[{"embeddable":true,"href":"https:\/\/www.europesays.com\/es\/wp-json\/wp\/v2\/users\/2"}],"replies":[{"embeddable":true,"href":"https:\/\/www.europesays.com\/es\/wp-json\/wp\/v2\/comments?post=111070"}],"version-history":[{"count":0,"href":"https:\/\/www.europesays.com\/es\/wp-json\/wp\/v2\/posts\/111070\/revisions"}],"wp:featuredmedia":[{"embeddable":true,"href":"https:\/\/www.europesays.com\/es\/wp-json\/wp\/v2\/media\/111071"}],"wp:attachment":[{"href":"https:\/\/www.europesays.com\/es\/wp-json\/wp\/v2\/media?parent=111070"}],"wp:term":[{"taxonomy":"category","embeddable":true,"href":"https:\/\/www.europesays.com\/es\/wp-json\/wp\/v2\/categories?post=111070"},{"taxonomy":"post_tag","embeddable":true,"href":"https:\/\/www.europesays.com\/es\/wp-json\/wp\/v2\/tags?post=111070"}],"curies":[{"name":"wp","href":"https:\/\/api.w.org\/{rel}","templated":true}]}}