{"id":111072,"date":"2025-09-12T22:56:11","date_gmt":"2025-09-12T22:56:11","guid":{"rendered":"https:\/\/www.europesays.com\/es\/111072\/"},"modified":"2025-09-12T22:56:11","modified_gmt":"2025-09-12T22:56:11","slug":"agenda-noche-ufc-lopes-se-juega-su-estatus-del-pluma-ante-un-enrachado-silva-en-la-velada-azteca-eurosport","status":"publish","type":"post","link":"https:\/\/www.europesays.com\/es\/111072\/","title":{"rendered":"Agenda Noche UFC: Lopes se juega su estatus del pluma ante un enrachado Silva en la velada azteca &#8211; Eurosport"},"content":{"rendered":"<ol>\n<li><a href=\"https:\/\/news.google.com\/rss\/articles\/CBMi-AFBVV95cUxQd05Gb0JSSUtnZjZsLWc2WnZ6LVVnZ2N4WHYxdnpOaUw5ZW81bllNMmc4VkE3Y3NCcEFzQ0k5RGZ4TExiLUZ0X3hydHpFOGRpSW4zcVZ6eHd3Y3c1SDVvcUcxcnRNUFhzSFhVRVZDSXhpd1dVdEhYajRXYTFrWjhPVTJGVFNMWVdKc3EzSElnTDc4MlFGdlRvOWxZVTUxYjhTU0E5SWtmbXVxTGhyMWFZX2ZoVHY0S25IMmRQU0M1cjlhRUNOTmJPVU05U0Vyc0FxTzR1THBlZXlWWUY4NG9GamJGUkdXVTBlMnZOa1pqS1FCQnNCd0I4RA?oc=5\" target=\"_blank\" rel=\"nofollow noopener\">Agenda Noche UFC: Lopes se juega su estatus del pluma ante un enrachado Silva en la velada azteca<\/a>&nbsp;&nbsp;Eurosport<\/li>\n<li><a href=\"https:\/\/news.google.com\/rss\/articles\/CBMingFBVV95cUxPN2dyYXl5bDNUSUt5M0x6czBuMVd5MnBfZkxKaXhHbWtZZy04a0ZaVGxoYWlQdVhqWEpxYktZQlRFUjFtdU9kR1FZazRUR2RQa1JzTVlBdVpLZjdsVFpfTjFmb3ZiTFFrZllRN1gyMzNOZjNMRW1SSFJDdWJxUW0tS0xoTF9YdG5tYzJFNWc3NEhpWFA1a284enVRbElIdw?oc=5\" target=\"_blank\" rel=\"nofollow noopener\">Diego Lopes: \u00abSi gano con una gran actuaci\u00f3n a Jean Silva, volver\u00e9 a pedir pelear por el t\u00edtulo de UFC\u00bb<\/a>&nbsp;&nbsp;ABC<\/li>\n<li><a href=\"https:\/\/news.google.com\/rss\/articles\/CBMirAFBVV95cUxOenhpb01BSUNtTjFfbmk4VkJMVVJsNHI0QThBVVNva0pvclVGMFFud0JKal9vWHN2cHRlTXBLWjBFUFBkWDFEcmpUWnZLanFCYS1GTTZTbjRJWHpTVVBHZXh3RXFUbTVCSWl3VDk5YkZPVlhpVzIyb1FONFhFZllhcjhEa0VZaWwwcHQwSElVZzd3dTVnSFNxbTFzeWdEWEcxMEZibDdIX1A0aXdj0gGsAUFVX3lxTE9KSlJ6SWJBTXl3TTBibi05bFVxNEZLUVAxaU9ZOU5nbUVKRW1WQzdidVRUUTRZRDZIVFdLZGxfcVI0YzF5OUxxbnp2Ti12eWpaUmFZcEhtcF9wWnNGZUhMV05OMUdmR3hraWlLVi0wZUNZZHlXSmtKb1Z0MnpsQnVXaDROYlg0UFF1elVRbVlLamQxbmtHWFNsQjZabzI4ZzZ2VUZ1LTRNUG1laDU?oc=5\" target=\"_blank\" rel=\"nofollow noopener\">El descalabro de los &#8216;Fighting Nerds&#8217;: Jean Silva, el \u00faltimo superviviente<\/a>&nbsp;&nbsp;MARCA<\/li>\n<li><a href=\"https:\/\/news.google.com\/rss\/articles\/CBMiwAFBVV95cUxQc243WndwR25EaEhZWE9LSlREMUYzWGN3ZlJhU3d5WTI5LXNrcjN1cnFJTTZjQU9hLUd0U3BxaEhwUHBEZ29GdVd2dG1YOWFzYnZEQjhNR0d5YTR1eVdSc1NzaWxsNmI1aWJuZHlWT0JhRHllN2w0c3BORFdFaTFGTWJCdm42VFdna3hsblNGWE40UUVhdHlYdkJaUU1sQkJFSHluQ3dfU01scHR1YmRDdzBucnZFNEFKRUpxY3dpdkjSAcABQVVfeXFMTVAwaGJlTUVNdkZJaENQN2dFRFllQVdTdEs5bldHeHp2M0VEUkZvN1NVMWc3Q05DWW9xRDltVmV4U0NTbkFIQW94ZmZOTWNsS0lyUnVxQi01N0xBNWdmSUg5b1ZYX2Z5MkJFZ1VfY2hLMzNvM2ZaeXJtWXBMM2NSN0NVMnl2S2F3QUtNZFhuLV9vQlZYZ3Vwbzd5bmJQakZEa1BPV3dTZlgtRk5XZTZHMGRqTU1kMk5ORjNmUUFJeUMy?oc=5\" target=\"_blank\" rel=\"nofollow noopener\">Cartelera completa UFC ma\u00f1ana s\u00e1bado 13 de septiembre: horarios y d\u00f3nde ver las peleas<\/a>&nbsp;&nbsp;Mediotiempo<\/li>\n<li><a href=\"https:\/\/news.google.com\/rss\/articles\/CBMiyAFBVV95cUxQOEs1eWJ3Sm1RNDB4eGJ5UnJCdmotbEl2VW9USURJOWc4cGQwVGRleDY0ZjI0V2FDOXJtRnV6Tk9tT0NFSlBfelBEWlVDenhnMWtxMXBIWmpLYzFYbUxFQm1haVpmczhkSUdlTU9uZTBTLUZ0R3RiakpsbHlhU3hWdTFycFF2SDVQdWNWODhHMHZSX0ZpZmZCRHFWQ1REZ3hOZlp1OG5NczBnOTV0UHpEeElQQlB5NEdrTS1WNXRiS3V1Y2VETjZMNQ?oc=5\" target=\"_blank\" rel=\"nofollow noopener\">NOCE UFC: Las mejores apuestas para la clasificaci\u00f3n de expertos y Lops vs. Silver<\/a>&nbsp;&nbsp;noticiashuesca.com<\/li>\n<\/ol>\n","protected":false},"excerpt":{"rendered":"Agenda Noche UFC: Lopes se juega su estatus del pluma ante un enrachado Silva en la velada azteca&nbsp;&nbsp;Eurosport&hellip;\n","protected":false},"author":2,"featured_media":111073,"comment_status":"","ping_status":"","sticky":false,"template":"","format":"standard","meta":{"footnotes":""},"categories":[276],"tags":[168,25,24,23,167,343],"class_list":{"0":"post-111072","1":"post","2":"type-post","3":"status-publish","4":"format-standard","5":"has-post-thumbnail","7":"category-ufc","8":"tag-deportes","9":"tag-es","10":"tag-espana","11":"tag-spain","12":"tag-sports","13":"tag-ufc"},"share_on_mastodon":{"url":"","error":""},"_links":{"self":[{"href":"https:\/\/www.europesays.com\/es\/wp-json\/wp\/v2\/posts\/111072","targetHints":{"allow":["GET"]}}],"collection":[{"href":"https:\/\/www.europesays.com\/es\/wp-json\/wp\/v2\/posts"}],"about":[{"href":"https:\/\/www.europesays.com\/es\/wp-json\/wp\/v2\/types\/post"}],"author":[{"embeddable":true,"href":"https:\/\/www.europesays.com\/es\/wp-json\/wp\/v2\/users\/2"}],"replies":[{"embeddable":true,"href":"https:\/\/www.europesays.com\/es\/wp-json\/wp\/v2\/comments?post=111072"}],"version-history":[{"count":0,"href":"https:\/\/www.europesays.com\/es\/wp-json\/wp\/v2\/posts\/111072\/revisions"}],"wp:featuredmedia":[{"embeddable":true,"href":"https:\/\/www.europesays.com\/es\/wp-json\/wp\/v2\/media\/111073"}],"wp:attachment":[{"href":"https:\/\/www.europesays.com\/es\/wp-json\/wp\/v2\/media?parent=111072"}],"wp:term":[{"taxonomy":"category","embeddable":true,"href":"https:\/\/www.europesays.com\/es\/wp-json\/wp\/v2\/categories?post=111072"},{"taxonomy":"post_tag","embeddable":true,"href":"https:\/\/www.europesays.com\/es\/wp-json\/wp\/v2\/tags?post=111072"}],"curies":[{"name":"wp","href":"https:\/\/api.w.org\/{rel}","templated":true}]}}