{"id":111086,"date":"2025-09-12T23:04:16","date_gmt":"2025-09-12T23:04:16","guid":{"rendered":"https:\/\/www.europesays.com\/es\/111086\/"},"modified":"2025-09-12T23:04:16","modified_gmt":"2025-09-12T23:04:16","slug":"el-pistacho-es-el-color-del-momento-en-decoracion","status":"publish","type":"post","link":"https:\/\/www.europesays.com\/es\/111086\/","title":{"rendered":"El pistacho es el color del momento en decoraci\u00f3n"},"content":{"rendered":"<p>Cada temporada trae consigo una nueva paleta de colores y, actualmente, <strong>las tendencias lo confirman: \u201cel pistacho es el color del momento\u201d<\/strong>. As\u00ed lo asegura Carolina Garnero (<a href=\"https:\/\/www.instagram.com\/cg.estudiointerior\/\" rel=\"nofollow noopener\" target=\"_blank\">@cg.estudiointerior<\/a>), dise\u00f1adora de interiores, quien indica, adem\u00e1s, que se trata de una tendencia que afecta tanto a la decoraci\u00f3n como al lifestyle.<\/p>\n<p>Si te interesa conocer <strong>c\u00f3mo puedes utilizar el color pistacho para decorar tus habitaciones<\/strong>, en paredes o elementos decorativos, a continuaci\u00f3n, te compartimos los consejos de la dise\u00f1adora, as\u00ed como las ventajas y contra de esta tonalidad en tendencia. \u00a1Contin\u00faa leyendo para descubrirlo!<\/p>\n<p>&#13;<img decoding=\"async\" src=\"https:\/\/www.europesays.com\/es\/wp-content\/uploads\/2025\/09\/salon-blanco-de-verano-con-familia-00539433_00000000_3f5fbde0_250910120514_600x600.webp.webp\" alt=\"salo\u0301n-blanco-de-verano-con-familia-00539433\" class=\"image lazyload\"\/><\/p>\n<p class=\"epigraph\">FAMILIA NUMEROSA<\/p>\n<p><a href=\"https:\/\/www.elmueble.com\/actualidad\/rosa-postigo-madre-18-hijos-hacemos-compra-mensual-600-e-1300-galletas-240-litros-leche-siete-docenas-huevos-y-productos-marca-blanca_61724\" rel=\"nofollow noopener\" target=\"_blank\">Rosa Postigo, madre de 18 hijos: \u00abHacemos una compra mensual de 600\u20ac, 1.300 galletas, 240 litros de leche, siete docenas de huevos y productos de marca blanca\u00bb<\/a><br \/>\nPros y contras del color pistacho<\/p>\n<p>Aunque es un color que va ganando terreno, gracias a su versatilidad y a la sensaci\u00f3n de frescura que transmite, la experta advierte que <strong>su uso excesivo puede \u201cresultar invasivo\u201d<\/strong>. Por eso, antes de incluirlo en la decoraci\u00f3n de tu hogar, te recomendamos tener en cuenta sus pros y contras:<\/p>\n<p>Ventajas del color pistacho en la decoraci\u00f3n<\/p>\n<p>Incorporar el pistacho en tu hogar ser\u00e1 una decisi\u00f3n con m\u00faltiples beneficios. Seg\u00fan Garnero, estos son algunos de ellos:<\/p>\n<ul>\n<li><strong>Transmite serenidad y dinamismo: <\/strong>es un color vibrante, ideal para romper con la monoton\u00eda.<\/li>\n<li><strong>Aporta equilibrio: <\/strong>a pesar de su energ\u00eda, no resulta agresivo a la vista.<\/li>\n<li><strong>Moderniza los ambientes: <\/strong>tiene una est\u00e9tica fresca y contempor\u00e1nea.<\/li>\n<li><strong>Se adapta a diferentes estilos:<\/strong> desde el n\u00f3rdico hasta el contempor\u00e1neo, todos los estilos pueden utilizarlo como color principal o secundario.<\/li>\n<li><strong>Es ideal para detalles decorativos: <\/strong>funciona muy bien en peque\u00f1os toques que revitalizan cualquier espacio: cojines, cuadros, jarrones, entre otros.<\/li>\n<\/ul>\n<p>Contras del color pistacho<\/p>\n<p>Como todo en decoraci\u00f3n, hay que tener cuidado con utilizarlo en exceso. Al respecto, estas son algunas de sus desventajas:<\/p>\n<ul>\n<li><strong>Puede saturar visualmente:<\/strong> \u201csi lo aplicas en grandes superficies sin contraste, puede saturar la mirada\u201d, advierte Carolina Garnero.<\/li>\n<li><strong>No siempre es f\u00e1cil de combinar:<\/strong> su tono exige una paleta cuidada para evitar errores est\u00e9ticos.<\/li>\n<li><strong>Si se usa mal, puede parecer poco sofisticado:<\/strong> un exceso de color pistacho sin equilibrio puede restar elegancia.<\/li>\n<\/ul>\n<p>Por eso, como bien dice la experta, \u201c<strong>la clave est\u00e1 en c\u00f3mo usarlo: bien acompa\u00f1ado puede transformar cualquier espacio\u201d<\/strong>.<\/p>\n<p>&#13;<img decoding=\"async\" src=\"https:\/\/www.europesays.com\/es\/wp-content\/uploads\/2025\/09\/cocina-verde-moderna_7968091c_1816_250220163830_600x600.webp.webp\" alt=\"cocina verde moderna \" class=\"image lazyload\"\/><\/p>\n<p class=\"epigraph\">No pierdas la esperanza<\/p>\n<p><a href=\"https:\/\/www.elmueble.com\/decoracion\/ideas-para-decorar-color-verde-y-acertar_40832\" rel=\"nofollow noopener\" target=\"_blank\">C\u00f3mo decorar en color verde: 42 ideas para llevar su alegr\u00eda a tu casa<\/a><br \/>\n\u00bfC\u00f3mo utilizar el color pistacho?<\/p>\n<p>Esta tonalidad en tendencia puede ser tu gran aliada en diferentes zonas de tu hogar. A continuaci\u00f3n, te explicamos <strong>c\u00f3mo puedes utilizarlo en tu dormitorio, cocina, ba\u00f1o y sal\u00f3n<\/strong>:<\/p>\n<p>1. En el dormitorio<img loading=\"lazy\" decoding=\"async\" src=\"https:\/\/www.europesays.com\/es\/wp-content\/uploads\/2025\/09\/verde-aceituna-mas-elegante-y-sofisticado_2d7b3d36_250829094629_1000x1378.webp.webp\" alt=\"Verde aceituna, m\u00e1s elegante y sofisticado\" class=\"lazyload\" width=\"1000\" height=\"1378\" data-aspectratio=\"1000\/1378\"\/>&#13;El Mueble<\/p>\n<p>Puedes utilizarlo en una <a href=\"https:\/\/www.elmueble.com\/decoracion\/veces-que-pintar-pared-color-fue-mejor-decision-fotos-ideas-para-dar-color_52806\" rel=\"nofollow noopener\" target=\"_blank\">pared de acento<\/a>, para aportar personalidad sin comprometer la tranquilidad que esta habitaci\u00f3n requiere. Tambi\u00e9n sugerimos usarlo en la decoraci\u00f3n textil como, por ejemplo, en las fundas de las almohadas o cojines, mantas y cortinas.<\/p>\n<p>Utilizar este color en la <strong>ropa de cama<\/strong> ser\u00e1 un acierto para introducir un poco de color sin esfuerzo. Comb\u00ednalo con beige, blanco roto o gris claro, como observas en la imagen.<\/p>\n<p>2. En la cocina<\/p>\n<p>Este espacio es perfecto para jugar con colores frescos y alegres. Utiliza el pistacho para los <a href=\"https:\/\/www.elmueble.com\/estancias\/ni-aburridos-ni-desfasado-13-ideas-muebles-cocina-originales-diferentes-que-inspiraran-tu-proxima-reforma_58538\" rel=\"nofollow noopener\" target=\"_blank\">armarios de tu cocina<\/a>, especialmente si son de madera. Seg\u00fan la experta, \u201cla mejor forma de integrarlo es con madera acogedora, que suaviza\u201d.<\/p>\n<p>Tambi\u00e9n puedes <strong>comprar electrodom\u00e9sticos de color pistacho<\/strong> para crear un gui\u00f1o retro muy original. Pero, si lo prefieres usar con cuidado, apuesta por incluirlo en tus <a href=\"https:\/\/www.elmueble.com\/estancias\/opciones-ingeniosas-para-colgar-panos-cocina_58119\" rel=\"nofollow noopener\" target=\"_blank\">pa\u00f1os de cocina<\/a> o <a href=\"https:\/\/www.elmueble.com\/decoracion\/retapizar-sillas-todas-claves-para-bajar-precio-resultado-revista-chenilla-microfibra-loneta_53001\" rel=\"nofollow noopener\" target=\"_blank\">textiles de las sillas<\/a>, as\u00ed evitar\u00e1s saturar el espacio mientras que, a la vez, aportas algo de luminosidad al ambiente con este vibrante color.<\/p>\n<p>En este v\u00eddeo te presentamos algunas <strong>ideas para decorar cocinas verdes<\/strong>:<\/p>\n<p>&#13;<\/p>\n<p>My Player placeholder<\/p>\n<p>Ideas estilosas para cocinas verdes3. En el ba\u00f1o<\/p>\n<p>Aunque normalmente los ba\u00f1os est\u00e1n dominados por los colores m\u00e1s neutros, puedes transformar este espacio utilizando el pistacho a trav\u00e9s de <a href=\"https:\/\/www.elmueble.com\/estancias\/tendencias-azulejos-para-cocinas-2025-ideas-estilosas-practicas_50528\" rel=\"nofollow noopener\" target=\"_blank\">azulejos en las paredes de la ducha o el lavabo<\/a>. Tambi\u00e9n es una tonalidad adecuada para muebles peque\u00f1os, como una estanter\u00eda auxiliar o el mueble debajo del lavabo.<\/p>\n<p>Como en el resto de las habitaciones, aqu\u00ed tambi\u00e9n puedes utilizarlo en <strong>accesorios decorativos<\/strong>, como el dispensador del jab\u00f3n, las cortinas o una alfombrilla. Y, si tienes grifer\u00eda negra, combinarla con este color te ayudar\u00e1 a darle mucho car\u00e1cter a la habitaci\u00f3n, tal y como indica la experta.<\/p>\n<p>4. En el sal\u00f3n<img loading=\"lazy\" decoding=\"async\" src=\"https:\/\/www.europesays.com\/es\/wp-content\/uploads\/2025\/09\/salon-en-color-verde-oliva-con-molduras-en-blanco_00000000_250829094241_1000x1117.webp.webp\" alt=\"Sal\u00f3n en color verde oliva con molduras en blanco\" class=\"lazyload\" width=\"1000\" height=\"1117\" data-aspectratio=\"1000\/1117\"\/><\/p>\n<p>Este espacio multifuncional tambi\u00e9n puede beneficiarse del color tendencia. Incl\u00fayelo a trav\u00e9s de un <strong>sof\u00e1 o sill\u00f3n pistacho<\/strong> para crear un punto focal en tu mobiliario o a\u00f1ade elementos decorativos que lo incluyan, como cojines o alfombras.<\/p>\n<p>Finalmente, si deseas crear profundidad en alguna de las zonas de tu sal\u00f3n, <strong>prueba pintando una pared de este color<\/strong> o a\u00f1ade alg\u00fan mueble grande, como una estanter\u00eda, para decorar perfectamente utilizando esta tonalidad. \u201cAs\u00ed, el pistacho se convierte en ese toque de frescura que renueva y armoniza tu casa\u201d, sugiere Carolina.<\/p>\n<p>&#13;<img decoding=\"async\" src=\"https:\/\/www.europesays.com\/es\/wp-content\/uploads\/2025\/09\/511429-codigos-pantone_0ebfcf22_600x600.jpg\" alt=\"511429 codigos pantone\" class=\"image lazyload\"\/><\/p>\n<p class=\"epigraph\">PINTURA<\/p>\n<p><a href=\"https:\/\/www.elmueble.com\/estancias\/paleta-colores-para-pintar-tu-salon-trios-y-combinaciones-que-triunfan-decoracion_40691\" rel=\"nofollow noopener\" target=\"_blank\">Paleta de colores para pintar tu sal\u00f3n: tr\u00edos y combinaciones para triunfar en decoraci\u00f3n<\/a><\/p>\n<p class=\"author-title\">Ar\u00e1nzazu D\u00edaz Huerta, Isabel Lav\u00edn, Txell Huguet<\/p>\n<p>Si quieres renovar tu hogar con un color actual y vibrante, <strong>el pistacho puede ser tu aliado<\/strong>. Su tonalidad suave, con matices amarillos, evoca naturaleza, vitalidad y modernidad. \u00a1Pru\u00e9balo!<\/p>\n<p>Si te interesa estar al d\u00eda de todas las tendencias, <a href=\"https:\/\/www.elmueble.com\/newsletters\" rel=\"nofollow noopener\" target=\"_blank\">\u00a1suscr\u00edbete a nuestra newsletter!<\/a><br \/>\u00a0<\/p>\n<p> <script async src=\"\/\/www.instagram.com\/embed.js\"><\/script><\/p>\n","protected":false},"excerpt":{"rendered":"Cada temporada trae consigo una nueva paleta de colores y, actualmente, las tendencias lo confirman: \u201cel pistacho es&hellip;\n","protected":false},"author":2,"featured_media":111087,"comment_status":"","ping_status":"","sticky":false,"template":"","format":"standard","meta":{"footnotes":""},"categories":[173],"tags":[229,233,231,230,232,234,146,147,25,24,23],"class_list":{"0":"post-111086","1":"post","2":"type-post","3":"status-publish","4":"format-standard","5":"has-post-thumbnail","7":"category-arte-y-diseno","8":"tag-arte","9":"tag-arte-y-diseno","10":"tag-arts","11":"tag-arts-and-design","12":"tag-design","13":"tag-diseno","14":"tag-entertainment","15":"tag-entretenimiento","16":"tag-es","17":"tag-espana","18":"tag-spain"},"share_on_mastodon":{"url":"","error":""},"_links":{"self":[{"href":"https:\/\/www.europesays.com\/es\/wp-json\/wp\/v2\/posts\/111086","targetHints":{"allow":["GET"]}}],"collection":[{"href":"https:\/\/www.europesays.com\/es\/wp-json\/wp\/v2\/posts"}],"about":[{"href":"https:\/\/www.europesays.com\/es\/wp-json\/wp\/v2\/types\/post"}],"author":[{"embeddable":true,"href":"https:\/\/www.europesays.com\/es\/wp-json\/wp\/v2\/users\/2"}],"replies":[{"embeddable":true,"href":"https:\/\/www.europesays.com\/es\/wp-json\/wp\/v2\/comments?post=111086"}],"version-history":[{"count":0,"href":"https:\/\/www.europesays.com\/es\/wp-json\/wp\/v2\/posts\/111086\/revisions"}],"wp:featuredmedia":[{"embeddable":true,"href":"https:\/\/www.europesays.com\/es\/wp-json\/wp\/v2\/media\/111087"}],"wp:attachment":[{"href":"https:\/\/www.europesays.com\/es\/wp-json\/wp\/v2\/media?parent=111086"}],"wp:term":[{"taxonomy":"category","embeddable":true,"href":"https:\/\/www.europesays.com\/es\/wp-json\/wp\/v2\/categories?post=111086"},{"taxonomy":"post_tag","embeddable":true,"href":"https:\/\/www.europesays.com\/es\/wp-json\/wp\/v2\/tags?post=111086"}],"curies":[{"name":"wp","href":"https:\/\/api.w.org\/{rel}","templated":true}]}}