{"id":111088,"date":"2025-09-12T23:05:09","date_gmt":"2025-09-12T23:05:09","guid":{"rendered":"https:\/\/www.europesays.com\/es\/111088\/"},"modified":"2025-09-12T23:05:09","modified_gmt":"2025-09-12T23:05:09","slug":"las-librerias-resisten-la-adiccion-a-las-pantallas-en-cataluna","status":"publish","type":"post","link":"https:\/\/www.europesays.com\/es\/111088\/","title":{"rendered":"Las librer\u00edas resisten la &#8216;adicci\u00f3n&#8217; a las pantallas en Catalu\u00f1a"},"content":{"rendered":"<p>En pleno debate sobre la lectura (o la falta de ella) y las pantallas (o el abuso de ellas), los libreros pueden consolarse con sus <b>buenas cifras de ventas en Catalu\u00f1a<\/b>. Seg\u00fan datos recopilados por GfK en su informe NIQ BookData, compartidos en el d\u00e9cimo Forum Edita celebrado esta semana en Barcelona, la facturaci\u00f3n de las librer\u00edas independientes en el primer semestre de 2025 alcanz\u00f3 los 70 millones de euros, un 19,4% m\u00e1s que en el mismo periodo de 2021 [ver gr\u00e1fico].<\/p>\n<p>Seg\u00fan la estimaci\u00f3n de la consultora, las tiendas incluso aumentaron ligeramente su cuota de mercado hasta el 56%, un punto m\u00e1s que en el primer semestre del a\u00f1o precedente. Esta porci\u00f3n del pastel aventaja a los grandes almacenes y cadenas (41%) y los hipermercados, que tienen una cuota residual del 2%.<\/p>\n<p>\u00abPese a Internet, las librer\u00edas se han ido recuperando hasta llegar a una situaci\u00f3n de crecimiento en facturaci\u00f3n. Son buenas noticias porque somos conscientes de d\u00f3nde venimos\u00bb, manifest\u00f3 Ignacio L\u00f3pez, jefe de inteligencia de mercados de GfK. Hay que tener en cuenta que el mercado del libro en Catalu\u00f1a representa un 21,2% del total a escala nacional, solo por detr\u00e1s de Madrid (21,8%).<\/p>\n<p>De hecho, la autonom\u00eda agiganta los ingresos de toda la industria en Espa\u00f1a gracias a Sant Jordi, que no solamente supone un aumento extraordinario de caja cada 23 de abril, sino que tambi\u00e9n alimenta el negocio de los establecimientos en los d\u00edas previos y posteriores a la jornada del libro y la rosa. Tan solo las ventas de vol\u00famenes por Navidad y los Reyes Magos suponen un pico similar.<\/p>\n<p>En 2025, <b>los resultados de Sant Jordi fueron \u00abhist\u00f3ricos\u00bb<\/b>. \u00abSe recaudaron casi 50 millones de euros, un 6% m\u00e1s que en 2024 y un r\u00e9cord en los \u00faltimos 10 a\u00f1os\u00bb, detall\u00f3 el experto. Los ejemplares comercializados subieron un 5,7% y, adem\u00e1s, las librer\u00edas concentraron el 70% de las ventas.<\/p>\n<p>Primeros lectores<\/p>\n<p>En buena medida, la vitalidad del mercado del libro en Catalu\u00f1a, al igual que en el conjunto de Espa\u00f1a, se debe al aumento de primeros lectores. Esto es, de ni\u00f1os y adolescentes que se aficionan a pasar p\u00e1ginas. Entre enero y junio de 2025, se ha registrado un aumento de las <b>categor\u00edas de ficci\u00f3n e infantil-juvenil<\/b>, con crecimientos del 8,1% y 9,2%, respectivamente, mientras que en no ficci\u00f3n se ha producido un descenso del 2,8%.<\/p>\n<p>Supone un hecho relevante por cuanto el sector sigue con atenci\u00f3n (y cierta preocupaci\u00f3n) los <b>crecientes h\u00e1bitos de conexi\u00f3n digital<\/b>. En 2020, se produjo un boom del consumo de pantallas (ordenador, m\u00f3vil, televisi\u00f3n inteligente) como consecuencia del confinamiento impuesto por la pandemia. Si bien es cierto que la media de minutos consumidos por persona y d\u00eda cay\u00f3 en picado al a\u00f1o siguiente, a partir de 2021 se ha ido recuperando hasta alcanzar los mismos niveles que en el a\u00f1o del Covid.<\/p>\n<p>De esta forma, hoy el consumo digital se sit\u00faa en 3 horas y 26 minutos por persona (casi lo mismo que en 2020, cuando se contabiliz\u00f3 un promedio de 3 horas y 28 minutos).<\/p>\n<p>L\u00f3pez rest\u00f3 gravedad a esta m\u00e9trica al considerar que <b>el ecosistema digital puede actuar como \u00abcooperador\u00bb y no solo \u00abcompetidor\u00bb <\/b>con la lectura. Adujo que un 33,8% de la poblaci\u00f3n internauta la usa para consultar asuntos relacionados con sus autores favoritos y novedades editoriales.<\/p>\n<p>                            <img decoding=\"async\" src=\"https:\/\/www.europesays.com\/es\/wp-content\/uploads\/2025\/09\/770x_100925_mapa_libros_CATweb.gif\" loading=\"lazy\"\/><\/p>\n<p>\u00abExcepci\u00f3n ib\u00e9rica\u00bb<\/p>\n<p>Respecto a los datos nacionales, L\u00f3pez inform\u00f3 que el mercado editorial espa\u00f1ol creci\u00f3 un 4% durante el primer semestre de 2025, en comparaci\u00f3n con el mismo periodo del a\u00f1o anterior, y estim\u00f3 que a final del ejercicio lo har\u00e1 entre un 3,7% y 4,7%, hasta rebasar los 1.200 millones de euros en facturaci\u00f3n. Adem\u00e1s, explic\u00f3 que este avance del 4% se suma en Europa al de Portugal, con un 9%, configurando una<b> \u00abexcepci\u00f3n ib\u00e9rica\u00bb<\/b>, ya que <b>otros pa\u00edses del continente se mantienen estables o bajan ligeramente<\/b>.<\/p>\n<p>En este contexto, <b>Patrici Tixis<\/b>, presidente del Gremio de Editores de Catalu\u00f1a y codirector del Forum Edita, identifica como uno de los principales retos de la industria \u00abganar nuevos lectores\u00bb. \u00abEs uno de los retos cl\u00e1sicos\u00bb, se\u00f1ala en declaraciones a elEconomista.es. \u00abCreo que todav\u00eda tenemos un recorrido importante entre la poblaci\u00f3n. En este punto, los planes educativos para introducir la lectura en las escuelas deber\u00edan gestionarse de forma m\u00e1s eficiente\u00bb, apunta.<\/p>\n<p>\u00abOtro de los retos es la inteligencia artificial. Por un lado, su uso en beneficio de la gesti\u00f3n de todos los procesos productivos del mundo editorial, que son muy complejos ya que tenemos una gran diversidad de t\u00edtulos en el mercado. Para este ejercicio debemos apoyarnos en las nuevas tecnolog\u00edas. <b>Pero la IA tambi\u00e9n supone un reto para la propiedad intelectual. <\/b>Las grandes plataformas est\u00e1n utilizando de manera ilegal los contenidos para beneficiarse de un esfuerzo que han hecho otros y que no est\u00e1n remunerados\u00bb, explica.<\/p>\n<p>\u00abDesde la pandemia, el libro se ha convertido en un elemento que est\u00e1 cada vez m\u00e1s presente en la conversaci\u00f3n social. Los editores <b>somos grandes proveedores de historias <\/b>para el resto de la industria del entretenimiento. Debemos conseguir que haya un inter\u00e9s global por la cultura y por el mundo del libro\u00bb, concluye Tixis.<\/p>\n<p>WhatsApp<a href=\"https:\/\/api.whatsapp.com\/send?text=https:\/\/www.eleconomista.es\/retail-consumo\/noticias\/13537439\/09\/25\/las-librerias-resisten-la-adiccion-a-las-pantallas-en-cataluna.html?utm_source%3Dwhatsapp%26utm_medium%3Dshare_button&amp;id=1648118629957_whatsapp\" target=\"_blank\" data-action=\"share\/whatsapp\/share\" aria-label=\"Compartir en Whatsapp\" rel=\"nofollow noopener\"><\/a>Facebook<a id=\"fb-share\" href=\"#\" target=\"_blank\" rel=\"noopener noreferrer\" aria-label=\"Compartir en Facebook\"><\/a>Twitter<a href=\"https:\/\/twitter.com\/share?text=Las+librer%C3%ADas+resisten+la+%27adicci%C3%B3n%27+a+las+pantallas+en+Catalu%C3%B1a&amp;url=https:\/\/www.eleconomista.es\/retail-consumo\/noticias\/13537439\/09\/25\/las-librerias-resisten-la-adiccion-a-las-pantallas-en-cataluna.html&amp;via=elEconomistaes&amp;id=1648118839245_twitter\" target=\"_blank\" aria-label=\"Compartir en Twitter\" rel=\"nofollow noopener\"><\/a>Linkedin<a href=\"https:\/\/linkedin.com\/share?text=https:\/\/www.eleconomista.es\/retail-consumo\/noticias\/13537439\/09\/25\/las-librerias-resisten-la-adiccion-a-las-pantallas-en-cataluna.html&amp;via=elEconomistaes\" target=\"_blank\" aria-label=\"Compartir en linkedin\" rel=\"nofollow noopener\"><\/a>Beloud<a href=\"https:\/\/beloud.com\/share?text=Las+librer%C3%ADas+resisten+la+%27adicci%C3%B3n%27+a+las+pantallas+en+Catalu%C3%B1a&amp;url=https:\/\/www.eleconomista.es\/retail-consumo\/noticias\/13537439\/09\/25\/las-librerias-resisten-la-adiccion-a-las-pantallas-en-cataluna.html&amp;via=elEconomistaes&amp;id=1648118839245_beloud\" target=\"_blank\" aria-label=\"Compartir en beloud\" rel=\"nofollow noopener\"><\/a>Bluesky<a href=\"https:\/\/bsky.app\/intent\/compose?text=https:\/\/bsky.app\/intent\/compose?text=https:\/\/www.eleconomista.es\/retail-consumo\/noticias\/13537439\/09\/25\/las-librerias-resisten-la-adiccion-a-las-pantallas-en-cataluna.html&amp;url=https:\/\/www.eleconomista.es\/retail-consumo\/noticias\/13537439\/09\/25\/las-librerias-resisten-la-adiccion-a-las-pantallas-en-cataluna.html&amp;via=elEconomistaes&amp;id=1648118839245_bluesky\" target=\"_blank\" aria-label=\"Compartir en bluesky\" rel=\"nofollow noopener\"><\/a><\/p>\n<p><script async src=\"https:\/\/platform.twitter.com\/widgets.js\" charset=\"utf-8\"><\/script><\/p>\n","protected":false},"excerpt":{"rendered":"En pleno debate sobre la lectura (o la falta de ella) y las pantallas (o el abuso de&hellip;\n","protected":false},"author":2,"featured_media":111089,"comment_status":"","ping_status":"","sticky":false,"template":"","format":"standard","meta":{"footnotes":""},"categories":[172],"tags":[224,146,147,25,24,225,11416,23],"class_list":{"0":"post-111088","1":"post","2":"type-post","3":"status-publish","4":"format-standard","5":"has-post-thumbnail","7":"category-libros","8":"tag-books","9":"tag-entertainment","10":"tag-entretenimiento","11":"tag-es","12":"tag-espana","13":"tag-libros","14":"tag-retail-consumo","15":"tag-spain"},"share_on_mastodon":{"url":"","error":""},"_links":{"self":[{"href":"https:\/\/www.europesays.com\/es\/wp-json\/wp\/v2\/posts\/111088","targetHints":{"allow":["GET"]}}],"collection":[{"href":"https:\/\/www.europesays.com\/es\/wp-json\/wp\/v2\/posts"}],"about":[{"href":"https:\/\/www.europesays.com\/es\/wp-json\/wp\/v2\/types\/post"}],"author":[{"embeddable":true,"href":"https:\/\/www.europesays.com\/es\/wp-json\/wp\/v2\/users\/2"}],"replies":[{"embeddable":true,"href":"https:\/\/www.europesays.com\/es\/wp-json\/wp\/v2\/comments?post=111088"}],"version-history":[{"count":0,"href":"https:\/\/www.europesays.com\/es\/wp-json\/wp\/v2\/posts\/111088\/revisions"}],"wp:featuredmedia":[{"embeddable":true,"href":"https:\/\/www.europesays.com\/es\/wp-json\/wp\/v2\/media\/111089"}],"wp:attachment":[{"href":"https:\/\/www.europesays.com\/es\/wp-json\/wp\/v2\/media?parent=111088"}],"wp:term":[{"taxonomy":"category","embeddable":true,"href":"https:\/\/www.europesays.com\/es\/wp-json\/wp\/v2\/categories?post=111088"},{"taxonomy":"post_tag","embeddable":true,"href":"https:\/\/www.europesays.com\/es\/wp-json\/wp\/v2\/tags?post=111088"}],"curies":[{"name":"wp","href":"https:\/\/api.w.org\/{rel}","templated":true}]}}