{"id":111098,"date":"2025-09-12T23:11:30","date_gmt":"2025-09-12T23:11:30","guid":{"rendered":"https:\/\/www.europesays.com\/es\/111098\/"},"modified":"2025-09-12T23:11:30","modified_gmt":"2025-09-12T23:11:30","slug":"operacion-triunfo-2025-revela-sus-18-concursantes-y-la-polemica-esta-servida","status":"publish","type":"post","link":"https:\/\/www.europesays.com\/es\/111098\/","title":{"rendered":"&#8216;Operaci\u00f3n Triunfo 2025&#8217; revela sus 18 concursantes y la pol\u00e9mica est\u00e1 servida"},"content":{"rendered":"<p id=\"eVPufiekqG\" data-wc=\"74\"><strong>Operaci\u00f3n Triunfo ha presentado a sus 18 concursantes<\/strong>, eso s\u00ed, no son los definitivos. Durante la Gala 0, que se emite el lunes 15 de septiembre, dos de los aspirantes ser\u00e1n eliminados, por lo que<strong>\u00a0solo 16 convivir\u00e1n en la Academia\u00a0<\/strong>para intentar alzarse con el t\u00edtulo de ganador de la edici\u00f3n 2025. Una temporada que, de nuevo, estar\u00e1 presentada por Chenoa, y se podr\u00eda seguir por Prime Video, adem\u00e1s contar\u00e1 con numerosas novedades.\u00a0<\/p>\n<p>  <img src=\"https:\/\/www.europesays.com\/es\/wp-content\/uploads\/2025\/09\/ae6c128cf25e-ot1.jpg\"   width=\"768\" height=\"1024\" loading=\"lazy\" decoding=\"async\" alt=\"Quique, concursante de OT 2025\" fetchpriority=\"auto\" class=\"image ho-image\"\/>\u00a9 OT2025<\/p>\n<p>  <img src=\"https:\/\/www.europesays.com\/es\/wp-content\/uploads\/2025\/09\/3e93e85dda07-ot2.jpg\"   width=\"768\" height=\"1024\" loading=\"lazy\" decoding=\"async\" alt=\"Cristina, concursante de OT 2025\" fetchpriority=\"auto\" class=\"image ho-image\"\/>\u00a9 OT2025<\/p>\n<p id=\"e6JBn8k7Mh\" data-wc=\"65\"><strong>Olivia, Guillo Rist, Salma de Diego, Mart\u00edn &#8216;Tinho&#8217;, Claudia Arenas, Sam, Mar\u00eda Cruz, Max, Luc\u00eda Casani, Guille Toledano, Teyou, Javi Crespo, Laura Mu\u00f1oz, Carlos, Judit, Iv\u00e1n Rojo, Cristina y Quique<\/strong> son los elegidos por Noem\u00ed Galera y el resto del equipo durante los castings por toda Espa\u00f1a para participar en una primera gala, que se ha anunciado que ser\u00e1 m\u00e1s larga pero tambi\u00e9n m\u00e1s din\u00e1mica.\u00a0<\/p>\n<p>  <img src=\"https:\/\/www.europesays.com\/es\/wp-content\/uploads\/2025\/09\/116463ebf526-ot3.jpg\"   width=\"768\" height=\"1024\" loading=\"lazy\" decoding=\"async\" alt=\"Iv\u00e1n Rojo, concursante de OT 2025\" fetchpriority=\"auto\" class=\"image ho-image\"\/>\u00a9 OT2025<\/p>\n<p>  <img src=\"https:\/\/www.europesays.com\/es\/wp-content\/uploads\/2025\/09\/d810e8e8e34d-ot4.jpg\"   width=\"768\" height=\"1024\" loading=\"lazy\" decoding=\"async\" alt=\"judit, concusante de OT 2025\" fetchpriority=\"auto\" class=\"image ho-image\"\/>\u00a9 OT2025<\/p>\n<p>  <img src=\"https:\/\/www.europesays.com\/es\/wp-content\/uploads\/2025\/09\/597164a98d38-ot5.jpg\"   width=\"768\" height=\"1024\" loading=\"lazy\" decoding=\"async\" alt=\"Carlos, concursante de OT 2025\" fetchpriority=\"auto\" class=\"image ho-image\"\/>\u00a9 OT2025<\/p>\n<p id=\"ecU9sMx7SeZ\" data-wc=\"58\">Durante la presentaci\u00f3n en Prime Video de los nuevos &#8216;triunfitos&#8217;, ha habido varias sorpresas. La primera,<strong>\u00a0dos de los 18 elegidos en total, se quedar\u00e1n fuera t<\/strong>ras la gala 0 del programa, se quedar\u00e1n a las puertas de poder vivir en la Academia esta experiencia \u00fanica. La segunda, dos nombres entre los elegidos que han sonado con fuerza.\u00a0<\/p>\n<p>\u00bfConcursantes pol\u00e9micos?<\/p>\n<p id=\"eXjr2IXjOS\" data-wc=\"64\">Dos nombres ya conocidos han sido seleccionados entre los primeros clasificados. Por un lado,<strong>\u00a0Javi Crespo<\/strong>, al que muchos recuerdos tras<strong>\u00a0ganar &#8216;La Voz&#8217; en 2022<\/strong>. El cantante form\u00f3 parte del equipo de Antonio Orozco y ya hab\u00eda sido una de las caras visibles en la edici\u00f3n infantil del mismo\u00a0talent. Por lo que ya cuenta con experiencia en el mundo de la televisi\u00f3n<\/p>\n<p>  <img src=\"https:\/\/www.europesays.com\/es\/wp-content\/uploads\/2025\/09\/23646c919502-ot7.jpg\"   width=\"768\" height=\"1024\" loading=\"lazy\" decoding=\"async\" alt=\"Javi Crespo, concursante de OT 2025\" fetchpriority=\"auto\" class=\"image ho-image\"\/>\u00a9 OT2025<\/p>\n<p>  <img src=\"https:\/\/www.europesays.com\/es\/wp-content\/uploads\/2025\/09\/ef8cee9f4466-ot18.jpg\"   width=\"768\" height=\"1024\" loading=\"lazy\" decoding=\"async\" alt=\"Olivia, concursante de OT 2025\" fetchpriority=\"auto\" class=\"image ho-image\"\/>\u00a9 OT2025<\/p>\n<p id=\"eCaV5O9FxL\" data-wc=\"129\">Por otro lado,<strong>\u00a0Olivia<\/strong> es otro de los rostros que no han sido nuevos para los seguidores de OT. En esta ocasi\u00f3n, no por su pasado televisivo, sino porque lleva desde hace semanas en el foco medi\u00e1tico. Tras filtrarse alguno de los concursantes del espacio que conducir\u00e1 Chenoa, el suyo fue el m\u00e1s pol\u00e9mico. En redes pronto se avis\u00f3 de que <strong>el programa la hab\u00eda expulsado por haber anunciado en sus redes sociales antes de tiempo que era una de las elegidas para e<\/strong><strong>l talent<\/strong>. Ahora, una semana despu\u00e9s, se ha revelado que ese perfil era falso y que es una de las aspirantes a las que podremos seguir la pista durante los pr\u00f3ximos meses. Cabe recordar, que la \u00faltima gala del programa tendr\u00e1 lugar el 15 de diciembre.<\/p>\n<p>Su d\u00eda a d\u00eda en la Academia<\/p>\n<p id=\"e0E37m4Zi5\" data-wc=\"75\">Se han anunciado novedades en el curso de la gala y de los programas diarios, que se podr\u00e1n seguir en Prime Video y tambi\u00e9n en el canal de Youtube del programa. Por un lado, \u00a0los programas presentados por la exconcursante de la primera edici\u00f3n de OT, Chenoa, cambian su formato. Ahora ser\u00e1n m\u00e1s \u00e1giles y<strong>\u00a0los profesores participar\u00e1n desde la Academia para valorar y salvar a los aspirantes.<\/strong> En el plat\u00f3 solo estar\u00e1 el jurado.\u00a0<\/p>\n<p>  <img src=\"https:\/\/www.europesays.com\/es\/wp-content\/uploads\/2025\/09\/b6feb194e5cc-ot6.jpg\"   width=\"768\" height=\"1024\" loading=\"lazy\" decoding=\"async\" alt=\"Laura, concusante de OT 2025\" fetchpriority=\"auto\" class=\"image ho-image\"\/>\u00a9 OT2025<\/p>\n<p>  <img src=\"https:\/\/www.europesays.com\/es\/wp-content\/uploads\/2025\/09\/99859513569b-ot9.jpg\"   width=\"768\" height=\"1024\" loading=\"lazy\" decoding=\"async\" alt=\"Guille Toledano, nuevo concursante de OT 2025\" fetchpriority=\"auto\" class=\"image ho-image\"\/>\u00a9 OT2025<\/p>\n<p>  <img src=\"https:\/\/www.europesays.com\/es\/wp-content\/uploads\/2025\/09\/aea88b161ad2-ot8.jpg\"   width=\"768\" height=\"1024\" loading=\"lazy\" decoding=\"async\" alt=\"Teyou, concursante de OT 2025\" fetchpriority=\"auto\" class=\"image ho-image\"\/>\u00a9 OT2025<\/p>\n<p id=\"e4tE-dqVGyi\" data-wc=\"68\">Adem\u00e1s, <strong>M\u00edriam Rodr\u00edguez,<\/strong> que tambi\u00e9n salto a la popularidad por su paso por el programa, vuelve a la Academia ocho a\u00f1os despu\u00e9s para presentar Conexi\u00f3n OT, un magazine diario que permitir\u00e1 a los fans estar m\u00e1s cerca que nunca de los concursantes, con <strong>entrevistas exclusivas y momentos \u00fanicos<\/strong> que no siempre se ver\u00e1n en el Canal 24h de YouTube. Cada d\u00eda de la semana tendr\u00e1 un enfoque distinto.<\/p>\n<p>  <img src=\"https:\/\/www.europesays.com\/es\/wp-content\/uploads\/2025\/09\/802d7f62eeac-ot10.jpg\"   width=\"768\" height=\"1024\" loading=\"lazy\" decoding=\"async\" alt=\"Luc\u00eda Casani, nueva concursante de OT 2025\" fetchpriority=\"auto\" class=\"image ho-image\"\/>\u00a9 OT2025<\/p>\n<p>  <img src=\"https:\/\/www.europesays.com\/es\/wp-content\/uploads\/2025\/09\/14807dc7c110-ot11.jpg\"   width=\"768\" height=\"1024\" loading=\"lazy\" decoding=\"async\" alt=\"Max, nuevo concursante de OT 2025\" fetchpriority=\"auto\" class=\"image ho-image\"\/>\u00a9 OT2025<\/p>\n<p>  <img src=\"https:\/\/www.europesays.com\/es\/wp-content\/uploads\/2025\/09\/a0ff86dff2a4-ot12.jpg\"   width=\"768\" height=\"1024\" loading=\"lazy\" decoding=\"async\" alt=\"Mar\u00eda Cruz, nueva concursante de OT 2025\" fetchpriority=\"auto\" class=\"image ho-image\"\/>\u00a9 OT2025<\/p>\n<p id=\"eHpC21Rz00u\" data-wc=\"29\">Los domingos, la plataforma emitir\u00e1 La Cara B, \u00a0un spin-off semanal que recopilar\u00e1 los momentos m\u00e1s divertidos, sorprendentes y curiosos de las galas, la Academia y el Canal 24h.<\/p>\n<p>  <img src=\"https:\/\/www.europesays.com\/es\/wp-content\/uploads\/2025\/09\/3f020d54be9c-ot13.jpg\"   width=\"768\" height=\"1024\" loading=\"lazy\" decoding=\"async\" alt=\"Sam, concursante de OT 2025\" fetchpriority=\"auto\" class=\"image ho-image\"\/>\u00a9 OT2025<\/p>\n<p>  <img src=\"https:\/\/www.europesays.com\/es\/wp-content\/uploads\/2025\/09\/5e596dc14772-ot16.jpg\"   width=\"768\" height=\"1024\" loading=\"lazy\" decoding=\"async\" alt=\"Salma, concursante de OT 2025\" fetchpriority=\"auto\" class=\"image ho-image\"\/>\u00a9 OT2025<\/p>\n<p>  <img src=\"https:\/\/www.europesays.com\/es\/wp-content\/uploads\/2025\/09\/2f7d9de4e0bf-ot17.jpg\"   width=\"768\" height=\"1024\" loading=\"lazy\" decoding=\"async\" alt=\"Guillo Rist, concursante de OT 2025\" fetchpriority=\"auto\" class=\"image ho-image\"\/>\u00a9 OT12025<\/p>\n<p id=\"eFi0goXoiz0K\" data-wc=\"61\">El jurado de esta edici\u00f3n estar\u00e1 formado por<strong>\u00a0Abraham Mateo<\/strong>, reconocido cantante, compositor y productor con una s\u00f3lida trayectoria internacional; <strong>Leire Mart\u00ednez,<\/strong> cantante, compositora y actriz con una exitosa carrera al frente de La Oreja de Van Gogh; <strong>Guille Milkyway<\/strong>, l\u00edder de La Casa Azul y productor musical; y <strong>Cris Regatero<\/strong>, periodista musical y locutora que repite de la edici\u00f3n anterior.<\/p>\n<p>  <img src=\"https:\/\/www.europesays.com\/es\/wp-content\/uploads\/2025\/09\/1e10b5ccffce-ot15.jpg\"   width=\"768\" height=\"1024\" loading=\"lazy\" decoding=\"async\" alt=\"Mart\u00edn Tinho, concursante de OT 2025\" fetchpriority=\"auto\" class=\"image ho-image\"\/>\u00a9 OT2025<\/p>\n<p>  <img src=\"https:\/\/www.europesays.com\/es\/wp-content\/uploads\/2025\/09\/6556d6016a65-0t14.jpg\"   width=\"768\" height=\"1024\" loading=\"lazy\" decoding=\"async\" alt=\"Claudia Arenas, concursante OT 2025\" fetchpriority=\"auto\" class=\"image ho-image\"\/>\u00a9 OT2025<\/p>\n<p id=\"eXkC6DgY6b5\" data-wc=\"83\">Operaci\u00f3n Triunfo\u00a02025 se estrenar\u00e1 el 15 de septiembre en exclusiva en Prime Video en Espa\u00f1a y en m\u00e1s de 30 pa\u00edses y territorios de Latinoam\u00e9rica. El talent show musical se centrar\u00e1 en los 16 concursantes definitivos que ingresar\u00e1n en la Academia para formarse y demostrar su talento como cantantes y artistas. Cada semana, en una gala con p\u00fablico en directo en Terrassa (Barcelona), deber\u00e1n competir y demostrar sus habilidades sobre el escenario. Un fen\u00f3meno nacional que contin\u00faa estando en boca de todos.\u00a0<\/p>\n","protected":false},"excerpt":{"rendered":"Operaci\u00f3n Triunfo ha presentado a sus 18 concursantes, eso s\u00ed, no son los definitivos. Durante la Gala 0,&hellip;\n","protected":false},"author":2,"featured_media":111099,"comment_status":"","ping_status":"","sticky":false,"template":"","format":"standard","meta":{"footnotes":""},"categories":[91],"tags":[517,146,147,25,24,222,23],"class_list":{"0":"post-111098","1":"post","2":"type-post","3":"status-publish","4":"format-standard","5":"has-post-thumbnail","7":"category-entretenimiento","8":"tag-actualidad","9":"tag-entertainment","10":"tag-entretenimiento","11":"tag-es","12":"tag-espana","13":"tag-operacion-triunfo","14":"tag-spain"},"share_on_mastodon":{"url":"","error":""},"_links":{"self":[{"href":"https:\/\/www.europesays.com\/es\/wp-json\/wp\/v2\/posts\/111098","targetHints":{"allow":["GET"]}}],"collection":[{"href":"https:\/\/www.europesays.com\/es\/wp-json\/wp\/v2\/posts"}],"about":[{"href":"https:\/\/www.europesays.com\/es\/wp-json\/wp\/v2\/types\/post"}],"author":[{"embeddable":true,"href":"https:\/\/www.europesays.com\/es\/wp-json\/wp\/v2\/users\/2"}],"replies":[{"embeddable":true,"href":"https:\/\/www.europesays.com\/es\/wp-json\/wp\/v2\/comments?post=111098"}],"version-history":[{"count":0,"href":"https:\/\/www.europesays.com\/es\/wp-json\/wp\/v2\/posts\/111098\/revisions"}],"wp:featuredmedia":[{"embeddable":true,"href":"https:\/\/www.europesays.com\/es\/wp-json\/wp\/v2\/media\/111099"}],"wp:attachment":[{"href":"https:\/\/www.europesays.com\/es\/wp-json\/wp\/v2\/media?parent=111098"}],"wp:term":[{"taxonomy":"category","embeddable":true,"href":"https:\/\/www.europesays.com\/es\/wp-json\/wp\/v2\/categories?post=111098"},{"taxonomy":"post_tag","embeddable":true,"href":"https:\/\/www.europesays.com\/es\/wp-json\/wp\/v2\/tags?post=111098"}],"curies":[{"name":"wp","href":"https:\/\/api.w.org\/{rel}","templated":true}]}}